{"id":15845,"date":"2022-02-04T19:33:15","date_gmt":"2022-02-04T18:33:15","guid":{"rendered":"https:\/\/www.thesignspeaking.com\/?p=15845"},"modified":"2022-02-10T16:43:12","modified_gmt":"2022-02-10T15:43:12","slug":"madrid-design-festival-2022","status":"publish","type":"post","link":"https:\/\/www.thesignspeaking.com\/it\/madrid-design-festival-2022\/","title":{"rendered":"MADRID DESIGN FESTIVAL 2022"},"content":{"rendered":"<span class=\"cb-itemprop\" itemprop=\"reviewBody\">\n<h4 class=\"wp-block-heading\">Mancano dieci giorni! La quinta edizione del Madrid Design Festival si terr\u00e0 dal 15 febbraio al 31 marzo nella capitale spagnola.<a href=\"https:\/\/www.thesignspeaking.com\/wp-admin\/edit.php?post_type=post\"><\/a><\/h4>\n\n\n\n<figure class=\"wp-block-embed is-type-video is-provider-youtube wp-block-embed-youtube wp-embed-aspect-16-9 wp-has-aspect-ratio\"><div class=\"wp-block-embed__wrapper\">\n<iframe title=\"Madrid Design Festival 2022\" width=\"1200\" height=\"675\" src=\"https:\/\/www.youtube.com\/embed\/4vNtVmdAlu0?feature=oembed\" frameborder=\"0\" allow=\"accelerometer; autoplay; clipboard-write; encrypted-media; gyroscope; picture-in-picture\" allowfullscreen><\/iframe>\n<\/div><\/figure>\n\n\n\n<p><\/p>\n\n\n\n<p>Il <strong><a href=\"https:\/\/www.lafabrica.com\/madriddesignfestival\/\" target=\"_blank\" rel=\"noreferrer noopener\">Madrid Design Festival<\/a><\/strong> festeggia i suoi primi cinque anni grazie al coinvolgimento delle principali istituzioni culturali della citt\u00e0 di Madrid; grandi marche legate al design, e naturalmente i principali attori del design nazionale e internazionale. Questo modello di collaborazione ha permesso al Madrid Design Festival di consolidarsi negli anni nel calendario culturale della Spagna e di essere inserito nei principali eventi di design in Europa.<\/p>\n\n\n\n<p>Il festival ha avuto, fin dalla sua nascita, la collaborazione di un comitato composto da esperti indipendenti, specialisti in diversi settori. Per la quinta edizione del Festival \u00e8 composto da Soledad Lorenzo, Carmen Bustos, Beatriz Gancedo, Marisa Santamar\u00eda, Daniel Garc\u00eda e Teresa Herrero.<\/p>\n\n\n\n<p>Il Madrid\u00a0\u00a0Design\u00a0\u00a0Festival organizza il\u00a0<strong><a href=\"https:\/\/www.lafabrica.com\/madriddesignfestival\/madrid-design-pro\/\" target=\"_blank\" rel=\"noreferrer noopener\">MadridDesignPRO<\/a><\/strong>\u00a0il 17, 18 e 19 febbraio 2022.\u00a0During these conferences, national and international professionals meet at the ILE (Instituto Libre de Ense\u00f1anza) with one goal: to redesign the world.\u00a0<\/p>\n\n\n\n<p>Il Madrid Design Festival presenta 41 mostre nelle principali istituzioni della capitale:<\/p>\n\n\n\n<p>il <strong><a href=\"https:\/\/www.teatrofernangomez.es\/\" target=\"_blank\" rel=\"noreferrer noopener\">Fern\u00e1n G\u00f3mez. Centro Cultural de la Villa<\/a><\/strong>, sede principale del festival, ospita quattro mostre: &#8220;Matador 25 years &#8220;, viaggio nel cuore di una rivista leggendaria, dove viene esposto l&#8217;ultimo orologio Swatch creato in esclusiva per la rivista basato sul lavoro di Luis Gordillo; &#8220;Connective Nature&#8221; di FINSA, sviluppato da Izaskun Chinchilla; &#8220;Inferencias&#8221;, collegamenti nel design contemporaneo della galleria <strong><a href=\"https:\/\/www.illacions.com\/\" target=\"_blank\" rel=\"noreferrer noopener\">il-lacions<\/a><\/strong> di Barcellona e, a chiudere il percorso, &#8220;Fiat Lux.3. Arquitectura de la luz&#8221;, una proposta immersiva di Simon creata dal designer Antoni Arola.<\/p>\n\n\n\n<div class=\"wp-block-image\"><figure class=\"aligncenter size-large\"><img decoding=\"async\" width=\"1024\" height=\"576\" src=\"https:\/\/www.thesignspeaking.com\/wp-content\/uploads\/2022\/02\/fiat-lux_hector-milla-2.jpg\" alt=\"\" class=\"wp-image-15846\" srcset=\"https:\/\/www.thesignspeaking.com\/wp-content\/uploads\/2022\/02\/fiat-lux_hector-milla-2.jpg 1024w, https:\/\/www.thesignspeaking.com\/wp-content\/uploads\/2022\/02\/fiat-lux_hector-milla-2-300x169.jpg 300w, https:\/\/www.thesignspeaking.com\/wp-content\/uploads\/2022\/02\/fiat-lux_hector-milla-2-768x432.jpg 768w\" sizes=\"(max-width: 1024px) 100vw, 1024px\" \/><figcaption>Fiat lux by Antoni Arola ph_Hector Milla<\/figcaption><\/figure><\/div>\n\n\n\n<p>Il Museo Nacional de Artes Decorativas, il Museo Cerralbo, il Museo Arqueol\u00f3gico Nacional, il Museo ICO, CentroCentro, CaixaForum Madrid, Centro de Arte de Alcobendas e il Museo del Romanticismo ospiteranno il resto delle mostre del festival.<\/p>\n\n\n\n<p>Inoltre, Mazda, Saco e The Sibarist proporranno un viaggio sensoriale attraverso l&#8217;artigianato di pregio vissuto ciascuno a casa propria.<\/p>\n\n\n\n<p>E pi\u00f9 di 200 attivit\u00e0, 7 installazioni e la partecipazione di 637 professionisti.<\/p>\n\n\n\n<p>Per avere un idea del programma consultare il sito: <a href=\"https:\/\/www.lafabrica.com\/madriddesignfestival\/programa\/\" target=\"_blank\" rel=\"noreferrer noopener\">https:\/\/www.lafabrica.com\/madriddesignfestival\/programa\/<\/a><\/p>\n<\/span>","protected":false},"excerpt":{"rendered":"<p>Mancano dieci giorni! La quinta edizione del Madrid Design Festival si terr\u00e0 dal 15 febbraio al 31 marzo nella capitale spagnola. Il Madrid Design Festival festeggia i suoi primi cinque anni grazie al coinvolgimento delle principali istituzioni culturali della citt\u00e0 di Madrid; grandi marche legate al design, e naturalmente i principali attori del design nazionale [&hellip;]<\/p>\n","protected":false},"author":4,"featured_media":15846,"comment_status":"open","ping_status":"open","sticky":false,"template":"","format":"standard","meta":[],"categories":[11],"tags":[27,640,641,2055],"_links":{"self":[{"href":"https:\/\/www.thesignspeaking.com\/it\/wp-json\/wp\/v2\/posts\/15845"}],"collection":[{"href":"https:\/\/www.thesignspeaking.com\/it\/wp-json\/wp\/v2\/posts"}],"about":[{"href":"https:\/\/www.thesignspeaking.com\/it\/wp-json\/wp\/v2\/types\/post"}],"author":[{"embeddable":true,"href":"https:\/\/www.thesignspeaking.com\/it\/wp-json\/wp\/v2\/users\/4"}],"replies":[{"embeddable":true,"href":"https:\/\/www.thesignspeaking.com\/it\/wp-json\/wp\/v2\/comments?post=15845"}],"version-history":[{"count":8,"href":"https:\/\/www.thesignspeaking.com\/it\/wp-json\/wp\/v2\/posts\/15845\/revisions"}],"predecessor-version":[{"id":15906,"href":"https:\/\/www.thesignspeaking.com\/it\/wp-json\/wp\/v2\/posts\/15845\/revisions\/15906"}],"wp:featuredmedia":[{"embeddable":true,"href":"https:\/\/www.thesignspeaking.com\/it\/wp-json\/wp\/v2\/media\/15846"}],"wp:attachment":[{"href":"https:\/\/www.thesignspeaking.com\/it\/wp-json\/wp\/v2\/media?parent=15845"}],"wp:term":[{"taxonomy":"category","embeddable":true,"href":"https:\/\/www.thesignspeaking.com\/it\/wp-json\/wp\/v2\/categories?post=15845"},{"taxonomy":"post_tag","embeddable":true,"href":"https:\/\/www.thesignspeaking.com\/it\/wp-json\/wp\/v2\/tags?post=15845"}],"curies":[{"name":"wp","href":"https:\/\/api.w.org\/{rel}","templated":true}]}}