{"id":1588,"date":"2017-06-16T16:49:27","date_gmt":"2017-06-16T16:49:27","guid":{"rendered":"http:\/\/thesignspeaking.com\/2018\/02\/02\/krea-different-views-in-creative-processes-an-exhibit-for-bdw17\/"},"modified":"2018-06-02T14:16:07","modified_gmt":"2018-06-02T12:16:07","slug":"krea-different-views-in-creative-processes-an-exhibit-for-bdw17","status":"publish","type":"post","link":"https:\/\/www.thesignspeaking.com\/it\/krea-different-views-in-creative-processes-an-exhibit-for-bdw17\/","title":{"rendered":"&#039;Krea. Different views in creative processes&#039;, an exhibit for BDW17"},"content":{"rendered":"<span class=\"cb-itemprop\" itemprop=\"reviewBody\"><p>La\u00a0<b><a href=\"https:\/\/barcelonadesignweek.com\/en\/#\/\" target=\"\">Barcelona Design Week 2017<\/a>\u00a0<\/b>\u00e8 finita, ma si pu\u00f2 ancora visitare la mostra &#8216;Krea. Different views in creative processes&#8217; fino al 31 agosto ed anche partecipare ai workshops fino al 13 luglio!<\/p>\n<p>Nell&#8217;ambito della responsabilit\u00e0 sociale \u00e8 comune per le aziende e le istituzioni considerare l&#8217;integrazione di persone con diverse abilit\u00e0 o problemi. Normalmente il lavoro viene adattato alle loro capacit\u00e0 con una funzione integrante che genera un chiaro ritorno per il lavoratore, l&#8217;azienda e la societ\u00e0, anche se spesso \u00e8 dubbio se questi compiti siano uno stimolo e una sfida creativa per la persona. La mostra mostra un aspetto molto specifico dell&#8217;integrazione; mira ad esplorare il contributo di diversi punti di vista nei processi creativi. La disabilit\u00e0 o la marginalizzazione sono fattori che spesso favoriscono lo sviluppo di abilit\u00e0 speciali, che non sono comuni a persone non interessate.<\/p>\n<p>Nel contesto della creativit\u00e0 esistono diversi miti che confermano l&#8217;interesse per ci\u00f2 che \u00e8 diverso: l&#8217;idea del genio come persona brillante con una specifica abilit\u00e0 ma molto limitata in certi altri aspetti della vita, o che la creativit\u00e0 implica un punto di vista originale e diverso. La disabilit\u00e0 e la marginalizzazione non eliminano la capacit\u00e0 creativa, ma in molti casi lo intensificano in aspetti legati alle limitazioni che caratterizzano ogni situazione personale.<\/p>\n<p>La mostra &#8220;Krea. Diversi punti di vista nei processi creativi&#8221; esplora il valore differenziale della creativit\u00e0 di gruppi a rischio di esclusione sociale, derivanti da una malattia o da una situazione personale specifica. Non si tratta di generosit\u00e0 o carit\u00e0, ma piuttosto un genuino interesse per il valore della creativit\u00e0 da situazioni e esperienze uniche. &#8220;Art brut&#8221; \u00e8 una delle espressioni pi\u00f9 conosciute e diffuse di questo tipo di creativit\u00e0, ma siamo anche interessati a guardare oltre e ad indagare come questa creativit\u00e0 viene applicata e sviluppata in una vasta gamma di progetti.<\/p>\n<p>Saranno presentati undici casi appartenenti a situazioni e gruppi molto diversi, processi creativi che includono persone con disabilit\u00e0 fisiche o mentali, persone senza tetto, persone provenienti da altri paesi e che hanno incontrato precariet\u00e0 ed emarginazione o persone che hanno sperimentato diverse situazioni di sfruttamento.<\/p>\n<p><a href=\"https:\/\/barcelonadesignweek.com\/en\/programme\/220\/\" target=\"\">https:\/\/barcelonadesignweek.com\/en\/programme\/220\/<\/a><img decoding=\"async\" class=\"alignnone size-full wp-image-7933\" src=\"http:\/\/www.thesignspeaking.com\/wp-content\/uploads\/2017\/06\/expo_krea_web.jpg\" alt=\"\" width=\"930\" height=\"620\" srcset=\"https:\/\/www.thesignspeaking.com\/wp-content\/uploads\/2017\/06\/expo_krea_web.jpg 930w, https:\/\/www.thesignspeaking.com\/wp-content\/uploads\/2017\/06\/expo_krea_web-300x200.jpg 300w, https:\/\/www.thesignspeaking.com\/wp-content\/uploads\/2017\/06\/expo_krea_web-768x512.jpg 768w, https:\/\/www.thesignspeaking.com\/wp-content\/uploads\/2017\/06\/expo_krea_web-360x240.jpg 360w\" sizes=\"(max-width: 930px) 100vw, 930px\" \/><\/p>\n<\/span>","protected":false},"excerpt":{"rendered":"<p>The Barcelona Design Week 2017 is over, but the exhibition is open until August 31st<\/p>\n","protected":false},"author":3,"featured_media":7933,"comment_status":"open","ping_status":"open","sticky":false,"template":"","format":"standard","meta":[],"categories":[11],"tags":[],"_links":{"self":[{"href":"https:\/\/www.thesignspeaking.com\/it\/wp-json\/wp\/v2\/posts\/1588"}],"collection":[{"href":"https:\/\/www.thesignspeaking.com\/it\/wp-json\/wp\/v2\/posts"}],"about":[{"href":"https:\/\/www.thesignspeaking.com\/it\/wp-json\/wp\/v2\/types\/post"}],"author":[{"embeddable":true,"href":"https:\/\/www.thesignspeaking.com\/it\/wp-json\/wp\/v2\/users\/3"}],"replies":[{"embeddable":true,"href":"https:\/\/www.thesignspeaking.com\/it\/wp-json\/wp\/v2\/comments?post=1588"}],"version-history":[{"count":0,"href":"https:\/\/www.thesignspeaking.com\/it\/wp-json\/wp\/v2\/posts\/1588\/revisions"}],"wp:featuredmedia":[{"embeddable":true,"href":"https:\/\/www.thesignspeaking.com\/it\/wp-json\/wp\/v2\/media\/7933"}],"wp:attachment":[{"href":"https:\/\/www.thesignspeaking.com\/it\/wp-json\/wp\/v2\/media?parent=1588"}],"wp:term":[{"taxonomy":"category","embeddable":true,"href":"https:\/\/www.thesignspeaking.com\/it\/wp-json\/wp\/v2\/categories?post=1588"},{"taxonomy":"post_tag","embeddable":true,"href":"https:\/\/www.thesignspeaking.com\/it\/wp-json\/wp\/v2\/tags?post=1588"}],"curies":[{"name":"wp","href":"https:\/\/api.w.org\/{rel}","templated":true}]}}