{"id":15888,"date":"2022-02-10T15:10:09","date_gmt":"2022-02-10T14:10:09","guid":{"rendered":"https:\/\/www.thesignspeaking.com\/?p=15888"},"modified":"2022-02-10T16:46:51","modified_gmt":"2022-02-10T15:46:51","slug":"future-city-for-the-longest-living-society-in-history","status":"publish","type":"post","link":"https:\/\/www.thesignspeaking.com\/it\/future-city-for-the-longest-living-society-in-history\/","title":{"rendered":"LA CITT\u00c0 DEL FUTURO PER LA GENERAZIONE PI\u00d9 LONGEVA DELLA STORIA"},"content":{"rendered":"<span class=\"cb-itemprop\" itemprop=\"reviewBody\">\n<h4 class=\"wp-block-heading\"><strong><strong>Il progetto di IKEA &#8220;<em>Next Gen: Seniors<\/em>&#8220;, presentato al Madrid Design Festival 2022, mira a immaginare un domani migliore per la generazione pi\u00f9 longeva della storia<\/strong><\/strong><br><br><\/h4>\n\n\n\n<p>&#8220;Next Gen: Seniors&#8221;, il progetto di <strong><a href=\"https:\/\/www.ikea.com\/es\/es\/\" target=\"_blank\" rel=\"noreferrer noopener\">IKEA Spain<\/a><\/strong> presentato al <strong><a href=\"https:\/\/www.lafabrica.com\/madriddesignfestival\/\" target=\"_blank\" rel=\"noreferrer noopener\">Madrid Design Festival 2022<\/a><\/strong><a href=\"https:\/\/www.lafabrica.com\/madriddesignfestival\/\">,<\/a> mira a immaginare un domani migliore per la generazione pi\u00f9 longeva della storia. Quando pensiamo al futuro, ci sono molte sfide che vengono in mente, ma c&#8217;\u00e8 una che \u00e8 gi\u00e0 realt\u00e0: nel 2050, un terzo della popolazione spagnola, ma non solo, sar\u00e0 pi\u00f9 anziana.<\/p>\n\n\n\n<div class=\"wp-block-image\"><figure class=\"aligncenter size-large\"><img decoding=\"async\" width=\"1024\" height=\"1024\" src=\"https:\/\/www.thesignspeaking.com\/wp-content\/uploads\/2022\/02\/IKEA_FINAL_v3_MASTER-1024x1024.jpg\" alt=\"\" class=\"wp-image-15891\" srcset=\"https:\/\/www.thesignspeaking.com\/wp-content\/uploads\/2022\/02\/IKEA_FINAL_v3_MASTER.jpg 1024w, https:\/\/www.thesignspeaking.com\/wp-content\/uploads\/2022\/02\/IKEA_FINAL_v3_MASTER-300x300.jpg 300w, https:\/\/www.thesignspeaking.com\/wp-content\/uploads\/2022\/02\/IKEA_FINAL_v3_MASTER-150x150.jpg 150w, https:\/\/www.thesignspeaking.com\/wp-content\/uploads\/2022\/02\/IKEA_FINAL_v3_MASTER-768x768.jpg 768w, https:\/\/www.thesignspeaking.com\/wp-content\/uploads\/2022\/02\/IKEA_FINAL_v3_MASTER-125x125.jpg 125w\" sizes=\"(max-width: 1024px) 100vw, 1024px\" \/><\/figure><\/div>\n\n\n\n<p>Per il marchio svedese &#8220;<em>una societ\u00e0 piena di anziani non \u00e8 negativa, anzi, \u00e8 un&#8217;opportunit\u00e0 per tutti<\/em>&#8221; e con <em><strong><a href=\"https:\/\/www.lafabrica.com\/madriddesignfestival\/actividad\/ikea-el-futuro-de-la-ciudad-es-de-los-seniors\/\" target=\"_blank\" rel=\"noreferrer noopener\">\u201cNext Gen Seniors. Redesigning the city of the future for the longest-living society in history\u201d<\/a><\/strong><\/em> IKEA intende gettare le basi per quel futuro, che sar\u00e0 pi\u00f9 duraturo, invitando a riflettere sulle implicazioni che pu\u00f2 avere sulla nostra societ\u00e0, aprendo un dibattito su come vogliamo che sia quel futuro e, soprattutto, offrendo soluzioni attraverso il design per le citt\u00e0 di domani.<\/p>\n\n\n\n<figure class=\"wp-block-image size-large\"><img decoding=\"async\" width=\"1024\" height=\"683\" src=\"https:\/\/www.thesignspeaking.com\/wp-content\/uploads\/2022\/02\/projects-237-1644505962426-IKEA.jpg\" alt=\"\" class=\"wp-image-15908\" srcset=\"https:\/\/www.thesignspeaking.com\/wp-content\/uploads\/2022\/02\/projects-237-1644505962426-IKEA.jpg 1024w, https:\/\/www.thesignspeaking.com\/wp-content\/uploads\/2022\/02\/projects-237-1644505962426-IKEA-300x200.jpg 300w, https:\/\/www.thesignspeaking.com\/wp-content\/uploads\/2022\/02\/projects-237-1644505962426-IKEA-768x512.jpg 768w, https:\/\/www.thesignspeaking.com\/wp-content\/uploads\/2022\/02\/projects-237-1644505962426-IKEA-360x240.jpg 360w\" sizes=\"(max-width: 1024px) 100vw, 1024px\" \/><figcaption>La installazione di IKEA di Espadaysantacruz Studio<\/figcaption><\/figure>\n\n\n\n<p>Il progetto \u00e8 iniziato con una grande ricerca attraverso la raccolta e l&#8217;analisi dei dati che rivelano le sfide pi\u00f9 importanti che l&#8217;invecchiamento della societ\u00e0 pu\u00f2 portare. Dati che avranno il loro primo approdo al Madrid Design Festival 2022 attraverso un&#8217;installazione in Plaza de Col\u00f3n a Madrid, visitabile da oggi fino al 18 febbraio 2022, che ha come obiettivo l\u2019interazione con il pubblico.<\/p>\n\n\n\n<div class=\"wp-block-image\"><figure class=\"aligncenter size-large\"><img decoding=\"async\" width=\"1024\" height=\"683\" src=\"https:\/\/www.thesignspeaking.com\/wp-content\/uploads\/2022\/02\/projects-237-1644491987671-IKEA.jpg\" alt=\"\" class=\"wp-image-15892\" srcset=\"https:\/\/www.thesignspeaking.com\/wp-content\/uploads\/2022\/02\/projects-237-1644491987671-IKEA.jpg 1024w, https:\/\/www.thesignspeaking.com\/wp-content\/uploads\/2022\/02\/projects-237-1644491987671-IKEA-300x200.jpg 300w, https:\/\/www.thesignspeaking.com\/wp-content\/uploads\/2022\/02\/projects-237-1644491987671-IKEA-768x512.jpg 768w, https:\/\/www.thesignspeaking.com\/wp-content\/uploads\/2022\/02\/projects-237-1644491987671-IKEA-360x240.jpg 360w\" sizes=\"(max-width: 1024px) 100vw, 1024px\" \/><figcaption>La installazione di IKEA di Espadaysantacruz Studio<\/figcaption><\/figure><\/div>\n\n\n\n<p>\u00c8 un tema su cui IKEA continuer\u00e0 a lavorare tutto l&#8217;anno. Oltre all&#8217;installazione, sar\u00e0 creata una piattaforma digitale, perch\u00e9 tutti possano partecipare da qualsiasi punto della Spagna. Sia l&#8217;installazione fisica che che la piattaforma digitale sono state realizzate dallo studio di design <strong><a href=\"https:\/\/www.espadaysantacruz.com\/\" target=\"_blank\" rel=\"noreferrer noopener\">Espadaysantacruz Studio<\/a><\/strong>, che \u00e8 stato incaricato di generare quella che \u00e8 stata chiamata &#8220;La conversazione del futuro&#8221;: le persone entrano in modo totalmente immersivo in un tunnel del tempo in cui possono conversare con l\u2019intelligenza artificiale che raccoglier\u00e0 le informazioni, i pensieri e le riflessioni della popolazione attuale riguardo al futuro degli anziani nelle citt\u00e0 e che offrir\u00e0 una visione delle possibili sfide e soluzioni.<\/p>\n\n\n\n<p>Un&#8217;installazione che, dando una rappresentazione dei dati, mira ad aprire i nostri occhi per costruire insieme un futuro migliore.&#8221;Next Gen: Senior&#8221; non sar\u00e0 solo un progetto che viagger\u00e0 attraverso i principali festival di design spagnoli, dalla <strong><a href=\"https:\/\/barcelonadesignweek.com\/en\/\" target=\"_blank\" rel=\"noreferrer noopener\">Barcelona Design Week<\/a><\/strong> dove il prossimo giugno con il coinvolgimento di giovani studenti di design svilupper\u00e0 dei progetti i cui prototipi saranno poi esposti a Valencia per l\u2019evento <strong><a href=\"https:\/\/www.wdcvalencia2022.com\/\" target=\"_blank\" rel=\"noreferrer noopener\">World Design Capital Valencia 2022<\/a><\/strong>. <\/p>\n\n\n\n<p>Con questo progetto, IKEA intende porre le basi per un vero e proprio impegno del marchio nei confronti di questa fascia di popolazione cos\u00ec importante per la nostra societ\u00e0. <\/p>\n\n\n\n<p>C&#8217;\u00e8 un lungo futuro da costruire ma, come ci hanno insegnato i \u201csenior\u201d, abbiamo tutta la vita davanti.<\/p>\n<\/span>","protected":false},"excerpt":{"rendered":"<p>Il progetto di IKEA &#8220;Next Gen: Seniors&#8220;, presentato al Madrid Design Festival 2022, mira a immaginare un domani migliore per la generazione pi\u00f9 longeva della storia &#8220;Next Gen: Seniors&#8221;, il progetto di IKEA Spain presentato al Madrid Design Festival 2022, mira a immaginare un domani migliore per la generazione pi\u00f9 longeva della storia. Quando pensiamo [&hellip;]<\/p>\n","protected":false},"author":4,"featured_media":15891,"comment_status":"open","ping_status":"open","sticky":false,"template":"","format":"standard","meta":[],"categories":[7],"tags":[27,1927,640,641],"_links":{"self":[{"href":"https:\/\/www.thesignspeaking.com\/it\/wp-json\/wp\/v2\/posts\/15888"}],"collection":[{"href":"https:\/\/www.thesignspeaking.com\/it\/wp-json\/wp\/v2\/posts"}],"about":[{"href":"https:\/\/www.thesignspeaking.com\/it\/wp-json\/wp\/v2\/types\/post"}],"author":[{"embeddable":true,"href":"https:\/\/www.thesignspeaking.com\/it\/wp-json\/wp\/v2\/users\/4"}],"replies":[{"embeddable":true,"href":"https:\/\/www.thesignspeaking.com\/it\/wp-json\/wp\/v2\/comments?post=15888"}],"version-history":[{"count":8,"href":"https:\/\/www.thesignspeaking.com\/it\/wp-json\/wp\/v2\/posts\/15888\/revisions"}],"predecessor-version":[{"id":15910,"href":"https:\/\/www.thesignspeaking.com\/it\/wp-json\/wp\/v2\/posts\/15888\/revisions\/15910"}],"wp:featuredmedia":[{"embeddable":true,"href":"https:\/\/www.thesignspeaking.com\/it\/wp-json\/wp\/v2\/media\/15891"}],"wp:attachment":[{"href":"https:\/\/www.thesignspeaking.com\/it\/wp-json\/wp\/v2\/media?parent=15888"}],"wp:term":[{"taxonomy":"category","embeddable":true,"href":"https:\/\/www.thesignspeaking.com\/it\/wp-json\/wp\/v2\/categories?post=15888"},{"taxonomy":"post_tag","embeddable":true,"href":"https:\/\/www.thesignspeaking.com\/it\/wp-json\/wp\/v2\/tags?post=15888"}],"curies":[{"name":"wp","href":"https:\/\/api.w.org\/{rel}","templated":true}]}}