{"id":15934,"date":"2022-02-22T17:56:40","date_gmt":"2022-02-22T16:56:40","guid":{"rendered":"https:\/\/www.thesignspeaking.com\/?p=15934"},"modified":"2022-02-22T18:13:01","modified_gmt":"2022-02-22T17:13:01","slug":"8-years-of-concentrico","status":"publish","type":"post","link":"https:\/\/www.thesignspeaking.com\/it\/8-years-of-concentrico\/","title":{"rendered":"Otto anni di Conc\u00e9ntrico"},"content":{"rendered":"<span class=\"cb-itemprop\" itemprop=\"reviewBody\">\n<h4 class=\"wp-block-heading\">Conc\u00e9ntrico 08, che si terr\u00e0 a Logro\u00f1o dall&#8217;1 al 6 settembre 2022, ha rinnovato i bandi con un nuovo formato digitale per la presentazione del progetto e un premio di 7.500 euro.<\/h4>\n\n\n\n<p>Conc\u00e9ntrico, il festival di Logro\u00f1o nella regione de La Rioja in Spagna, che celebra la sua ottava edizione dall&#8217;1 al 6 settembre 2022, ha aperto tre bandi di concorso con una scadenza per la presentazione delle opere l&#8217;11 marzo 2022 alle 14:00 (GMT+1), con un aumento del premio in denaro a 7500\u20ac e il formato digitale per la presentazione dei progetti sul suo sito web.<\/p>\n\n\n\n<div class=\"wp-block-image\"><figure class=\"aligncenter size-large\"><img decoding=\"async\" width=\"1024\" height=\"683\" src=\"https:\/\/www.thesignspeaking.com\/wp-content\/uploads\/2022\/02\/29422d61-6c34-fddd-5c39-2d4eac212f7d.jpg\" alt=\"\" class=\"wp-image-15936\" srcset=\"https:\/\/www.thesignspeaking.com\/wp-content\/uploads\/2022\/02\/29422d61-6c34-fddd-5c39-2d4eac212f7d.jpg 1024w, https:\/\/www.thesignspeaking.com\/wp-content\/uploads\/2022\/02\/29422d61-6c34-fddd-5c39-2d4eac212f7d-300x200.jpg 300w, https:\/\/www.thesignspeaking.com\/wp-content\/uploads\/2022\/02\/29422d61-6c34-fddd-5c39-2d4eac212f7d-768x512.jpg 768w, https:\/\/www.thesignspeaking.com\/wp-content\/uploads\/2022\/02\/29422d61-6c34-fddd-5c39-2d4eac212f7d-360x240.jpg 360w\" sizes=\"(max-width: 1024px) 100vw, 1024px\" \/><\/figure><\/div>\n\n\n\n<p>Rimangono pochi giorni, fino all&#8217;11 marzo 2022 alle 14:00 (GMT+1), per inviare il progetto del padiglione o delle installazioni nei luoghi proposti:<\/p>\n\n\n\n<ul><li>Plaza de Escuelas Trevijano<\/li><li>Vi\u00f1a Lanciano (ES) + Quinta do Seixo (PT)<\/li><li>Calla Obispo Bustamante<\/li><\/ul>\n\n\n\n<div class=\"wp-block-image\"><figure class=\"aligncenter size-large\"><img decoding=\"async\" width=\"1024\" height=\"682\" src=\"https:\/\/www.thesignspeaking.com\/wp-content\/uploads\/2022\/02\/bfcb1472-3226-3ea5-63a8-6c56b6a26315.jpg\" alt=\"\" class=\"wp-image-15938\" srcset=\"https:\/\/www.thesignspeaking.com\/wp-content\/uploads\/2022\/02\/bfcb1472-3226-3ea5-63a8-6c56b6a26315.jpg 1024w, https:\/\/www.thesignspeaking.com\/wp-content\/uploads\/2022\/02\/bfcb1472-3226-3ea5-63a8-6c56b6a26315-300x200.jpg 300w, https:\/\/www.thesignspeaking.com\/wp-content\/uploads\/2022\/02\/bfcb1472-3226-3ea5-63a8-6c56b6a26315-768x512.jpg 768w, https:\/\/www.thesignspeaking.com\/wp-content\/uploads\/2022\/02\/bfcb1472-3226-3ea5-63a8-6c56b6a26315-360x240.jpg 360w\" sizes=\"(max-width: 1024px) 100vw, 1024px\" \/><\/figure><\/div>\n\n\n\n<p><br>Il festival si occuper\u00e0 della produzione e della costruzione delle proposte vincitrici in coordinamento con le squadre selezionate, e queste faranno parte dell&#8217;insieme di installazioni che avranno luogo in diversi luoghi della citt\u00e0.<\/p>\n\n\n\n<div class=\"wp-block-image\"><figure class=\"aligncenter size-large\"><img decoding=\"async\" width=\"1024\" height=\"682\" src=\"https:\/\/www.thesignspeaking.com\/wp-content\/uploads\/2022\/02\/9beb46a3-2db4-4ff8-3421-ba20d585af52.jpg\" alt=\"\" class=\"wp-image-15939\" srcset=\"https:\/\/www.thesignspeaking.com\/wp-content\/uploads\/2022\/02\/9beb46a3-2db4-4ff8-3421-ba20d585af52.jpg 1024w, https:\/\/www.thesignspeaking.com\/wp-content\/uploads\/2022\/02\/9beb46a3-2db4-4ff8-3421-ba20d585af52-300x200.jpg 300w, https:\/\/www.thesignspeaking.com\/wp-content\/uploads\/2022\/02\/9beb46a3-2db4-4ff8-3421-ba20d585af52-768x512.jpg 768w, https:\/\/www.thesignspeaking.com\/wp-content\/uploads\/2022\/02\/9beb46a3-2db4-4ff8-3421-ba20d585af52-360x240.jpg 360w\" sizes=\"(max-width: 1024px) 100vw, 1024px\" \/><\/figure><\/div>\n\n\n\n<p>Secondo il rapporto <em>The Best of Culture 2021<\/em> dell&#8217;Osservatorio della Cultura, organizzato da Fundaci\u00f3n Contempor\u00e1nea, Conc\u00e9ntrico, che \u00e8 entrato per la prima volta nella classifica nazionale, \u00e8 considerata una delle migliori proposte culturali di Spagna.<\/p>\n\n\n\n<p>L&#8217;installazione Types of Spaces, realizzata a Conc\u00e9ntrico dagli studi Hanghar e Palma, ha vinto il Building of the Year Award, un premio annuale organizzato da Archdaily. Con pi\u00f9 di 100.000 voti espressi nelle ultime tre settimane, sono stati presentati i 15 vincitori del Building of the Year 2022 Awards.<\/p>\n\n\n\n<div class=\"wp-block-image\"><figure class=\"aligncenter size-large\"><img decoding=\"async\" width=\"732\" height=\"1024\" src=\"https:\/\/www.thesignspeaking.com\/wp-content\/uploads\/2022\/02\/74d29d32-e3d6-4bd5-cca2-035b998d32db-732x1024.jpg\" alt=\"\" class=\"wp-image-15935\" srcset=\"https:\/\/www.thesignspeaking.com\/wp-content\/uploads\/2022\/02\/74d29d32-e3d6-4bd5-cca2-035b998d32db-732x1024.jpg 732w, https:\/\/www.thesignspeaking.com\/wp-content\/uploads\/2022\/02\/74d29d32-e3d6-4bd5-cca2-035b998d32db-214x300.jpg 214w, https:\/\/www.thesignspeaking.com\/wp-content\/uploads\/2022\/02\/74d29d32-e3d6-4bd5-cca2-035b998d32db-768x1075.jpg 768w, https:\/\/www.thesignspeaking.com\/wp-content\/uploads\/2022\/02\/74d29d32-e3d6-4bd5-cca2-035b998d32db.jpg 1024w\" sizes=\"(max-width: 732px) 100vw, 732px\" \/><\/figure><\/div>\n\n\n\n<p><br>Il progetto, parte della categoria &#8216;piccola scala &#8211; installazioni&#8217;, ha trasformato il passaggio del camino della vecchia fabbrica di tabacco di Logro\u00f1o, ed ha restituito il luogo alla sua condizione di spazio costruito consolidando le facciate e dando alla fabbrica di tabacco nel suo insieme la sua unit\u00e0 originale.<\/p>\n\n\n\n<p>&#8220;<em>Come negli anni precedenti, i vincitori mostrano un ampio spettro di diversi tipi di edifici, dando un&#8217;idea di quanto sia diventata diversificata la professione negli ultimi decenni. Gli studi di alto profilo prendono il loro posto come sempre, con vincitori come il progetto Housing di MVRDV a Bordeaux e l&#8217;installazione di Casa Batllo di Kengo Kuma, dimostrando che le aziende di establishment sono ancora in grado di lasciare il segno, come nei premi pi\u00f9 tradizionali. Accanto a questi ci sono protagonisti mai celebrati in precedenza, come PALMA e HANGHAR con il loro progetto Types of Spaces. Tra i vincitori, troviamo anche Ca&#8217;n Terra House di ENSAMBLE STUDIO e Plaza of Kanagawa Institute of Technology di Junya Ishigami + Associates, progetti estremamente creativi che oggi sfidano le varie tipologie<\/em>&#8221; la motivazione.<\/p>\n\n\n\n<p>Conc\u00e9ntrico \u00e8 organizzato dalla Fondazione Culturale degli Architetti di La Rioja insieme a Javier Pe\u00f1a Ib\u00e1\u00f1ez, promotore dell&#8217;iniziativa, in collaborazione con il Comune di Logro\u00f1o e il Governo di La Rioja. \u00c8 sostenuto da Garnica, Bodegas LAN, Sogrape e pi\u00f9 di 30 istituzioni, enti e aziende locali, regionali, nazionali e internazionali.<\/p>\n<\/span>","protected":false},"excerpt":{"rendered":"<p>Conc\u00e9ntrico 08, che si terr\u00e0 a Logro\u00f1o dall&#8217;1 al 6 settembre 2022, ha rinnovato i bandi con un nuovo formato digitale per la presentazione del progetto e un premio di 7.500 euro. Conc\u00e9ntrico, il festival di Logro\u00f1o nella regione de La Rioja in Spagna, che celebra la sua ottava edizione dall&#8217;1 al 6 settembre 2022, [&hellip;]<\/p>\n","protected":false},"author":4,"featured_media":15935,"comment_status":"open","ping_status":"open","sticky":false,"template":"","format":"standard","meta":[],"categories":[11],"tags":[88,27,183,283],"_links":{"self":[{"href":"https:\/\/www.thesignspeaking.com\/it\/wp-json\/wp\/v2\/posts\/15934"}],"collection":[{"href":"https:\/\/www.thesignspeaking.com\/it\/wp-json\/wp\/v2\/posts"}],"about":[{"href":"https:\/\/www.thesignspeaking.com\/it\/wp-json\/wp\/v2\/types\/post"}],"author":[{"embeddable":true,"href":"https:\/\/www.thesignspeaking.com\/it\/wp-json\/wp\/v2\/users\/4"}],"replies":[{"embeddable":true,"href":"https:\/\/www.thesignspeaking.com\/it\/wp-json\/wp\/v2\/comments?post=15934"}],"version-history":[{"count":3,"href":"https:\/\/www.thesignspeaking.com\/it\/wp-json\/wp\/v2\/posts\/15934\/revisions"}],"predecessor-version":[{"id":15943,"href":"https:\/\/www.thesignspeaking.com\/it\/wp-json\/wp\/v2\/posts\/15934\/revisions\/15943"}],"wp:featuredmedia":[{"embeddable":true,"href":"https:\/\/www.thesignspeaking.com\/it\/wp-json\/wp\/v2\/media\/15935"}],"wp:attachment":[{"href":"https:\/\/www.thesignspeaking.com\/it\/wp-json\/wp\/v2\/media?parent=15934"}],"wp:term":[{"taxonomy":"category","embeddable":true,"href":"https:\/\/www.thesignspeaking.com\/it\/wp-json\/wp\/v2\/categories?post=15934"},{"taxonomy":"post_tag","embeddable":true,"href":"https:\/\/www.thesignspeaking.com\/it\/wp-json\/wp\/v2\/tags?post=15934"}],"curies":[{"name":"wp","href":"https:\/\/api.w.org\/{rel}","templated":true}]}}