{"id":15944,"date":"2022-02-24T15:25:48","date_gmt":"2022-02-24T14:25:48","guid":{"rendered":"https:\/\/www.thesignspeaking.com\/?p=15944"},"modified":"2022-02-24T15:48:17","modified_gmt":"2022-02-24T14:48:17","slug":"enarcomadrid-2022-celebrates-its-40-1-anniversaryitarcomadrid-2022-celebra-il-suo-40-1-anniversario","status":"publish","type":"post","link":"https:\/\/www.thesignspeaking.com\/it\/enarcomadrid-2022-celebrates-its-40-1-anniversaryitarcomadrid-2022-celebra-il-suo-40-1-anniversario\/","title":{"rendered":"ARCOmadrid 2022 celebra il suo 40\u00b0 (+1) anniversario"},"content":{"rendered":"<span class=\"cb-itemprop\" itemprop=\"reviewBody\">\n<h4 class=\"wp-block-heading\">Centottantacinque gallerie provenienti da trenta Paesi. Un&#8217;edizione commemorativa concepita come un omaggio alle gallerie che sono state artefici delle 40 (+1) edizioni della fiera.<\/h4>\n\n\n\n<p><\/p>\n\n\n\n<p>ARCOmadrid torna alle sue date abituali per celebrare il suo 40\u00b0 (+1) anniversario, dal 23 al 27 febbraio 2022. Ancora una volta, la fiera d&#8217;arte contemporanea organizzata da IFEMA MADRID si consolida come piattaforma di riflessione e conoscenza essenziale per critici, direttori di istituzioni, professionisti.<\/p>\n\n\n\n<div class=\"wp-block-image\"><figure class=\"aligncenter size-large\"><img decoding=\"async\" width=\"1024\" height=\"683\" src=\"https:\/\/www.thesignspeaking.com\/wp-content\/uploads\/2022\/02\/AT_6189.jpg\" alt=\"\" class=\"wp-image-15946\" srcset=\"https:\/\/www.thesignspeaking.com\/wp-content\/uploads\/2022\/02\/AT_6189.jpg 1024w, https:\/\/www.thesignspeaking.com\/wp-content\/uploads\/2022\/02\/AT_6189-300x200.jpg 300w, https:\/\/www.thesignspeaking.com\/wp-content\/uploads\/2022\/02\/AT_6189-768x512.jpg 768w, https:\/\/www.thesignspeaking.com\/wp-content\/uploads\/2022\/02\/AT_6189-360x240.jpg 360w\" sizes=\"(max-width: 1024px) 100vw, 1024px\" \/><\/figure><\/div>\n\n\n\n<p>Dopo l&#8217;edizione speciale della fiera a luglio 2021, ARCOmadrid 2022 \u00e8 stata concepita come un omaggio alle gallerie artefici delle 40 (+1) edizioni consecutive della fiera. Un&#8217;edizione che ancora una volta esalta le voci dei professionisti del mondo dell\u2019arte contemporanea in una fiera che si \u00e8 sforzata di sostenere gli insegnamenti della pandemia. Cos\u00ec, oltre a continuare con le sue iniziative digitali, ARCO si presenta in un formato pi\u00f9 contenuto, in risposta ai suggerimenti del Comitato Organizzatore, al fine di migliorare l&#8217;esperienza dei visitatori e il successo delle gallerie.<\/p>\n\n\n\n<div class=\"wp-block-image\"><figure class=\"aligncenter size-large\"><img decoding=\"async\" width=\"1024\" height=\"683\" src=\"https:\/\/www.thesignspeaking.com\/wp-content\/uploads\/2022\/02\/AT_6209.jpg\" alt=\"\" class=\"wp-image-15945\" srcset=\"https:\/\/www.thesignspeaking.com\/wp-content\/uploads\/2022\/02\/AT_6209.jpg 1024w, https:\/\/www.thesignspeaking.com\/wp-content\/uploads\/2022\/02\/AT_6209-300x200.jpg 300w, https:\/\/www.thesignspeaking.com\/wp-content\/uploads\/2022\/02\/AT_6209-768x512.jpg 768w, https:\/\/www.thesignspeaking.com\/wp-content\/uploads\/2022\/02\/AT_6209-360x240.jpg 360w\" sizes=\"(max-width: 1024px) 100vw, 1024px\" \/><\/figure><\/div>\n\n\n\n<p>Nei padiglioni 7 e 9 del Recinto Ferial di IFEMA MADRID si trova l&#8217;offerta di 185 gallerie provenienti da 30 paesi, 159 delle quali compongono il Programma Generale, oltre alle sezioni ARCO 40 (+1) Anniversary, Never the Same. Latin American Art e Opening by Allianz.<\/p>\n\n\n\n<p>Tutte le gallerie rappresentano la scena artistica di questi 40 (+1) anni, collegando il passato della fiera con gli artisti emergenti del futuro. Infatti, l&#8217;edizione 2022 si riafferma ancora una volta come punto di riferimento per la ricerca, la scoperta e la conoscenza dei nuovi talenti creativi.<\/p>\n\n\n\n<figure class=\"wp-block-image size-large\"><img decoding=\"async\" width=\"1024\" height=\"886\" src=\"https:\/\/www.thesignspeaking.com\/wp-content\/uploads\/2022\/02\/Mar_Arza._Un_de_tombe_toujours_du_meme_cote_2020-1024x886.jpg\" alt=\"\" class=\"wp-image-15948\" srcset=\"https:\/\/www.thesignspeaking.com\/wp-content\/uploads\/2022\/02\/Mar_Arza._Un_de_tombe_toujours_du_meme_cote_2020-1024x886.jpg 1024w, https:\/\/www.thesignspeaking.com\/wp-content\/uploads\/2022\/02\/Mar_Arza._Un_de_tombe_toujours_du_meme_cote_2020-300x260.jpg 300w, https:\/\/www.thesignspeaking.com\/wp-content\/uploads\/2022\/02\/Mar_Arza._Un_de_tombe_toujours_du_meme_cote_2020-768x664.jpg 768w, https:\/\/www.thesignspeaking.com\/wp-content\/uploads\/2022\/02\/Mar_Arza._Un_de_tombe_toujours_du_meme_cote_2020-1536x1329.jpg 1536w, https:\/\/www.thesignspeaking.com\/wp-content\/uploads\/2022\/02\/Mar_Arza._Un_de_tombe_toujours_du_meme_cote_2020-2048x1772.jpg 2048w\" sizes=\"(max-width: 1024px) 100vw, 1024px\" \/><figcaption>Mar Arza: Un de tombe toujours du m\u00e8me cot\u00e9, 2020 &#8211; RocioSantaCruz<\/figcaption><\/figure>\n\n\n\n<p>ARCO 40 (+1) Anniversary \u00e8 una sorta di mostra nella mostra dove espongono 19 gallerie internazionali, selezionate da Mar\u00eda In\u00e9s Rodr\u00edguez, Francesco Stocchi e Sergio Rubira, tra quelle che sono state presenti alla fiera durante tutta la sua storia. Questa sezione mette in evidenza la relazione essenziale che esiste tra le gallerie e i loro artisti e presenta i creatori con cui hanno lavorato nei primi anni di ARCO e con cui conservano un legame duraturo. \u00c8 il caso di artisti come Mona Hatoum per Chantal Crousel, General Idea per Esther Schipper, Mario Merz per Giorgio Persano, Dominique Gonz\u00e1lez Foerster per Jan Mot, Dora Garc\u00eda per Juana de Aizpuru, Monica Bonvicini per Krinzinger, Matt Mullican per Mai 36, Gilbert&#038;George per Thaddaeus Ropac, oltre ai rappresentanti di gallerie, tra le altre, come 1900-2000 e Ruth Benzacar.<\/p>\n\n\n\n<div class=\"wp-block-image\"><figure class=\"aligncenter size-large\"><img decoding=\"async\" width=\"1024\" height=\"767\" src=\"https:\/\/www.thesignspeaking.com\/wp-content\/uploads\/2022\/02\/1-Ulrich-Ru\u0308ckriem.jpg\" alt=\"\" class=\"wp-image-15949\" srcset=\"https:\/\/www.thesignspeaking.com\/wp-content\/uploads\/2022\/02\/1-Ulrich-Ru\u0308ckriem.jpg 1024w, https:\/\/www.thesignspeaking.com\/wp-content\/uploads\/2022\/02\/1-Ulrich-Ru\u0308ckriem-300x225.jpg 300w, https:\/\/www.thesignspeaking.com\/wp-content\/uploads\/2022\/02\/1-Ulrich-Ru\u0308ckriem-768x575.jpg 768w\" sizes=\"(max-width: 1024px) 100vw, 1024px\" \/><figcaption>Ulrich Ru\u0308ckriem<\/figcaption><\/figure><\/div>\n\n\n\n<p>Inoltre, ARCOmadrid continua a concentrarsi sulla presentazione di progetti individuali o dialoghi tra artisti e ancora una volta abbraccia la proposta SOLO\/D\u00daO: 24 delle gallerie del Programma Generale dedicano il loro stand a uno o due artisti come nel caso di K\u00e1roly Hopp-Hal\u00e1sz (ACB Gal\u00e9ria), Luca Bertolo e Chiara Camoni (Arcade), Carlos Rojas e Rodrigo Valenzuela (Arroniz e Nueveochenta), Lisetta Carmi e Marianne Berenhaut (Dvir Gallery), Marzena Nowak (Gregor Podnar), Eug\u00e9nia Mussa (Monitor), Irma Blank (P420), Olga de Amaral (Richard Saltoun) e Marta Palau (Walden).<\/p>\n\n\n\n<div class=\"wp-block-image\"><figure class=\"aligncenter size-large\"><img decoding=\"async\" width=\"1024\" height=\"683\" src=\"https:\/\/www.thesignspeaking.com\/wp-content\/uploads\/2022\/02\/DGF-Astrocytes-Jan__Mot_2021-4258.jpg\" alt=\"\" class=\"wp-image-15951\" srcset=\"https:\/\/www.thesignspeaking.com\/wp-content\/uploads\/2022\/02\/DGF-Astrocytes-Jan__Mot_2021-4258.jpg 1024w, https:\/\/www.thesignspeaking.com\/wp-content\/uploads\/2022\/02\/DGF-Astrocytes-Jan__Mot_2021-4258-300x200.jpg 300w, https:\/\/www.thesignspeaking.com\/wp-content\/uploads\/2022\/02\/DGF-Astrocytes-Jan__Mot_2021-4258-768x512.jpg 768w, https:\/\/www.thesignspeaking.com\/wp-content\/uploads\/2022\/02\/DGF-Astrocytes-Jan__Mot_2021-4258-360x240.jpg 360w\" sizes=\"(max-width: 1024px) 100vw, 1024px\" \/><figcaption>Astrocytes, Jan Mot<\/figcaption><\/figure><\/div>\n\n\n\n<p>Come al solito, ARCOmadrid mostra il suo interesse per le nuove gallerie che, o per la loro breve traiettoria o per essere nuove nel contesto spagnolo, presentano proposte interessanti e permettono la scoperta di altri creativi. Allo stesso modo, attraverso la sezione Opening by Allianz selezionata da \u00d6v\u00fcl Durmu\u015fo\u011flu e Julia Morandeira, la fiera offre uno spazio per scoprire 15 gallerie tra cui Anne-Sarah B\u00e9nichou, East Contemporary, Intersticio e Sperling, che partecipano alla fiera per la prima volta, o Cibri\u00e1n, Proxyco e Suprainfinit.<\/p>\n\n\n\n<p>Nel suo sforzo di continuare a esplorare forme di collaborazione tra artisti e gallerie, la sezione Never the Same viene incorporata a Arte Latinoamericana, con una selezione di 9 artisti latinoamericani di 8 gallerie internazionali che, sotto la curatela di Mariano Mayer e Manuela Moscoso, contribuisce a rafforzare il posizionamento latinoamericano della fiera attraverso gallerie di diversi Paesi.<\/p>\n\n\n\n<div class=\"wp-block-image\"><figure class=\"aligncenter size-large\"><img decoding=\"async\" width=\"1024\" height=\"683\" src=\"https:\/\/www.thesignspeaking.com\/wp-content\/uploads\/2022\/02\/arbol_esctructura_2.jpg\" alt=\"\" class=\"wp-image-15952\" srcset=\"https:\/\/www.thesignspeaking.com\/wp-content\/uploads\/2022\/02\/arbol_esctructura_2.jpg 1024w, https:\/\/www.thesignspeaking.com\/wp-content\/uploads\/2022\/02\/arbol_esctructura_2-300x200.jpg 300w, https:\/\/www.thesignspeaking.com\/wp-content\/uploads\/2022\/02\/arbol_esctructura_2-768x512.jpg 768w, https:\/\/www.thesignspeaking.com\/wp-content\/uploads\/2022\/02\/arbol_esctructura_2-360x240.jpg 360w\" sizes=\"(max-width: 1024px) 100vw, 1024px\" \/><figcaption>Arbol Esctructura, AFA<\/figcaption><\/figure><\/div>\n\n\n\n<p>Continuando con l&#8217;iniziativa della scorsa edizione, quest&#8217;anno i 17 Progetti d&#8217;Artista saranno nuovamente dedicati esclusivamente alle donne, tra cui Irma \u00c1lvarez Laviada (Luis Adelantado), Leiko Ikemura (Peter Kilchmann), In\u00e9s Medina (Jos\u00e9 de la Mano), Vera Pagava (Galerie Poggi), Marianna Simnet (Soci\u00e9t\u00e9) e Sandra V\u00e1squez de la Horra (Senda).<\/p>\n\n\n\n<div class=\"wp-block-image\"><figure class=\"aligncenter size-large\"><img decoding=\"async\" width=\"1024\" height=\"683\" src=\"https:\/\/www.thesignspeaking.com\/wp-content\/uploads\/2022\/02\/oct3-1024x683.jpeg\" alt=\"\" class=\"wp-image-15947\" srcset=\"https:\/\/www.thesignspeaking.com\/wp-content\/uploads\/2022\/02\/oct3-1024x683.jpeg 1024w, https:\/\/www.thesignspeaking.com\/wp-content\/uploads\/2022\/02\/oct3-300x200.jpeg 300w, https:\/\/www.thesignspeaking.com\/wp-content\/uploads\/2022\/02\/oct3-768x512.jpeg 768w, https:\/\/www.thesignspeaking.com\/wp-content\/uploads\/2022\/02\/oct3-1536x1024.jpeg 1536w, https:\/\/www.thesignspeaking.com\/wp-content\/uploads\/2022\/02\/oct3-2048x1365.jpeg 2048w, https:\/\/www.thesignspeaking.com\/wp-content\/uploads\/2022\/02\/oct3-360x240.jpeg 360w\" sizes=\"(max-width: 1024px) 100vw, 1024px\" \/><figcaption>Senda\n<\/figcaption><\/figure><\/div>\n\n\n\n<p>In questa edizione, l\u2019architettura e il design recuperano i riflettori: Burgos &#038; Garrido Arquitectos \u00e8 il nuovo studio responsabile della progettazione di ARCOmadrid, affiancato dall&#8217;architetto Pedro Pitarch, che progetter\u00e0 lo spazio della galleria dell&#8217;ARCO 40 (+1) Anniversario.<\/p>\n\n\n\n<p>Burgos &#038; Garrido Arquitectos firmano anche la VIP Lounge, intitolata \u2018Natural Ruins`, realizzata con il supporto dell&#8217;Associazione AMRE Leading Brands of Spain con le sue aziende Actiu, Estiluz, Fama, Joquer, Lladr\u00f3, lzf, Naturtex, Ondarreta, Sancal, e la collaborazione speciale di Cosentino e l&#8217;intervento di Naturpiedra.<\/p>\n\n\n\n<div class=\"wp-block-image\"><figure class=\"aligncenter size-large\"><img decoding=\"async\" width=\"1024\" height=\"1009\" src=\"https:\/\/www.thesignspeaking.com\/wp-content\/uploads\/2022\/02\/IMG_8816.jpg\" alt=\"\" class=\"wp-image-15953\" srcset=\"https:\/\/www.thesignspeaking.com\/wp-content\/uploads\/2022\/02\/IMG_8816.jpg 1024w, https:\/\/www.thesignspeaking.com\/wp-content\/uploads\/2022\/02\/IMG_8816-300x296.jpg 300w, https:\/\/www.thesignspeaking.com\/wp-content\/uploads\/2022\/02\/IMG_8816-768x757.jpg 768w\" sizes=\"(max-width: 1024px) 100vw, 1024px\" \/><figcaption>Arco VIP Lounge<\/figcaption><\/figure><\/div>\n\n\n\n<p>La Fundaci\u00f3n ARCO Lounge, progettata e decorata da Las Dos Mercedes in collaborazione con A\u00f1os Luz, \u00e8 dedicata all&#8217;artista Frida Orupabo. Per l&#8217;occasione, il Salone delle Presentazioni \u00e8 firmato da L.A. Studio. Un progetto tessile di Hemper, arredi di Isimar e illuminazione di VBO Spagna invece per la Terrazza ARCO.<\/p>\n\n\n\n<p>Oltre alle aree ARCOlunch di IBERIA, Ruinart Terrasse, NONSOLOCAFE per illycaff\u00e8 e Martin Miller&#8217;s Gin, per la prima volta, i visitatori potranno godere di un assistente virtuale che permette un&#8217;esperienza di conversazione generata dall&#8217;intelligenza artificiale. Disponibile a rispondere a domande, fornire informazioni sulle opere e spiegare la storia di ARCO. L\u2019iniziativa \u00e8 sponsorizzata dalla societ\u00e0 di consulenza di comunicazione LLYC attraverso la sua Fondazione, insieme alla tecnologia NTT Data.<\/p>\n<\/span>","protected":false},"excerpt":{"rendered":"<p>Centottantacinque gallerie provenienti da trenta Paesi. Un&#8217;edizione commemorativa concepita come un omaggio alle gallerie che sono state artefici delle 40 (+1) edizioni della fiera. ARCOmadrid torna alle sue date abituali per celebrare il suo 40\u00b0 (+1) anniversario, dal 23 al 27 febbraio 2022. Ancora una volta, la fiera d&#8217;arte contemporanea organizzata da IFEMA MADRID si [&hellip;]<\/p>\n","protected":false},"author":4,"featured_media":15946,"comment_status":"open","ping_status":"open","sticky":false,"template":"","format":"standard","meta":[],"categories":[11],"tags":[2058,34,53,163,35,557],"_links":{"self":[{"href":"https:\/\/www.thesignspeaking.com\/it\/wp-json\/wp\/v2\/posts\/15944"}],"collection":[{"href":"https:\/\/www.thesignspeaking.com\/it\/wp-json\/wp\/v2\/posts"}],"about":[{"href":"https:\/\/www.thesignspeaking.com\/it\/wp-json\/wp\/v2\/types\/post"}],"author":[{"embeddable":true,"href":"https:\/\/www.thesignspeaking.com\/it\/wp-json\/wp\/v2\/users\/4"}],"replies":[{"embeddable":true,"href":"https:\/\/www.thesignspeaking.com\/it\/wp-json\/wp\/v2\/comments?post=15944"}],"version-history":[{"count":5,"href":"https:\/\/www.thesignspeaking.com\/it\/wp-json\/wp\/v2\/posts\/15944\/revisions"}],"predecessor-version":[{"id":15959,"href":"https:\/\/www.thesignspeaking.com\/it\/wp-json\/wp\/v2\/posts\/15944\/revisions\/15959"}],"wp:featuredmedia":[{"embeddable":true,"href":"https:\/\/www.thesignspeaking.com\/it\/wp-json\/wp\/v2\/media\/15946"}],"wp:attachment":[{"href":"https:\/\/www.thesignspeaking.com\/it\/wp-json\/wp\/v2\/media?parent=15944"}],"wp:term":[{"taxonomy":"category","embeddable":true,"href":"https:\/\/www.thesignspeaking.com\/it\/wp-json\/wp\/v2\/categories?post=15944"},{"taxonomy":"post_tag","embeddable":true,"href":"https:\/\/www.thesignspeaking.com\/it\/wp-json\/wp\/v2\/tags?post=15944"}],"curies":[{"name":"wp","href":"https:\/\/api.w.org\/{rel}","templated":true}]}}