{"id":1595,"date":"2017-06-26T16:49:17","date_gmt":"2017-06-26T14:49:17","guid":{"rendered":"http:\/\/thesignspeaking.com\/2018\/02\/02\/feel-the-yarn-competition-pitti-filati\/"},"modified":"2018-06-03T14:45:53","modified_gmt":"2018-06-03T12:45:53","slug":"feel-the-yarn-competition-pitti-filati","status":"publish","type":"post","link":"https:\/\/www.thesignspeaking.com\/it\/feel-the-yarn-competition-pitti-filati\/","title":{"rendered":"FEEL THE YARN competition @ Pitti Filati"},"content":{"rendered":"<span class=\"cb-itemprop\" itemprop=\"reviewBody\"><p>Erano presenti ventidue studenti selezionati dai pi\u00f9 prestigiosi istituti di moda internazionali con le loro creazioni per interpretare il tema <b>Knit Mix<\/b> assegnato dalla curatrice del concorso Ornella Bignami. Il vincitore \u00e8 Yuan-Lung Kao studente del\u00a0<a href=\"https:\/\/www.rca.ac.uk\/\" target=\"\"><b><span style=\"color: #5f497a;\">Royal College of Art<\/span><\/b><\/a>.<\/p>\n<p>Il nuovo approccio al design della maglia deriva dalla necessit\u00e0 condivisa di esplorare audaci idee innovative. \u00c8 tempo di evidenziare contraddizioni e similarit\u00e0, di adottare colori in sinergia o con abbinamenti contrastanti, di giocare con volumi imprevisti e con mescolanze sperimentali di sottile e spesso, voluminoso e piatto, morbido e ruvido, in un corto circuito di soluzioni creative. I colori sono filtrati, genuini e quieti; interpretano una sensibilit\u00e0 contemporanea tra maschile e femminile. Sono toni espressivi, freddi, accostati con originale disarmonia per un look casual. L\u2019intera gamma tuttavia pu\u00f2 evolvere in provocanti contrasti visivi. Mix di filati e punti, volumi e decori superano i codici tradizionali, unendo concretezza e innovazione, fondendo generi e generazioni, aprendo a soluzioni rivoluzionarie.<\/p>\n<p>Una giuria altamente qualificata, insieme ai voti espressi dai visitatori, assegner\u00e0 il premio messo a disposizione da\u00a0<b><a href=\"http:\/\/www.suedwollegroup.com\/company\/brands\/biella_yarn.html\" target=\"\">BIELLA YARN<\/a>\u00a0<\/b>parte del <b>S\u00dcDWOLLE GROUP<\/b> che permetter\u00e0 al migliore designer di continuare e specializzare la sua formazione. Premio speciale al progetto che illustrer\u00e0 con maggiore enfasi la creativit\u00e0 dei filati italiani offerto invece da\u00a0<b><a href=\"http:\/\/www.bananarepublic.com\/\" target=\"\">BANANA REPUBLIC<\/a>.<\/b><\/p>\n<p>Organizzato da CPF-Consorzio Promozione Filati e con il sostegno di Pitti Immagine, il concorso vede coinvolte ventidue aziende tra le filature pi\u00f9 creative presenti a Pitti Filati:\u00a0<a href=\"http:\/\/www.alpesfilati.com\/\" target=\"\">ALPES MANIFATTURA FILATI<\/a><i>,\u00a0<\/i><a href=\"http:\/\/www.suedwollegroup.com\/company\/brands\/biella_yarn.html\" target=\"\">BIELLA YARN<\/a>\u00a0<i>by S\u00dcDWOLLE<b>,\u00a0<\/b><\/i><a href=\"http:\/\/www.bottogiuseppe.com\/\" target=\"\">BOTTO GIUSEPPE<\/a><i>,\u00a0<\/i><a href=\"http:\/\/www.emiroglio.com\/\" target=\"\">E. MIROGLIO<\/a><i>,\u00a0<\/i><a href=\"http:\/\/www.fabifil.it\/\" target=\"\">FABIFIL<\/a><i>,\u00a0<\/i><a href=\"http:\/\/www.filatibiagioli.it\/\" target=\"\">FILATI BIAGIOLI MODESTO<\/a><i>,\u00a0<\/i><a href=\"http:\/\/www.filitaly-lab.com\/\" target=\"\">FILITALY-LAB<\/a><i>,\u00a0<\/i><a href=\"http:\/\/www.filmar.it\/\" target=\"\">FILMAR<\/a><i>,\u00a0<\/i><a href=\"http:\/\/www.filpucci.it\/\" target=\"\">FILPUCCI<\/a><i>,\u00a0<\/i><a href=\"http:\/\/www.gitibi.it\/\" target=\"\">GI.TI.BI. FILATI<\/a><i>,\u00a0<\/i><a href=\"http:\/\/www.ilaria.it\/\" target=\"\">ILARIA MANIFATTURA LANE<\/a><i>,\u00a0<\/i><a href=\"http:\/\/www.industriaitalianafilati.it\/\" target=\"\">INDUSTRIA ITALIANA FILATI<\/a><i>,\u00a0<\/i><a href=\"http:\/\/www.lanificiodellolivo.com\/\" target=\"\">LANIFICIO DELL\u2019OLIVO<\/a><i>,\u00a0<\/i><a href=\"http:\/\/www.linsiemefilati.it\/\" target=\"\">LINSIEME FILATI<\/a><i>,\u00a0<\/i><a href=\"http:\/\/www.igeayarn.it\/\" target=\"\">MANIFATTURA IGEA<\/a><i>,\u00a0<\/i><a href=\"http:\/\/www.manifatturasesia.it\/\" target=\"\">MANIFATTURA SESIA<\/a><i>,\u00a0<\/i><a href=\"http:\/\/www.newmill.it\/\" target=\"\">NEW MILL<\/a><i>,\u00a0<\/i><a href=\"http:\/\/www.pecci1884.it\/pecci-filati\/\" target=\"\">PECCI FILATI<\/a><i>,\u00a0<\/i><a href=\"http:\/\/www.pinori.it\/\" target=\"\">PINORI FILATI<\/a><i>,\u00a0<\/i><a href=\"https:\/\/www.tollegno1900.it\/it\/\" target=\"\">TOLLEGNO 1900<\/a><i>,\u00a0<\/i><a href=\"http:\/\/www.toscano100x100.it\/\" target=\"\">TOSCANO<\/a><i>,\u00a0<\/i><a href=\"http:\/\/ZEGNA BARUFFA LANE BORGOSESIA\" target=\"\">ZEGNA BARUFFA LANE BORGOSESIA<\/a><i>.<\/i><\/p>\n<p>Si amplia anche il numero delle scuole con la new entry della Corea: <i>ACCADEMIA COSTUME &#038; MODA, BIFT-BEIJING INSTITUTE OF FASHION TECHNOLOGY, BUNKA FASHION COLLEGE, HOCHSCHULE LUZERN-Art and Design, HOCHSCHULE NIEDERRHEIN-University of Applied Sciences, HOCHSCHULE TRIER, IED Istituto Europeo di Design, KINGSTON UNIVERSITY, POLIMODA, POLITECNICO DI MILANO-Scuola del Design, ROYAL COLLEGE OF ART, THE HONG KONG POLYTECHNIC\u2013Institute of Textiles and Clothing, HANYANG WOMENS\u2019 UNIVERSITY. <\/i><\/p>\n<p>Un intenso programma di formazione e conoscenza, organizzato da\u00a0CPF e Pitti Immagine per tutti gli studenti, si svolger\u00e0 nei giorni precedenti la manifestazione, grazie alla disponibilit\u00e0 delle aziende a coinvolgere i giovani ospiti, creando cos\u00ec un link esclusivo.<\/p>\n<p>Una nutrita serie di visite a maglifici, ritorciture e ai laboratori di ricerca\u00a0<a href=\"http:\/\/www.brachi.company\/\" target=\"\"><b>BRACHI TESTING SERVICES<\/b><\/a><b>\u00a0<\/b>permetter\u00e0 di illustrare il processo di sviluppo dal filo alla maglia, fino al controllo di qualit\u00e0 e all\u2019analisi di prodotto.<\/p>\n<p>I processi di sviluppo dalla fibra al filato saranno oggetto del Workshop di Ornella Bignami che prevede una full immersion degli studenti nella realt\u00e0 creativa e produttiva delle filature italiane, mentre il designer Carlo Volpi terr\u00e0 una lecture sul suo percorso creativo. Innovazione e fantasia saranno oggetto della visita a\u00a0<b>TRAFI<\/b>,<b>\u00a0<\/b>coinvolto fin dalla prima edizione di FEEL THE YARN con una presentazione estremamente scenografica.<\/p>\n<p>Gli studenti parteciperanno inoltre a uno special workshop sul \u201c<b>SUSTAINABLE FASHION<\/b>\u201d, argomento di grandissima attualit\u00e0 per il futuro delle produzioni tessili.<\/p>\n<p><img decoding=\"async\" class=\"alignnone size-full wp-image-8300\" src=\"http:\/\/www.thesignspeaking.com\/wp-content\/uploads\/2017\/06\/pi_news_adv_pittifilati_01.jpg\" alt=\"\" width=\"700\" height=\"525\" srcset=\"https:\/\/www.thesignspeaking.com\/wp-content\/uploads\/2017\/06\/pi_news_adv_pittifilati_01.jpg 700w, https:\/\/www.thesignspeaking.com\/wp-content\/uploads\/2017\/06\/pi_news_adv_pittifilati_01-300x225.jpg 300w\" sizes=\"(max-width: 700px) 100vw, 700px\" \/> <img decoding=\"async\" class=\"alignnone size-large wp-image-8301\" src=\"http:\/\/www.thesignspeaking.com\/wp-content\/uploads\/2017\/06\/yuan-lung-kao.png\" alt=\"\" width=\"910\" height=\"824\" srcset=\"https:\/\/www.thesignspeaking.com\/wp-content\/uploads\/2017\/06\/yuan-lung-kao.png 910w, https:\/\/www.thesignspeaking.com\/wp-content\/uploads\/2017\/06\/yuan-lung-kao-300x272.png 300w, https:\/\/www.thesignspeaking.com\/wp-content\/uploads\/2017\/06\/yuan-lung-kao-768x695.png 768w\" sizes=\"(max-width: 910px) 100vw, 910px\" \/> <img decoding=\"async\" class=\"alignnone size-large wp-image-8302\" src=\"http:\/\/www.thesignspeaking.com\/wp-content\/uploads\/2017\/06\/giorgia-venturi-feel-the-yarn.png\" alt=\"\" width=\"948\" height=\"704\" srcset=\"https:\/\/www.thesignspeaking.com\/wp-content\/uploads\/2017\/06\/giorgia-venturi-feel-the-yarn.png 948w, https:\/\/www.thesignspeaking.com\/wp-content\/uploads\/2017\/06\/giorgia-venturi-feel-the-yarn-300x223.png 300w, https:\/\/www.thesignspeaking.com\/wp-content\/uploads\/2017\/06\/giorgia-venturi-feel-the-yarn-768x570.png 768w\" sizes=\"(max-width: 948px) 100vw, 948px\" \/> <img decoding=\"async\" class=\"alignnone size-large wp-image-8303\" src=\"http:\/\/www.thesignspeaking.com\/wp-content\/uploads\/2017\/06\/theresa-scholl-feel-the-yarn.png\" alt=\"\" width=\"642\" height=\"804\" srcset=\"https:\/\/www.thesignspeaking.com\/wp-content\/uploads\/2017\/06\/theresa-scholl-feel-the-yarn.png 642w, https:\/\/www.thesignspeaking.com\/wp-content\/uploads\/2017\/06\/theresa-scholl-feel-the-yarn-240x300.png 240w\" sizes=\"(max-width: 642px) 100vw, 642px\" \/> <img decoding=\"async\" class=\"alignnone size-large wp-image-8304\" src=\"http:\/\/www.thesignspeaking.com\/wp-content\/uploads\/2017\/06\/nina-wilhelmy-feel-the-yarn-1024x875.png\" alt=\"\" width=\"1024\" height=\"875\" srcset=\"https:\/\/www.thesignspeaking.com\/wp-content\/uploads\/2017\/06\/nina-wilhelmy-feel-the-yarn-1024x875.png 1024w, https:\/\/www.thesignspeaking.com\/wp-content\/uploads\/2017\/06\/nina-wilhelmy-feel-the-yarn-300x256.png 300w, https:\/\/www.thesignspeaking.com\/wp-content\/uploads\/2017\/06\/nina-wilhelmy-feel-the-yarn-768x656.png 768w, https:\/\/www.thesignspeaking.com\/wp-content\/uploads\/2017\/06\/nina-wilhelmy-feel-the-yarn.png 1074w\" sizes=\"(max-width: 1024px) 100vw, 1024px\" \/><\/p>\n<\/span>","protected":false},"excerpt":{"rendered":"<p>Yarn training experience and design award for future knitwear designers at Pitti Immagine Filati 81, 28-30 June 2017<\/p>\n","protected":false},"author":3,"featured_media":8300,"comment_status":"open","ping_status":"open","sticky":false,"template":"","format":"standard","meta":[],"categories":[24,4],"tags":[],"_links":{"self":[{"href":"https:\/\/www.thesignspeaking.com\/it\/wp-json\/wp\/v2\/posts\/1595"}],"collection":[{"href":"https:\/\/www.thesignspeaking.com\/it\/wp-json\/wp\/v2\/posts"}],"about":[{"href":"https:\/\/www.thesignspeaking.com\/it\/wp-json\/wp\/v2\/types\/post"}],"author":[{"embeddable":true,"href":"https:\/\/www.thesignspeaking.com\/it\/wp-json\/wp\/v2\/users\/3"}],"replies":[{"embeddable":true,"href":"https:\/\/www.thesignspeaking.com\/it\/wp-json\/wp\/v2\/comments?post=1595"}],"version-history":[{"count":0,"href":"https:\/\/www.thesignspeaking.com\/it\/wp-json\/wp\/v2\/posts\/1595\/revisions"}],"wp:featuredmedia":[{"embeddable":true,"href":"https:\/\/www.thesignspeaking.com\/it\/wp-json\/wp\/v2\/media\/8300"}],"wp:attachment":[{"href":"https:\/\/www.thesignspeaking.com\/it\/wp-json\/wp\/v2\/media?parent=1595"}],"wp:term":[{"taxonomy":"category","embeddable":true,"href":"https:\/\/www.thesignspeaking.com\/it\/wp-json\/wp\/v2\/categories?post=1595"},{"taxonomy":"post_tag","embeddable":true,"href":"https:\/\/www.thesignspeaking.com\/it\/wp-json\/wp\/v2\/tags?post=1595"}],"curies":[{"name":"wp","href":"https:\/\/api.w.org\/{rel}","templated":true}]}}