{"id":16029,"date":"2022-05-26T23:45:27","date_gmt":"2022-05-26T21:45:27","guid":{"rendered":"https:\/\/www.thesignspeaking.com\/?p=16029"},"modified":"2022-05-28T17:46:30","modified_gmt":"2022-05-28T15:46:30","slug":"the-if-design-award-night-2022","status":"publish","type":"post","link":"https:\/\/www.thesignspeaking.com\/it\/the-if-design-award-night-2022\/","title":{"rendered":"LA NOTTE DEGLI iF DESIGN AWARD 2022"},"content":{"rendered":"<span class=\"cb-itemprop\" itemprop=\"reviewBody\">\n<h4 class=\"wp-block-heading\"><strong><strong>Il 16 maggio 2022 quasi 1.500 ospiti da 36 Paesi hanno celebrato, in una scintillante cerimonia di premiazione, i migliori iF design dell\u2019anno nel leggendario Friedrichstadt-Palast di Berlino<\/strong><\/strong><\/h4>\n\n\n\n<div class=\"wp-block-image\"><figure class=\"aligncenter size-large\"><img decoding=\"async\" width=\"1024\" height=\"683\" src=\"https:\/\/www.thesignspeaking.com\/wp-content\/uploads\/2022\/05\/RT47434.jpg\" alt=\"\" class=\"wp-image-16036\" srcset=\"https:\/\/www.thesignspeaking.com\/wp-content\/uploads\/2022\/05\/RT47434.jpg 1024w, https:\/\/www.thesignspeaking.com\/wp-content\/uploads\/2022\/05\/RT47434-300x200.jpg 300w, https:\/\/www.thesignspeaking.com\/wp-content\/uploads\/2022\/05\/RT47434-768x512.jpg 768w, https:\/\/www.thesignspeaking.com\/wp-content\/uploads\/2022\/05\/RT47434-360x240.jpg 360w\" sizes=\"(max-width: 1024px) 100vw, 1024px\" \/><\/figure><\/div>\n\n\n\n<p>In occasione di uno dei pi\u00f9 importanti eventi di design dell\u2019anno, la cr\u00e8me del design internazionale, quasi 1.500 ospiti da 36 Paesi, il 16 maggio 2022 ha celebrato al Friedrichstadt-Palast di Berlino i vincitori dell\u2019iF DESIGN AWARD 2022.<\/p>\n\n\n\n<div class=\"wp-block-image\"><figure class=\"aligncenter size-large\"><img decoding=\"async\" width=\"1024\" height=\"683\" src=\"https:\/\/www.thesignspeaking.com\/wp-content\/uploads\/2022\/05\/RT47455.jpg\" alt=\"\" class=\"wp-image-16038\" srcset=\"https:\/\/www.thesignspeaking.com\/wp-content\/uploads\/2022\/05\/RT47455.jpg 1024w, https:\/\/www.thesignspeaking.com\/wp-content\/uploads\/2022\/05\/RT47455-300x200.jpg 300w, https:\/\/www.thesignspeaking.com\/wp-content\/uploads\/2022\/05\/RT47455-768x512.jpg 768w, https:\/\/www.thesignspeaking.com\/wp-content\/uploads\/2022\/05\/RT47455-360x240.jpg 360w\" sizes=\"(max-width: 1024px) 100vw, 1024px\" \/><\/figure><\/div>\n\n\n\n<p>Settantatr\u00e8 prodotti e progetti hanno ricevuto un riconoscimento speciale: l\u2019iF DESIGN Gold AWARD 2022, la massima onorificenza conferita da iF, sinonimo di servizi eccezionali nel campo della progettazione.<\/p>\n\n\n\n<div class=\"wp-block-image\"><figure class=\"aligncenter size-large\"><img decoding=\"async\" width=\"1024\" height=\"683\" src=\"https:\/\/www.thesignspeaking.com\/wp-content\/uploads\/2022\/05\/MG_6072.jpg\" alt=\"\" class=\"wp-image-16032\" srcset=\"https:\/\/www.thesignspeaking.com\/wp-content\/uploads\/2022\/05\/MG_6072.jpg 1024w, https:\/\/www.thesignspeaking.com\/wp-content\/uploads\/2022\/05\/MG_6072-300x200.jpg 300w, https:\/\/www.thesignspeaking.com\/wp-content\/uploads\/2022\/05\/MG_6072-768x512.jpg 768w, https:\/\/www.thesignspeaking.com\/wp-content\/uploads\/2022\/05\/MG_6072-360x240.jpg 360w\" sizes=\"(max-width: 1024px) 100vw, 1024px\" \/><\/figure><\/div>\n\n\n\n<p>Dal 1954 \u00e8 considerato giudice indiscusso della qualit\u00e0 delle eccellenze del design e l&#8217;iF DESIGN AWARD \u00e8 una delle onorificenze per il design pi\u00f9 prestigiose al mondo. Premia soluzioni progettuali in tutte le discipline: design del prodotto, degli imballaggi, della comunicazione e dei servizi, architettura e architettura d&#8217;interni, nonch\u00e9 concept professionale, esperienza utente (UX) e interfaccia utente (UI).<\/p>\n\n\n\n<div class=\"wp-block-image\"><figure class=\"aligncenter size-large\"><img decoding=\"async\" width=\"1024\" height=\"683\" src=\"https:\/\/www.thesignspeaking.com\/wp-content\/uploads\/2022\/05\/MG_6169.jpg\" alt=\"\" class=\"wp-image-16033\" srcset=\"https:\/\/www.thesignspeaking.com\/wp-content\/uploads\/2022\/05\/MG_6169.jpg 1024w, https:\/\/www.thesignspeaking.com\/wp-content\/uploads\/2022\/05\/MG_6169-300x200.jpg 300w, https:\/\/www.thesignspeaking.com\/wp-content\/uploads\/2022\/05\/MG_6169-768x512.jpg 768w, https:\/\/www.thesignspeaking.com\/wp-content\/uploads\/2022\/05\/MG_6169-360x240.jpg 360w\" sizes=\"(max-width: 1024px) 100vw, 1024px\" \/><\/figure><\/div>\n\n\n\n<p>Sul palcoscenico pi\u00f9 grande del mondo (ben 2.854 metri quadrati!), i vincitori internazionali hanno ricevuto l\u2019ambita statuetta dorata iF dal CEO iF Uwe Cremering e dalla presentatrice televisiva Katrin M\u00fcller-Hohenstein.\u00a0\u00a0<\/p>\n\n\n\n<div class=\"wp-block-image\"><figure class=\"aligncenter size-large\"><img decoding=\"async\" width=\"1024\" height=\"683\" src=\"https:\/\/www.thesignspeaking.com\/wp-content\/uploads\/2022\/05\/MG_6266.jpg\" alt=\"\" class=\"wp-image-16034\" srcset=\"https:\/\/www.thesignspeaking.com\/wp-content\/uploads\/2022\/05\/MG_6266.jpg 1024w, https:\/\/www.thesignspeaking.com\/wp-content\/uploads\/2022\/05\/MG_6266-300x200.jpg 300w, https:\/\/www.thesignspeaking.com\/wp-content\/uploads\/2022\/05\/MG_6266-768x512.jpg 768w, https:\/\/www.thesignspeaking.com\/wp-content\/uploads\/2022\/05\/MG_6266-360x240.jpg 360w\" sizes=\"(max-width: 1024px) 100vw, 1024px\" \/><\/figure><\/div>\n\n\n\n<p>\u00c8 stato l&#8217;iF DESIGN AWARD pi\u00f9 grande di tutti i tempi: durante le due fasi della procedura di selezione sono state valutate quasi 11.000 candidature, provenienti da 57 nazioni, da una giuria indipendente composta da 132 esperti internazionali. Sono stati premiati in totale 1.973 progetti. Di questi, 73 candidature si sono aggiudicate l&#8217;ambito iF DESIGN AWARD Gold 2022 nelle discipline seguenti:\u00a0<\/p>\n\n\n\n<ul><li>Product design<\/li><li>Communication design<\/li><li>Packaging design<\/li><li>Service design<\/li><li>Architecture<\/li><li>Interior Architecture<\/li><li>User Experience (UX)<\/li><li>User Interface (UI)<\/li><li>Professional concept<\/li><\/ul>\n\n\n\n<div class=\"wp-block-image\"><figure class=\"aligncenter size-large\"><img decoding=\"async\" width=\"1024\" height=\"683\" src=\"https:\/\/www.thesignspeaking.com\/wp-content\/uploads\/2022\/05\/MG_6364.jpg\" alt=\"\" class=\"wp-image-16035\" srcset=\"https:\/\/www.thesignspeaking.com\/wp-content\/uploads\/2022\/05\/MG_6364.jpg 1024w, https:\/\/www.thesignspeaking.com\/wp-content\/uploads\/2022\/05\/MG_6364-300x200.jpg 300w, https:\/\/www.thesignspeaking.com\/wp-content\/uploads\/2022\/05\/MG_6364-768x512.jpg 768w, https:\/\/www.thesignspeaking.com\/wp-content\/uploads\/2022\/05\/MG_6364-360x240.jpg 360w\" sizes=\"(max-width: 1024px) 100vw, 1024px\" \/><\/figure><\/div>\n\n\n\n<p>&#8220;<em>Siamo davvero felici di aver potuto accogliere alla cerimonia di premiazione cos\u00ec tanti ospiti in tempi cos\u00ec difficili e che i vincitori non si siano fatti scoraggiare dal lungo e talvolta difficile viaggio per venire a ritirare di persona il loro premio e festeggiare insieme a noi\u201d <\/em>ha affermato il CEO Uwe Cremering.<strong> \u201c<\/strong><em>Vorremmo ringraziare ancora una volta i partecipanti per le numerose e interessantissime opere inviate. Aspettiamo gi\u00e0 con impazienza il prossimo turno, l\u2019iF DESIGN AWARD 2023, che \u00e8 gi\u00e0 stato avviato online<\/em>&#8220;.<\/p>\n\n\n\n<div class=\"wp-block-image\"><figure class=\"aligncenter size-large\"><img decoding=\"async\" width=\"1024\" height=\"683\" src=\"https:\/\/www.thesignspeaking.com\/wp-content\/uploads\/2022\/05\/B2A3075.jpg\" alt=\"\" class=\"wp-image-16031\" srcset=\"https:\/\/www.thesignspeaking.com\/wp-content\/uploads\/2022\/05\/B2A3075.jpg 1024w, https:\/\/www.thesignspeaking.com\/wp-content\/uploads\/2022\/05\/B2A3075-300x200.jpg 300w, https:\/\/www.thesignspeaking.com\/wp-content\/uploads\/2022\/05\/B2A3075-768x512.jpg 768w, https:\/\/www.thesignspeaking.com\/wp-content\/uploads\/2022\/05\/B2A3075-360x240.jpg 360w\" sizes=\"(max-width: 1024px) 100vw, 1024px\" \/><\/figure><\/div>\n\n\n\n<p>Gli oltre 51.000 prodotti e servizi che hanno ricevuto un iF award a partire dal 1954 sono tutti documentati sul sito iF Design dove \u00e8 possibile visualizzare tutte la opere vincitrici senza limiti di tempo. Alla voce BRANDS&#038;CREATIVES, pi\u00f9 di 8.000 aziende, studi, associazioni e musei di design si presentano con il loro profilo individuale.\u00a0<\/p>\n\n\n\n<div class=\"wp-block-image\"><figure class=\"aligncenter size-large\"><img decoding=\"async\" width=\"1024\" height=\"683\" src=\"https:\/\/www.thesignspeaking.com\/wp-content\/uploads\/2022\/05\/B2A3036.jpg\" alt=\"\" class=\"wp-image-16030\" srcset=\"https:\/\/www.thesignspeaking.com\/wp-content\/uploads\/2022\/05\/B2A3036.jpg 1024w, https:\/\/www.thesignspeaking.com\/wp-content\/uploads\/2022\/05\/B2A3036-300x200.jpg 300w, https:\/\/www.thesignspeaking.com\/wp-content\/uploads\/2022\/05\/B2A3036-768x512.jpg 768w, https:\/\/www.thesignspeaking.com\/wp-content\/uploads\/2022\/05\/B2A3036-360x240.jpg 360w\" sizes=\"(max-width: 1024px) 100vw, 1024px\" \/><\/figure><\/div>\n\n\n\n<p>Quest\u2019anno, al termine dell\u2019iF DESIGN AWARD, sar\u00e0 pubblicato per la prima volta il rapporto sulle tendenze iF Design. Rivolto a designer, reparti interni di design e team di sviluppo del prodotto di tutto il mondo, esamina le attuali tendenze del design e illustra chiaramente la loro interazione con le tendenze sociali. Il nuovo rapporto \u00e8 scaricabile dal sito <a href=\"http:\/\/www.ifdesign.com\/\">www.ifdesign.com<\/a>.<\/p>\n<\/span>","protected":false},"excerpt":{"rendered":"<p>Il 16 maggio 2022 quasi 1.500 ospiti da 36 Paesi hanno celebrato, in una scintillante cerimonia di premiazione, i migliori iF design dell\u2019anno nel leggendario Friedrichstadt-Palast di Berlino In occasione di uno dei pi\u00f9 importanti eventi di design dell\u2019anno, la cr\u00e8me del design internazionale, quasi 1.500 ospiti da 36 Paesi, il 16 maggio 2022 ha [&hellip;]<\/p>\n","protected":false},"author":4,"featured_media":16032,"comment_status":"open","ping_status":"open","sticky":false,"template":"","format":"standard","meta":[],"categories":[11],"tags":[1403,2075,27,908],"_links":{"self":[{"href":"https:\/\/www.thesignspeaking.com\/it\/wp-json\/wp\/v2\/posts\/16029"}],"collection":[{"href":"https:\/\/www.thesignspeaking.com\/it\/wp-json\/wp\/v2\/posts"}],"about":[{"href":"https:\/\/www.thesignspeaking.com\/it\/wp-json\/wp\/v2\/types\/post"}],"author":[{"embeddable":true,"href":"https:\/\/www.thesignspeaking.com\/it\/wp-json\/wp\/v2\/users\/4"}],"replies":[{"embeddable":true,"href":"https:\/\/www.thesignspeaking.com\/it\/wp-json\/wp\/v2\/comments?post=16029"}],"version-history":[{"count":3,"href":"https:\/\/www.thesignspeaking.com\/it\/wp-json\/wp\/v2\/posts\/16029\/revisions"}],"predecessor-version":[{"id":16042,"href":"https:\/\/www.thesignspeaking.com\/it\/wp-json\/wp\/v2\/posts\/16029\/revisions\/16042"}],"wp:featuredmedia":[{"embeddable":true,"href":"https:\/\/www.thesignspeaking.com\/it\/wp-json\/wp\/v2\/media\/16032"}],"wp:attachment":[{"href":"https:\/\/www.thesignspeaking.com\/it\/wp-json\/wp\/v2\/media?parent=16029"}],"wp:term":[{"taxonomy":"category","embeddable":true,"href":"https:\/\/www.thesignspeaking.com\/it\/wp-json\/wp\/v2\/categories?post=16029"},{"taxonomy":"post_tag","embeddable":true,"href":"https:\/\/www.thesignspeaking.com\/it\/wp-json\/wp\/v2\/tags?post=16029"}],"curies":[{"name":"wp","href":"https:\/\/api.w.org\/{rel}","templated":true}]}}