{"id":1607,"date":"2017-07-13T16:49:57","date_gmt":"2017-07-13T16:49:57","guid":{"rendered":"http:\/\/thesignspeaking.com\/2018\/02\/02\/a-new-ricard-iconic-item-designed-by-mathieu-lehanneur\/"},"modified":"2018-06-02T18:10:40","modified_gmt":"2018-06-02T16:10:40","slug":"a-new-ricard-iconic-item-designed-by-mathieu-lehanneur","status":"publish","type":"post","link":"https:\/\/www.thesignspeaking.com\/it\/a-new-ricard-iconic-item-designed-by-mathieu-lehanneur\/","title":{"rendered":"A new RICARD iconic item designed by Mathieu Lehanneur"},"content":{"rendered":"<span class=\"cb-itemprop\" itemprop=\"reviewBody\"><p>Dal 1932,\u00a0<a href=\"https:\/\/www.pernod-ricard.com\/en\" target=\"\"><b>Ricard<\/b><\/a>\u00a0ha lasciato il segno nella vita quotidiana delle persone attraverso oggetti che sono diventati elementi chiave del rito del consumo del suo celebre liquore, il Pastis. Posacenere, bicchieri, caraffe&#8230; hanno attraversato la cultura francese per generazioni all\u2019ora dell&#8217;aperitivo, nei bar e nei caff\u00e8. Nel 2017, Ricard rinnova il proprio patrimonio lungo 80 anni con una nuova caraffa creata dal designer francese\u00a0<a href=\"http:\/\/www.mathieulehanneur.fr\/\" target=\"\"><b>Mathieu Lehanneur<\/b><\/a>.<\/p>\n<p>Semplice e generosa, \u00e8 una caraffa da 70 cl che rivela una silhouette curva, robusta ed elegante. La purezza del suo design mette in evidenza la freschezza dell&#8217;acqua, elemento chiave del rituale. Al centro, il nuovo logo Ricard ricorda il sole delle origini del marchio e la sua autenticit\u00e0. Idealmente progettata per contenere una grande quantit\u00e0 di acqua, questa caraffa diventa il compagno perfetto per il Ricard, sia che venga servito in un calice o in un bicchiere grande con molta acqua fresca e cubetti di ghiaccio. La caraffa \u00e8 prodotta nel nord della Francia, vicino a Saint-Omer, dopo una tradizione di vetro di secolo.<\/p>\n<p>\u201c<i>Ricard \u00e8 riuscito a far parte del nostro patrimonio culturale e non ha mai smesso di evolversi. Progettare questa nuova caraffa significa per me portare avanti l&#8217;evoluzione di questa storia a livello mondiale<\/i>\u00bb afferma Mathieu Lehanneur. \u201c<i>Piace a coloro che passano dai bistrot ai ristoranti pi\u00f9 raffinati, pur rimanendo fedeli a se stessi<\/i>&#8220;. Mathieu Lehanneur \u00e8 uno dei pochi progettisti della sua generazione ad abbracciare un ampio campo di creativit\u00e0: dagli oggetti all&#8217;architettura, dall&#8217;arte al product design, dall&#8217;artigianato alla tecnologia. \u00c8 guidato dalla passione di soddisfare le sfide contemporanee: respirare meglio, dormire meglio, amare meglio, vivere meglio! Classificato tra i &#8220;100 World top designers and influencers&#8221; da Wallpaper e Surface, le sue creazioni hanno vinto numerosi premi. I suoi progetti fanno parte delle pi\u00f9 importanti collezioni permanenti di musei come il MoMA di New York e San Francisco, il Centre Pompidou e il Mus\u00e9e des Arts D\u00e9coratifs di Parigi.<\/p>\n<p>La storia tra l&#8217;azienda e il mondo del design si basa sulla personalit\u00e0 eccezionale del suo fondatore Paul Ricard (1909-1997). Colori, grafici, slogan famosi: &#8220;<i>Gar\u00e7on, un Ricard!&#8221;<\/i> (1939) e \u201c<i>Un Ricard, sinon rien<\/i>\u201d (1984), molti oggetti, canzoni, sport, ecologia, arte contemporanea, design&#8230; sono tra le modalit\u00e0 di comunicazione introdotte dal 1932 in poi dal fondatore di Ricard. Il suo punto forte era la sua capacit\u00e0 di comunicare liberamente, senza entrare in conflitto con la legislazione contemporanea.<\/p>\n<p>La mostra del 2012 al\u00a0<a href=\"http:\/\/www.lesartsdecoratifs.fr\/\" target=\"\"><b>Mus\u00e9e des Arts D\u00e9coratifs<\/b><\/a>\u00a0di Parigi, grazie ad interviste ai protagonisti e agli archivi della societ\u00e0, ha tracciato 80 anni di comunicazione creativa. B\u00e9atrice Salmon, direttore del Museo ha dichiarato: &#8220;<i>Ricard \u00e8 una di quelle marche importanti che fanno parte della nostra memoria collettiva. Oltre a questo, la saga della comunicazione di Ricard \u00e8 un caso, secondo il nostro modo di pensare. Si basa sulla personalit\u00e0 eccezionale di un uomo, Paul Ricard, inventore della ricetta del pastis per il quale ha creato loghi, bottiglie e slogan. Inoltre, nel quadro della legislazione sul consumo di alcool, la comunicazione aziendale di Ricard ha trovato soluzioni innovative. Associando il marchio con importanti eventi sportivi come corse automobilistiche, la gara di Castellet, il Tour de France, fino a quando questo \u00e8 stato consentito, toccando tutti i campi della creativit\u00e0, dal design al cinema. L\u2019allestimento abbiamo scelto di affidarlo a\u00a0<\/i><a href=\"http:\/\/www.jakobmacfarlane.com\/\" target=\"\"><b><span style=\"color: #1f497d;\">Jakob+MacFarlane<\/span><\/b><\/a><i>\u00a0&#8211; che ha costruito delle &#8220;isole&#8221; per esporre gli oggetti e documenti per singoli periodi &#8211; la cui collaborazione con la societ\u00e0 risale al 2007 quando ha progettato la lounge della Ricard Corporate Foundation<\/i>&#8220;.<\/p>\n<p>&nbsp;<\/p>\n<p><img decoding=\"async\" class=\"size-large wp-image-7995 aligncenter\" src=\"http:\/\/www.thesignspeaking.com\/wp-content\/uploads\/2017\/07\/carafe-2017-457x1024.jpg\" alt=\"\" width=\"457\" height=\"1024\" srcset=\"https:\/\/www.thesignspeaking.com\/wp-content\/uploads\/2017\/07\/carafe-2017-457x1024.jpg 457w, https:\/\/www.thesignspeaking.com\/wp-content\/uploads\/2017\/07\/carafe-2017-134x300.jpg 134w, https:\/\/www.thesignspeaking.com\/wp-content\/uploads\/2017\/07\/carafe-2017.jpg 536w\" sizes=\"(max-width: 457px) 100vw, 457px\" \/> <img decoding=\"async\" class=\"size-large wp-image-7996 aligncenter\" src=\"http:\/\/www.thesignspeaking.com\/wp-content\/uploads\/2017\/07\/panier-ricard-persstubes-5-5designstudio-741x1024.jpg\" alt=\"\" width=\"741\" height=\"1024\" srcset=\"https:\/\/www.thesignspeaking.com\/wp-content\/uploads\/2017\/07\/panier-ricard-persstubes-5-5designstudio-741x1024.jpg 741w, https:\/\/www.thesignspeaking.com\/wp-content\/uploads\/2017\/07\/panier-ricard-persstubes-5-5designstudio-217x300.jpg 217w, https:\/\/www.thesignspeaking.com\/wp-content\/uploads\/2017\/07\/panier-ricard-persstubes-5-5designstudio-768x1061.jpg 768w\" sizes=\"(max-width: 741px) 100vw, 741px\" \/> <img decoding=\"async\" class=\"size-large wp-image-7997 aligncenter\" src=\"http:\/\/www.thesignspeaking.com\/wp-content\/uploads\/2017\/07\/panier-ricard-lifestyle02-5-5designstudio.jpg\" alt=\"\" width=\"900\" height=\"600\" srcset=\"https:\/\/www.thesignspeaking.com\/wp-content\/uploads\/2017\/07\/panier-ricard-lifestyle02-5-5designstudio.jpg 900w, https:\/\/www.thesignspeaking.com\/wp-content\/uploads\/2017\/07\/panier-ricard-lifestyle02-5-5designstudio-300x200.jpg 300w, https:\/\/www.thesignspeaking.com\/wp-content\/uploads\/2017\/07\/panier-ricard-lifestyle02-5-5designstudio-768x512.jpg 768w, https:\/\/www.thesignspeaking.com\/wp-content\/uploads\/2017\/07\/panier-ricard-lifestyle02-5-5designstudio-360x240.jpg 360w\" sizes=\"(max-width: 900px) 100vw, 900px\" \/> <img decoding=\"async\" class=\"size-large wp-image-7998 aligncenter\" src=\"http:\/\/www.thesignspeaking.com\/wp-content\/uploads\/2017\/07\/image003.jpg\" alt=\"\" width=\"547\" height=\"308\" srcset=\"https:\/\/www.thesignspeaking.com\/wp-content\/uploads\/2017\/07\/image003.jpg 547w, https:\/\/www.thesignspeaking.com\/wp-content\/uploads\/2017\/07\/image003-300x169.jpg 300w\" sizes=\"(max-width: 547px) 100vw, 547px\" \/> <img decoding=\"async\" class=\"size-large wp-image-7999 aligncenter\" src=\"http:\/\/www.thesignspeaking.com\/wp-content\/uploads\/2017\/07\/carafe-1934.jpg\" alt=\"\" width=\"320\" height=\"612\" srcset=\"https:\/\/www.thesignspeaking.com\/wp-content\/uploads\/2017\/07\/carafe-1934.jpg 320w, https:\/\/www.thesignspeaking.com\/wp-content\/uploads\/2017\/07\/carafe-1934-157x300.jpg 157w\" sizes=\"(max-width: 320px) 100vw, 320px\" \/> <img decoding=\"async\" class=\"size-large wp-image-8000 aligncenter\" src=\"http:\/\/www.thesignspeaking.com\/wp-content\/uploads\/2017\/07\/carafe-1953-a-1965.jpg\" alt=\"\" width=\"249\" height=\"620\" srcset=\"https:\/\/www.thesignspeaking.com\/wp-content\/uploads\/2017\/07\/carafe-1953-a-1965.jpg 249w, https:\/\/www.thesignspeaking.com\/wp-content\/uploads\/2017\/07\/carafe-1953-a-1965-120x300.jpg 120w\" sizes=\"(max-width: 249px) 100vw, 249px\" \/> <img decoding=\"async\" class=\"size-large wp-image-8001 aligncenter\" src=\"http:\/\/www.thesignspeaking.com\/wp-content\/uploads\/2017\/07\/carafe-1967-a-1984.jpg\" alt=\"\" width=\"308\" height=\"578\" srcset=\"https:\/\/www.thesignspeaking.com\/wp-content\/uploads\/2017\/07\/carafe-1967-a-1984.jpg 308w, https:\/\/www.thesignspeaking.com\/wp-content\/uploads\/2017\/07\/carafe-1967-a-1984-160x300.jpg 160w\" sizes=\"(max-width: 308px) 100vw, 308px\" \/> <img decoding=\"async\" class=\"size-large wp-image-8002 aligncenter\" src=\"http:\/\/www.thesignspeaking.com\/wp-content\/uploads\/2017\/07\/bouteille_ricard_el_oh_bleu_hd.jpg\" alt=\"\" width=\"355\" height=\"900\" srcset=\"https:\/\/www.thesignspeaking.com\/wp-content\/uploads\/2017\/07\/bouteille_ricard_el_oh_bleu_hd.jpg 355w, https:\/\/www.thesignspeaking.com\/wp-content\/uploads\/2017\/07\/bouteille_ricard_el_oh_bleu_hd-118x300.jpg 118w\" sizes=\"(max-width: 355px) 100vw, 355px\" \/> <img decoding=\"async\" class=\"size-large wp-image-8003 aligncenter\" src=\"http:\/\/www.thesignspeaking.com\/wp-content\/uploads\/2017\/07\/bouteille_ricard_el_oh_jaune_hd.jpg\" alt=\"\" width=\"355\" height=\"900\" srcset=\"https:\/\/www.thesignspeaking.com\/wp-content\/uploads\/2017\/07\/bouteille_ricard_el_oh_jaune_hd.jpg 355w, https:\/\/www.thesignspeaking.com\/wp-content\/uploads\/2017\/07\/bouteille_ricard_el_oh_jaune_hd-118x300.jpg 118w\" sizes=\"(max-width: 355px) 100vw, 355px\" \/><\/p>\n<\/span>","protected":false},"excerpt":{"rendered":"<p>Paul Ricard\u2019s genius started a novel form of communication through objects that never die<\/p>\n","protected":false},"author":3,"featured_media":7995,"comment_status":"open","ping_status":"open","sticky":false,"template":"","format":"standard","meta":[],"categories":[15],"tags":[],"_links":{"self":[{"href":"https:\/\/www.thesignspeaking.com\/it\/wp-json\/wp\/v2\/posts\/1607"}],"collection":[{"href":"https:\/\/www.thesignspeaking.com\/it\/wp-json\/wp\/v2\/posts"}],"about":[{"href":"https:\/\/www.thesignspeaking.com\/it\/wp-json\/wp\/v2\/types\/post"}],"author":[{"embeddable":true,"href":"https:\/\/www.thesignspeaking.com\/it\/wp-json\/wp\/v2\/users\/3"}],"replies":[{"embeddable":true,"href":"https:\/\/www.thesignspeaking.com\/it\/wp-json\/wp\/v2\/comments?post=1607"}],"version-history":[{"count":0,"href":"https:\/\/www.thesignspeaking.com\/it\/wp-json\/wp\/v2\/posts\/1607\/revisions"}],"wp:featuredmedia":[{"embeddable":true,"href":"https:\/\/www.thesignspeaking.com\/it\/wp-json\/wp\/v2\/media\/7995"}],"wp:attachment":[{"href":"https:\/\/www.thesignspeaking.com\/it\/wp-json\/wp\/v2\/media?parent=1607"}],"wp:term":[{"taxonomy":"category","embeddable":true,"href":"https:\/\/www.thesignspeaking.com\/it\/wp-json\/wp\/v2\/categories?post=1607"},{"taxonomy":"post_tag","embeddable":true,"href":"https:\/\/www.thesignspeaking.com\/it\/wp-json\/wp\/v2\/tags?post=1607"}],"curies":[{"name":"wp","href":"https:\/\/api.w.org\/{rel}","templated":true}]}}