{"id":16070,"date":"2022-07-13T15:14:33","date_gmt":"2022-07-13T13:14:33","guid":{"rendered":"https:\/\/www.thesignspeaking.com\/?p=16070"},"modified":"2022-07-13T15:28:05","modified_gmt":"2022-07-13T13:28:05","slug":"valencia-world-design-capital-2022-is-open-for-holidays-with-kids","status":"publish","type":"post","link":"https:\/\/www.thesignspeaking.com\/it\/valencia-world-design-capital-2022-is-open-for-holidays-with-kids\/","title":{"rendered":"VACANZE ESTIVE DI DESIGN CON I BAMBINI A VALENCIA"},"content":{"rendered":"<span class=\"cb-itemprop\" itemprop=\"reviewBody\">\n<h4 class=\"wp-block-heading\"><strong><strong>Tra il gran numero di mostre, presentazioni, conferenze e proiezioni sul design che scuotono la stagione estiva della citt\u00e0 spagnola, anche due mostre dedicate al gioco e un laboratorio per bambini dal 12 al 17 luglio<\/strong><\/strong><\/h4>\n\n\n\n<p><\/p>\n\n\n\n<p>La variet\u00e0 di programmi gratuiti per tutte le et\u00e0 che il programma di attivit\u00e0 di <strong><a href=\"http:\/\/www.wdcvalencia2022.com\">World Design Capital Valencia 2022<\/a><\/strong> riunisce in concomitanza con la stagione estiva permette di riempire l&#8217;agenda delle vacanze di eventi interessanti da fare con i bambini nei mesi di luglio e agosto.<\/p>\n\n\n\n<p>Tra il gran numero di mostre, workshop, presentazioni, conferenze e proiezioni sul design che scuotono la stagione estiva della citt\u00e0 spagnola, anche 2 mostre dedicate al gioco e un laboratorio per bambini dal 12 al 17 luglio.<\/p>\n\n\n\n<h4 class=\"wp-block-heading\"><strong>La mostra &#8220;Case per giocare&#8221;<\/strong><\/h4>\n\n\n\n<p>La mostra <a href=\"https:\/\/drive.google.com\/drive\/folders\/17GuY30vmLaeTq0wokZnQ7c_z68nnkUT7?usp=sharing\"><strong>&#8220;Casas para jugar&#8221; <\/strong><\/a>(Case per giocare) esplora un tipo di giocattolo tradizionale, la casa, nell&#8217;attuale contesto sociale. L&#8217;esposizione, visitabile fino al 28 agosto presso il Museo Nazionale della Ceramica e delle Arti Suntuarie &#8220;Gonz\u00e1lez Mart\u00ed&#8221;, presenta prodotti di aziende spagnole e internazionali, nonch\u00e9 progetti innovativi di designer, concentrandosi su nuovi concetti che aggiungono valore sia attraverso le idee, i materiali, i metodi di produzione o perch\u00e9 rispondono alle particolarit\u00e0 e alle esigenze della societ\u00e0 a cui si rivolgono.<\/p>\n\n\n\n<div class=\"wp-block-image\"><figure class=\"aligncenter size-large\"><img decoding=\"async\" width=\"995\" height=\"995\" src=\"https:\/\/www.thesignspeaking.com\/wp-content\/uploads\/2022\/07\/WorldDesignCapitalValencia2022_CasasParaJugar_PlanToys.jpg\" alt=\"\" class=\"wp-image-16072\" srcset=\"https:\/\/www.thesignspeaking.com\/wp-content\/uploads\/2022\/07\/WorldDesignCapitalValencia2022_CasasParaJugar_PlanToys.jpg 995w, https:\/\/www.thesignspeaking.com\/wp-content\/uploads\/2022\/07\/WorldDesignCapitalValencia2022_CasasParaJugar_PlanToys-300x300.jpg 300w, https:\/\/www.thesignspeaking.com\/wp-content\/uploads\/2022\/07\/WorldDesignCapitalValencia2022_CasasParaJugar_PlanToys-150x150.jpg 150w, https:\/\/www.thesignspeaking.com\/wp-content\/uploads\/2022\/07\/WorldDesignCapitalValencia2022_CasasParaJugar_PlanToys-768x768.jpg 768w, https:\/\/www.thesignspeaking.com\/wp-content\/uploads\/2022\/07\/WorldDesignCapitalValencia2022_CasasParaJugar_PlanToys-125x125.jpg 125w\" sizes=\"(max-width: 995px) 100vw, 995px\" \/><\/figure><\/div>\n\n\n\n<p>Legato alla mostra, le organizzatrici Beatriz Garc\u00eda Pr\u00f3sper e Patricia Rodrigo Franco hanno progettato un laboratorio per bambini che, dal 12 al 17 luglio, invita i visitatori a giocare con la sperimentazione e la creativit\u00e0 attraverso oggetti creati digitalmente con cartone kraft e PLA in stampa 3D.<\/p>\n\n\n\n<div class=\"wp-block-image\"><figure class=\"aligncenter size-large\"><img decoding=\"async\" width=\"693\" height=\"1024\" src=\"https:\/\/www.thesignspeaking.com\/wp-content\/uploads\/2022\/07\/WorldDesignCapitalValencia2022_CasasParaJugar_Babel-693x1024.jpg\" alt=\"\" class=\"wp-image-16071\" srcset=\"https:\/\/www.thesignspeaking.com\/wp-content\/uploads\/2022\/07\/WorldDesignCapitalValencia2022_CasasParaJugar_Babel-693x1024.jpg 693w, https:\/\/www.thesignspeaking.com\/wp-content\/uploads\/2022\/07\/WorldDesignCapitalValencia2022_CasasParaJugar_Babel-203x300.jpg 203w, https:\/\/www.thesignspeaking.com\/wp-content\/uploads\/2022\/07\/WorldDesignCapitalValencia2022_CasasParaJugar_Babel-768x1136.jpg 768w, https:\/\/www.thesignspeaking.com\/wp-content\/uploads\/2022\/07\/WorldDesignCapitalValencia2022_CasasParaJugar_Babel.jpg 1024w\" sizes=\"(max-width: 693px) 100vw, 693px\" \/><\/figure><\/div>\n\n\n\n<h4 class=\"wp-block-heading\"><strong>La mostra &#8220;Giocare col Design&#8221;<\/strong><\/h4>\n\n\n\n<p>Il Centre del Carme Cultura Contempor\u00e0nia aprese le sue porte alla mostra <a href=\"https:\/\/drive.google.com\/drive\/folders\/1S7lnvsSWzdBbJokmd3xaCeWsnjOLIXw1?usp=sharing\"><strong>&#8220;Play with Design&#8221;<\/strong><\/a> aperta fino al 23 ottobre. L&#8217;iniziativa, coordinata da <a href=\"http:\/\/www.milimbo.com\/\">Milimbo<\/a>, presenta un approccio al design attraverso il gioco ed \u00e8 concepita come un programma che spiega e fornisce materiali con cui impegnarsi in un dialogo costante tra gioco e design.<\/p>\n\n\n\n<figure class=\"wp-block-image size-large\"><img decoding=\"async\" width=\"1024\" height=\"682\" src=\"https:\/\/www.thesignspeaking.com\/wp-content\/uploads\/2022\/07\/WorldDesignCapitalValencia2022_PlayWithDesign_BRAVA\u00a9_2.jpg\" alt=\"\" class=\"wp-image-16075\" srcset=\"https:\/\/www.thesignspeaking.com\/wp-content\/uploads\/2022\/07\/WorldDesignCapitalValencia2022_PlayWithDesign_BRAVA\u00a9_2.jpg 1024w, https:\/\/www.thesignspeaking.com\/wp-content\/uploads\/2022\/07\/WorldDesignCapitalValencia2022_PlayWithDesign_BRAVA\u00a9_2-300x200.jpg 300w, https:\/\/www.thesignspeaking.com\/wp-content\/uploads\/2022\/07\/WorldDesignCapitalValencia2022_PlayWithDesign_BRAVA\u00a9_2-768x512.jpg 768w, https:\/\/www.thesignspeaking.com\/wp-content\/uploads\/2022\/07\/WorldDesignCapitalValencia2022_PlayWithDesign_BRAVA\u00a9_2-360x240.jpg 360w\" sizes=\"(max-width: 1024px) 100vw, 1024px\" \/><\/figure>\n\n\n\n<p>Sfidando il visitatore a partecipare attivamente come creatore, &#8220;Play with Design&#8221; vuole dimostrare che il design non \u00e8 estraneo a nessuno e che, oltre a essere molto presente nelle nostre vite, \u00e8 uno strumento di apprendimento e di sviluppo umano.<\/p>\n\n\n\n<div class=\"wp-block-image\"><figure class=\"aligncenter size-large\"><img decoding=\"async\" width=\"682\" height=\"1024\" src=\"https:\/\/www.thesignspeaking.com\/wp-content\/uploads\/2022\/07\/WorldDesignCapitalValencia2022_PlayWithDesign_BRAVA\u00a9_1-682x1024.jpg\" alt=\"\" class=\"wp-image-16074\" srcset=\"https:\/\/www.thesignspeaking.com\/wp-content\/uploads\/2022\/07\/WorldDesignCapitalValencia2022_PlayWithDesign_BRAVA\u00a9_1-682x1024.jpg 682w, https:\/\/www.thesignspeaking.com\/wp-content\/uploads\/2022\/07\/WorldDesignCapitalValencia2022_PlayWithDesign_BRAVA\u00a9_1-200x300.jpg 200w, https:\/\/www.thesignspeaking.com\/wp-content\/uploads\/2022\/07\/WorldDesignCapitalValencia2022_PlayWithDesign_BRAVA\u00a9_1-768x1154.jpg 768w, https:\/\/www.thesignspeaking.com\/wp-content\/uploads\/2022\/07\/WorldDesignCapitalValencia2022_PlayWithDesign_BRAVA\u00a9_1-1023x1536.jpg 1023w, https:\/\/www.thesignspeaking.com\/wp-content\/uploads\/2022\/07\/WorldDesignCapitalValencia2022_PlayWithDesign_BRAVA\u00a9_1.jpg 1024w\" sizes=\"(max-width: 682px) 100vw, 682px\" \/><\/figure><\/div>\n\n\n\n<p><\/p>\n\n\n\n<h4 class=\"wp-block-heading\"><strong>About Val\u00e8ncia World Design Capital 2022<\/strong><\/h4>\n\n\n\n<p>Dopo la designazione biennale effettuata dalla World Design Organization\u00ae, la citt\u00e0 di Valencia e, per estensione, la Comunit\u00e0 Valenciana, \u00e8 una terra di creativit\u00e0 per i professionisti del design, dell&#8217;architettura, dell&#8217;interior design e dell&#8217;illustrazione negli ultimi cento anni dimostra una cultura del design che si estende a tutto il territorio.<\/p>\n\n\n\n<p>Il progetto, promosso dall&#8217;Associaci\u00f3 Val\u00e8ncia Capital del Disseny e con la Fundaci\u00f3 del Disseny de la Comunitat Valenciana, di recente creazione, incaricata del lascito, ha il sostegno di Ajuntament de Val\u00e8ncia, Generalitat Valenciana, Conselleria de Econom\u00eda Sostenible, Sectores Productivos, Comercio y Trabajo, Instituto Valenciano de Competitividad Empresarial (IVACE), Diputaci\u00f3 de Val\u00e8ncia, Visit Val\u00e8ncia, Feria Valencia, La Marina de Val\u00e8ncia, Agencia Espa\u00f1ola de Cooperaci\u00f3n Internacional para el Desarrollo (AECID) e Las Naves. Oltre ad avere come promotori l&#8217;Associazione dei designer della Comunit\u00e0 Valenciana (ADCV) e l&#8217;Associazione dei designer di interni della Comunit\u00e0 Valenciana (CDICV).<\/p>\n\n\n\n<p>L&#8217;iniziativa ha superato il livello locale per diventare un progetto di portata nazionale e proiezione internazionale, con il sostegno di tre ministeri: il Ministero della Scienza e dell&#8217;Innovazione, il Ministero della Cultura e dello Sport e il Ministero dell&#8217;Industria, del Commercio e del Turismo; nonch\u00e9 di altre istituzioni come ICEX (Spagna Export e Investimenti), Azione Culturale Spagnola, la Confederazione Imprenditoriale CEV, il Forum dei Marchi Spagnoli Rinomati, l&#8217;Arxiu Valenci\u00e0 del Disseny e la Fondazione Conexus. Ha inoltre ricevuto il sostegno di aziende collaboratrici come Actiu, AIDIMME, Andreu World, Cosentino, EMTRE (Entitat Metropolitana per al Tractament de Residus), Finsa, Fuente Primavera, Gandia Blasco Group, Grupo Torrecid, Inalco, Industrias Saludes, Instituto de Biomec\u00e1nica de Valencia, La Imprenta, Logopost, LZF-Lamps, Padima, Point, Profiltek, Punt, Renfe (trasporto ufficiale), Rolser, Tars, Tau Cer\u00e1mica, Teika, Veles e Vents, Vondom, Wandegar e Zumex, oltre a spazi culturali, enti educativi e organizzazioni professionali come READ (Rete Spagnola di Associazioni di Design), ComunitAD, FAD (Foment de les Arts i del Disseny), la piattaforma ArtEnBlanc, Dimova, il Collegio Ufficiale dei Pubblicitari della Regione di Valencia e il Collegio Territoriale degli Architetti di Valencia.<\/p>\n<\/span>","protected":false},"excerpt":{"rendered":"<p>Tra il gran numero di mostre, presentazioni, conferenze e proiezioni sul design che scuotono la stagione estiva della citt\u00e0 spagnola, anche due mostre dedicate al gioco e un laboratorio per bambini dal 12 al 17 luglio La variet\u00e0 di programmi gratuiti per tutte le et\u00e0 che il programma di attivit\u00e0 di World Design Capital Valencia [&hellip;]<\/p>\n","protected":false},"author":4,"featured_media":16072,"comment_status":"open","ping_status":"open","sticky":false,"template":"","format":"standard","meta":[],"categories":[9],"tags":[85,1552,8,2084,366],"_links":{"self":[{"href":"https:\/\/www.thesignspeaking.com\/it\/wp-json\/wp\/v2\/posts\/16070"}],"collection":[{"href":"https:\/\/www.thesignspeaking.com\/it\/wp-json\/wp\/v2\/posts"}],"about":[{"href":"https:\/\/www.thesignspeaking.com\/it\/wp-json\/wp\/v2\/types\/post"}],"author":[{"embeddable":true,"href":"https:\/\/www.thesignspeaking.com\/it\/wp-json\/wp\/v2\/users\/4"}],"replies":[{"embeddable":true,"href":"https:\/\/www.thesignspeaking.com\/it\/wp-json\/wp\/v2\/comments?post=16070"}],"version-history":[{"count":7,"href":"https:\/\/www.thesignspeaking.com\/it\/wp-json\/wp\/v2\/posts\/16070\/revisions"}],"predecessor-version":[{"id":16083,"href":"https:\/\/www.thesignspeaking.com\/it\/wp-json\/wp\/v2\/posts\/16070\/revisions\/16083"}],"wp:featuredmedia":[{"embeddable":true,"href":"https:\/\/www.thesignspeaking.com\/it\/wp-json\/wp\/v2\/media\/16072"}],"wp:attachment":[{"href":"https:\/\/www.thesignspeaking.com\/it\/wp-json\/wp\/v2\/media?parent=16070"}],"wp:term":[{"taxonomy":"category","embeddable":true,"href":"https:\/\/www.thesignspeaking.com\/it\/wp-json\/wp\/v2\/categories?post=16070"},{"taxonomy":"post_tag","embeddable":true,"href":"https:\/\/www.thesignspeaking.com\/it\/wp-json\/wp\/v2\/tags?post=16070"}],"curies":[{"name":"wp","href":"https:\/\/api.w.org\/{rel}","templated":true}]}}