{"id":16100,"date":"2022-07-21T12:02:25","date_gmt":"2022-07-21T10:02:25","guid":{"rendered":"https:\/\/www.thesignspeaking.com\/?p=16100"},"modified":"2022-07-21T12:07:31","modified_gmt":"2022-07-21T10:07:31","slug":"bags-with-stories-to-tell","status":"publish","type":"post","link":"https:\/\/www.thesignspeaking.com\/it\/bags-with-stories-to-tell\/","title":{"rendered":"BORSE CON STORIE DA RACCONTARE"},"content":{"rendered":"<span class=\"cb-itemprop\" itemprop=\"reviewBody\">\n<h4 class=\"wp-block-heading\">Ogni borsa \u00e8 una vela, ogni vela ha una storia. Ogni singolo prodotto Bolina Sail nasce da uno scarto di vela che ha terminato la sua avventura in mare.<\/h4>\n\n\n\n<p><\/p>\n\n\n\n<p>Ogni borsa \u00e8 una vela, ogni vela ha una storia da raccontare. Ogni singolo prodotto nasce da uno scarto di vela che ha terminato la sua avventura in mare. Bolina Sail, custode di questi tesori, \u00e8 a Lignano Sabbiadoro, piccola penisola che si affaccia sul Mar Adriatico tra Venezia e Trieste. La laguna intorno ha ispirato il progetto e lo alimenta quotidianamente attraverso un ricco ecosistema e i suoi paesaggi suggestivi.<\/p>\n\n\n\n<div class=\"wp-block-image\"><figure class=\"aligncenter size-large\"><img decoding=\"async\" width=\"1024\" height=\"684\" src=\"https:\/\/www.thesignspeaking.com\/wp-content\/uploads\/2022\/07\/Collezione-Classic-1024x684.jpg\" alt=\"\" class=\"wp-image-16112\" srcset=\"https:\/\/www.thesignspeaking.com\/wp-content\/uploads\/2022\/07\/Collezione-Classic-1024x684.jpg 1024w, https:\/\/www.thesignspeaking.com\/wp-content\/uploads\/2022\/07\/Collezione-Classic-300x200.jpg 300w, https:\/\/www.thesignspeaking.com\/wp-content\/uploads\/2022\/07\/Collezione-Classic-768x513.jpg 768w, https:\/\/www.thesignspeaking.com\/wp-content\/uploads\/2022\/07\/Collezione-Classic-1536x1025.jpg 1536w, https:\/\/www.thesignspeaking.com\/wp-content\/uploads\/2022\/07\/Collezione-Classic-360x240.jpg 360w, https:\/\/www.thesignspeaking.com\/wp-content\/uploads\/2022\/07\/Collezione-Classic.jpg 2000w\" sizes=\"(max-width: 1024px) 100vw, 1024px\" \/><\/figure><\/div>\n\n\n\n<p>\u201c<em>Il mare \u00e8 il nostro mondo: vogliamo fare la nostra parte per ridurre l&#8217;impatto ambientale dell&#8217;uomo sulla Terra<\/em>\u201d dicono a Bolina Sail, un affiatato team di artigiani che ogni giorno mettono la testa, le mani, il cuore per costruire borse e accessori sostenibili e insostituibili.<\/p>\n\n\n\n<div class=\"wp-block-image\"><figure class=\"aligncenter size-large\"><img decoding=\"async\" width=\"1024\" height=\"576\" src=\"https:\/\/www.thesignspeaking.com\/wp-content\/uploads\/2022\/07\/Bolina-Sail-sea-1024x576.jpg\" alt=\"\" class=\"wp-image-16110\" srcset=\"https:\/\/www.thesignspeaking.com\/wp-content\/uploads\/2022\/07\/Bolina-Sail-sea-1024x576.jpg 1024w, https:\/\/www.thesignspeaking.com\/wp-content\/uploads\/2022\/07\/Bolina-Sail-sea-300x169.jpg 300w, https:\/\/www.thesignspeaking.com\/wp-content\/uploads\/2022\/07\/Bolina-Sail-sea-768x432.jpg 768w, https:\/\/www.thesignspeaking.com\/wp-content\/uploads\/2022\/07\/Bolina-Sail-sea-1536x864.jpg 1536w, https:\/\/www.thesignspeaking.com\/wp-content\/uploads\/2022\/07\/Bolina-Sail-sea.jpg 1920w\" sizes=\"(max-width: 1024px) 100vw, 1024px\" \/><figcaption>Bolina Sail<\/figcaption><\/figure><\/div>\n\n\n\n<p>\u201c<em>Abbiamo a cuore tutto ci\u00f2 che sta sopra e sotto il mare. Il mare per noi \u00e8 un punto di riferimento che d\u00e0 forma alla nostra vita e determina le nostre azioni. Ora che il cambiamento climatico sta mettendo a rischio la biodiversit\u00e0 degli ecosistemi, anche l\u2019ambiente marino \u00e8 sempre pi\u00f9 fragile e minacciato. Ci vogliamo impegnare a proteggerlo e salvaguardarlo, nella vita privata come nei gesti del nostro lavoro quotidiano: ogni vela recuperata e ogni punto di cucitura sulle borse Bolina Sail si porta dietro questa consapevolezza e questa visione<\/em>\u201d.<\/p>\n\n\n\n<div class=\"wp-block-image\"><figure class=\"aligncenter size-large\"><img decoding=\"async\" width=\"1024\" height=\"683\" src=\"https:\/\/www.thesignspeaking.com\/wp-content\/uploads\/2022\/07\/Bolina-Sail-Handmade-1024x683.jpg\" alt=\"\" class=\"wp-image-16111\" srcset=\"https:\/\/www.thesignspeaking.com\/wp-content\/uploads\/2022\/07\/Bolina-Sail-Handmade-1024x683.jpg 1024w, https:\/\/www.thesignspeaking.com\/wp-content\/uploads\/2022\/07\/Bolina-Sail-Handmade-300x200.jpg 300w, https:\/\/www.thesignspeaking.com\/wp-content\/uploads\/2022\/07\/Bolina-Sail-Handmade-768x512.jpg 768w, https:\/\/www.thesignspeaking.com\/wp-content\/uploads\/2022\/07\/Bolina-Sail-Handmade-360x240.jpg 360w, https:\/\/www.thesignspeaking.com\/wp-content\/uploads\/2022\/07\/Bolina-Sail-Handmade.jpg 1200w\" sizes=\"(max-width: 1024px) 100vw, 1024px\" \/><\/figure><\/div>\n\n\n\n<p>I materiali di cui sono composte le vele sono resistenti al vento e alle intemperie, e si prestano perfettamente a rinascere sotto nuove forme. Ogni vela rivive in prodotti ad alta qualit\u00e0 artigianale, confezionati con pazienza e esperienza.<\/p>\n\n\n\n<div class=\"wp-block-image\"><figure class=\"aligncenter size-large\"><img decoding=\"async\" width=\"1000\" height=\"1000\" src=\"https:\/\/www.thesignspeaking.com\/wp-content\/uploads\/2022\/07\/Etichetta-interna-05.jpg\" alt=\"\" class=\"wp-image-16109\" srcset=\"https:\/\/www.thesignspeaking.com\/wp-content\/uploads\/2022\/07\/Etichetta-interna-05.jpg 1000w, https:\/\/www.thesignspeaking.com\/wp-content\/uploads\/2022\/07\/Etichetta-interna-05-300x300.jpg 300w, https:\/\/www.thesignspeaking.com\/wp-content\/uploads\/2022\/07\/Etichetta-interna-05-150x150.jpg 150w, https:\/\/www.thesignspeaking.com\/wp-content\/uploads\/2022\/07\/Etichetta-interna-05-768x768.jpg 768w, https:\/\/www.thesignspeaking.com\/wp-content\/uploads\/2022\/07\/Etichetta-interna-05-125x125.jpg 125w\" sizes=\"(max-width: 1000px) 100vw, 1000px\" \/><\/figure><\/div>\n\n\n\n<p>Ogni borsa raccoglie le storie dei tessuti di cui \u00e8 composta, creando ogni volta un pezzo unico, confezionato a mano con la fantasia e la cura del Made in Italy. Alle vele usate delle barche da regata, crociera, windsurf e kitesurf diamo una seconda vita trasformandole in borse e accessori: materiali tecnici come kevlar, dacron e carbonio vengono quindi riciclati, evitando lo smaltimento anticipato e aiutando l&#8217;ambiente.<\/p>\n\n\n\n<div class=\"wp-block-image\"><figure class=\"aligncenter size-large\"><img decoding=\"async\" width=\"1000\" height=\"1000\" src=\"https:\/\/www.thesignspeaking.com\/wp-content\/uploads\/2022\/07\/Itaca-black-03.jpg\" alt=\"\" class=\"wp-image-16103\" srcset=\"https:\/\/www.thesignspeaking.com\/wp-content\/uploads\/2022\/07\/Itaca-black-03.jpg 1000w, https:\/\/www.thesignspeaking.com\/wp-content\/uploads\/2022\/07\/Itaca-black-03-300x300.jpg 300w, https:\/\/www.thesignspeaking.com\/wp-content\/uploads\/2022\/07\/Itaca-black-03-150x150.jpg 150w, https:\/\/www.thesignspeaking.com\/wp-content\/uploads\/2022\/07\/Itaca-black-03-768x768.jpg 768w, https:\/\/www.thesignspeaking.com\/wp-content\/uploads\/2022\/07\/Itaca-black-03-125x125.jpg 125w\" sizes=\"(max-width: 1000px) 100vw, 1000px\" \/><figcaption>Bolina Sail, Itaca bag\n<\/figcaption><\/figure><\/div>\n\n\n\n<p>RICICLO:<strong> <\/strong>Le borse sono composte da vele al 100% riciclate.<\/p>\n\n\n\n<div class=\"wp-block-image\"><figure class=\"aligncenter size-large\"><img decoding=\"async\" width=\"1000\" height=\"1000\" src=\"https:\/\/www.thesignspeaking.com\/wp-content\/uploads\/2022\/07\/Vulcano-red-02.jpg\" alt=\"\" class=\"wp-image-16102\" srcset=\"https:\/\/www.thesignspeaking.com\/wp-content\/uploads\/2022\/07\/Vulcano-red-02.jpg 1000w, https:\/\/www.thesignspeaking.com\/wp-content\/uploads\/2022\/07\/Vulcano-red-02-300x300.jpg 300w, https:\/\/www.thesignspeaking.com\/wp-content\/uploads\/2022\/07\/Vulcano-red-02-150x150.jpg 150w, https:\/\/www.thesignspeaking.com\/wp-content\/uploads\/2022\/07\/Vulcano-red-02-768x768.jpg 768w, https:\/\/www.thesignspeaking.com\/wp-content\/uploads\/2022\/07\/Vulcano-red-02-125x125.jpg 125w\" sizes=\"(max-width: 1000px) 100vw, 1000px\" \/><figcaption>Bolina Sail, Vulcano bag<\/figcaption><\/figure><\/div>\n\n\n\n<p>ARTIGIANATO: Ciascuna di esse \u00e8 prodotta a mano secondo un processo al 100% artigianale.<\/p>\n\n\n\n<figure class=\"wp-block-image size-large\"><img decoding=\"async\" width=\"1000\" height=\"1000\" src=\"https:\/\/www.thesignspeaking.com\/wp-content\/uploads\/2022\/07\/Randa-red-02.jpg\" alt=\"\" class=\"wp-image-16101\" srcset=\"https:\/\/www.thesignspeaking.com\/wp-content\/uploads\/2022\/07\/Randa-red-02.jpg 1000w, https:\/\/www.thesignspeaking.com\/wp-content\/uploads\/2022\/07\/Randa-red-02-300x300.jpg 300w, https:\/\/www.thesignspeaking.com\/wp-content\/uploads\/2022\/07\/Randa-red-02-150x150.jpg 150w, https:\/\/www.thesignspeaking.com\/wp-content\/uploads\/2022\/07\/Randa-red-02-768x768.jpg 768w, https:\/\/www.thesignspeaking.com\/wp-content\/uploads\/2022\/07\/Randa-red-02-125x125.jpg 125w\" sizes=\"(max-width: 1000px) 100vw, 1000px\" \/><figcaption>Bolina Sail, Randa bag<\/figcaption><\/figure>\n\n\n\n<p>KM 0: I materiali di cui sono composte sono al 100% italiani e prodotti il pi\u00f9 vicino possibile al laboratorio.<\/p>\n\n\n\n<div class=\"wp-block-image\"><figure class=\"aligncenter size-large\"><img decoding=\"async\" width=\"1000\" height=\"1000\" src=\"https:\/\/www.thesignspeaking.com\/wp-content\/uploads\/2022\/07\/Fuerteventura-yellow-01.jpg\" alt=\"\" class=\"wp-image-16105\" srcset=\"https:\/\/www.thesignspeaking.com\/wp-content\/uploads\/2022\/07\/Fuerteventura-yellow-01.jpg 1000w, https:\/\/www.thesignspeaking.com\/wp-content\/uploads\/2022\/07\/Fuerteventura-yellow-01-300x300.jpg 300w, https:\/\/www.thesignspeaking.com\/wp-content\/uploads\/2022\/07\/Fuerteventura-yellow-01-150x150.jpg 150w, https:\/\/www.thesignspeaking.com\/wp-content\/uploads\/2022\/07\/Fuerteventura-yellow-01-768x768.jpg 768w, https:\/\/www.thesignspeaking.com\/wp-content\/uploads\/2022\/07\/Fuerteventura-yellow-01-125x125.jpg 125w\" sizes=\"(max-width: 1000px) 100vw, 1000px\" \/><figcaption>Bolina Sail, Fuerteventura bag<\/figcaption><\/figure><\/div>\n\n\n\n<p>La filosofia\u00e8 di lavorare con l\u2019upcycling, partendo da materiali di scarto e trasformandoli in qualcosa di nuovo, il modo che Bolina Sail ha scelto di \u201crisalire il vento\u201d. La bolina \u00e8 infatti un&#8217;andatura tipica della barca a vela che permette di &#8220;risalire&#8221; il vento, di portare la prua il pi\u00f9 possibile nella sua direzione in modo da prendere velocit\u00e0. Per chi va a vela la bolina l\u2019andatura pi\u00f9 emozionante, in cui normale che la barca si inclini e venga trasportata via, come se dovesse improvvisamente spiccare il volo&#8230; Per Bolina Sail \u00e8 una sfida dinamica ed emozionante, anche quando il mondo intero sembra andare \u201ccol vento in poppa\u201d (cio\u00e8, favorevole) in tutt\u2019altra direzione. Il cambio di rotta \u00e8 necessario, e l\u2019umanit\u00e0 sta raccogliendo questa sfida con sempre maggior seriet\u00e0.<\/p>\n\n\n\n<div class=\"wp-block-image\"><figure class=\"aligncenter size-large\"><img decoding=\"async\" width=\"1000\" height=\"1000\" src=\"https:\/\/www.thesignspeaking.com\/wp-content\/uploads\/2022\/07\/Cipro-red-02.jpg\" alt=\"\" class=\"wp-image-16108\" srcset=\"https:\/\/www.thesignspeaking.com\/wp-content\/uploads\/2022\/07\/Cipro-red-02.jpg 1000w, https:\/\/www.thesignspeaking.com\/wp-content\/uploads\/2022\/07\/Cipro-red-02-300x300.jpg 300w, https:\/\/www.thesignspeaking.com\/wp-content\/uploads\/2022\/07\/Cipro-red-02-150x150.jpg 150w, https:\/\/www.thesignspeaking.com\/wp-content\/uploads\/2022\/07\/Cipro-red-02-768x768.jpg 768w, https:\/\/www.thesignspeaking.com\/wp-content\/uploads\/2022\/07\/Cipro-red-02-125x125.jpg 125w\" sizes=\"(max-width: 1000px) 100vw, 1000px\" \/><figcaption>Bolina Sail, Cipro bag<\/figcaption><\/figure><\/div>\n\n\n\n<div class=\"wp-block-image\"><figure class=\"aligncenter size-large\"><img decoding=\"async\" width=\"1000\" height=\"1000\" src=\"https:\/\/www.thesignspeaking.com\/wp-content\/uploads\/2022\/07\/Gomena-blue-02.jpg\" alt=\"\" class=\"wp-image-16104\" srcset=\"https:\/\/www.thesignspeaking.com\/wp-content\/uploads\/2022\/07\/Gomena-blue-02.jpg 1000w, https:\/\/www.thesignspeaking.com\/wp-content\/uploads\/2022\/07\/Gomena-blue-02-300x300.jpg 300w, https:\/\/www.thesignspeaking.com\/wp-content\/uploads\/2022\/07\/Gomena-blue-02-150x150.jpg 150w, https:\/\/www.thesignspeaking.com\/wp-content\/uploads\/2022\/07\/Gomena-blue-02-768x768.jpg 768w, https:\/\/www.thesignspeaking.com\/wp-content\/uploads\/2022\/07\/Gomena-blue-02-125x125.jpg 125w\" sizes=\"(max-width: 1000px) 100vw, 1000px\" \/><figcaption>Bolina Sail, Gomena bag<\/figcaption><\/figure><\/div>\n\n\n\n<figure class=\"wp-block-image size-large\"><img decoding=\"async\" width=\"1000\" height=\"1000\" src=\"https:\/\/www.thesignspeaking.com\/wp-content\/uploads\/2022\/07\/Fiocco-blue-01.jpg\" alt=\"\" class=\"wp-image-16106\" srcset=\"https:\/\/www.thesignspeaking.com\/wp-content\/uploads\/2022\/07\/Fiocco-blue-01.jpg 1000w, https:\/\/www.thesignspeaking.com\/wp-content\/uploads\/2022\/07\/Fiocco-blue-01-300x300.jpg 300w, https:\/\/www.thesignspeaking.com\/wp-content\/uploads\/2022\/07\/Fiocco-blue-01-150x150.jpg 150w, https:\/\/www.thesignspeaking.com\/wp-content\/uploads\/2022\/07\/Fiocco-blue-01-768x768.jpg 768w, https:\/\/www.thesignspeaking.com\/wp-content\/uploads\/2022\/07\/Fiocco-blue-01-125x125.jpg 125w\" sizes=\"(max-width: 1000px) 100vw, 1000px\" \/><figcaption>Bolina Sail, Fiocco bag<\/figcaption><\/figure>\n<\/span>","protected":false},"excerpt":{"rendered":"<p>Ogni borsa \u00e8 una vela, ogni vela ha una storia. Ogni singolo prodotto Bolina Sail nasce da uno scarto di vela che ha terminato la sua avventura in mare. Ogni borsa \u00e8 una vela, ogni vela ha una storia da raccontare. Ogni singolo prodotto nasce da uno scarto di vela che ha terminato la sua [&hellip;]<\/p>\n","protected":false},"author":4,"featured_media":16112,"comment_status":"open","ping_status":"open","sticky":false,"template":"","format":"standard","meta":[],"categories":[4],"tags":[2090,415,27,33,2089,262,2087,2088,2],"_links":{"self":[{"href":"https:\/\/www.thesignspeaking.com\/it\/wp-json\/wp\/v2\/posts\/16100"}],"collection":[{"href":"https:\/\/www.thesignspeaking.com\/it\/wp-json\/wp\/v2\/posts"}],"about":[{"href":"https:\/\/www.thesignspeaking.com\/it\/wp-json\/wp\/v2\/types\/post"}],"author":[{"embeddable":true,"href":"https:\/\/www.thesignspeaking.com\/it\/wp-json\/wp\/v2\/users\/4"}],"replies":[{"embeddable":true,"href":"https:\/\/www.thesignspeaking.com\/it\/wp-json\/wp\/v2\/comments?post=16100"}],"version-history":[{"count":3,"href":"https:\/\/www.thesignspeaking.com\/it\/wp-json\/wp\/v2\/posts\/16100\/revisions"}],"predecessor-version":[{"id":16116,"href":"https:\/\/www.thesignspeaking.com\/it\/wp-json\/wp\/v2\/posts\/16100\/revisions\/16116"}],"wp:featuredmedia":[{"embeddable":true,"href":"https:\/\/www.thesignspeaking.com\/it\/wp-json\/wp\/v2\/media\/16112"}],"wp:attachment":[{"href":"https:\/\/www.thesignspeaking.com\/it\/wp-json\/wp\/v2\/media?parent=16100"}],"wp:term":[{"taxonomy":"category","embeddable":true,"href":"https:\/\/www.thesignspeaking.com\/it\/wp-json\/wp\/v2\/categories?post=16100"},{"taxonomy":"post_tag","embeddable":true,"href":"https:\/\/www.thesignspeaking.com\/it\/wp-json\/wp\/v2\/tags?post=16100"}],"curies":[{"name":"wp","href":"https:\/\/api.w.org\/{rel}","templated":true}]}}