{"id":16121,"date":"2022-08-04T14:25:27","date_gmt":"2022-08-04T12:25:27","guid":{"rendered":"https:\/\/www.thesignspeaking.com\/?p=16121"},"modified":"2022-08-04T14:35:30","modified_gmt":"2022-08-04T12:35:30","slug":"enlogrono-international-festival-of-architecture-and-design-among-the-best-cultural-proposals-in-spainitil-festival-internazionale-di-architettura-e-design-di-logrono-tra-le-migliori-proposte-cu","status":"publish","type":"post","link":"https:\/\/www.thesignspeaking.com\/it\/enlogrono-international-festival-of-architecture-and-design-among-the-best-cultural-proposals-in-spainitil-festival-internazionale-di-architettura-e-design-di-logrono-tra-le-migliori-proposte-cu\/","title":{"rendered":"IL FESTIVAL INTERNAZIONALE DI ARCHITETTURA E DESIGN DI LOGRO\u00d1O TRA LE MIGLIORI PROPOSTE CULTURALI DELLA SPAGNA"},"content":{"rendered":"<span class=\"cb-itemprop\" itemprop=\"reviewBody\">\n<h4 class=\"wp-block-heading\">L&#8217;ottava edizione di Conc\u00e9ntrico amplia il focus abituale del festival, il centro storico di Logro\u00f1o, ed esplora nuovi spazi urbani<\/h4>\n\n\n\n<p>La nuova edizione di Conc\u00e9ntrico riunir\u00e0 oltre cento partecipanti dall&#8217;1 al 6 settembre, con visitatori, ospiti e venti team che svilupperanno interventi a Logro\u00f1o: ventritr\u00e8 attivit\u00e0, cento sedie, workshop e mostre che trasformeranno la citt\u00e0 della regione spagnola de La Rioja, famosa per suoi i vini, proponendo nuovi usi collettivi che rafforzano l&#8217;idea di comunit\u00e0 nello spazio pubblico.<\/p>\n\n\n\n<div class=\"wp-block-image\"><figure class=\"aligncenter size-large\"><img decoding=\"async\" width=\"1024\" height=\"651\" src=\"https:\/\/www.thesignspeaking.com\/wp-content\/uploads\/2022\/08\/202f5877-42a2-7814-8fa9-a90294d7f154.png\" alt=\"\" class=\"wp-image-16123\" srcset=\"https:\/\/www.thesignspeaking.com\/wp-content\/uploads\/2022\/08\/202f5877-42a2-7814-8fa9-a90294d7f154.png 1024w, https:\/\/www.thesignspeaking.com\/wp-content\/uploads\/2022\/08\/202f5877-42a2-7814-8fa9-a90294d7f154-300x191.png 300w, https:\/\/www.thesignspeaking.com\/wp-content\/uploads\/2022\/08\/202f5877-42a2-7814-8fa9-a90294d7f154-768x488.png 768w, https:\/\/www.thesignspeaking.com\/wp-content\/uploads\/2022\/08\/202f5877-42a2-7814-8fa9-a90294d7f154-100x65.png 100w\" sizes=\"(max-width: 1024px) 100vw, 1024px\" \/><\/figure><\/div>\n\n\n\n<p>Dal 2015, il festival ha realizzato novantuno installazioni urbane nelle sue sette edizioni, alle quali si aggiungeranno i seguenti team per le proposte di Conc\u00e9ntrico 08 nel 2022: Konstantin Grci, matali crasset, Izaskun Chinchilla, Associates Architecture, Piovenefabi, Tudor Vlasceanu, SKULL studio, Germane Barnes, Rintala Eggertsson Architects, BUDCUD, Tableau, Yemail Architecture, Pawel Grobelny, Inventaires #3, Dallas + Pool is cool, AAA, Ander L\u00f3pez + Sarai Olabarrieta, Collective X e le scuole ospiti con Gonzalo Herrero + Pati Santos &#8211; Central Saint Martins e Clara Alonso, Marta Basterra e Mikel Aguerrea &#8211; Escuela Superior de Dise\u00f1o de La Rioja.<\/p>\n\n\n\n<div class=\"wp-block-image\"><figure class=\"aligncenter size-large\"><img decoding=\"async\" width=\"1024\" height=\"819\" src=\"https:\/\/www.thesignspeaking.com\/wp-content\/uploads\/2022\/08\/bf874e44-555b-3fd8-ec3c-ebaa251841db-1024x819.jpg\" alt=\"\" class=\"wp-image-16127\" srcset=\"https:\/\/www.thesignspeaking.com\/wp-content\/uploads\/2022\/08\/bf874e44-555b-3fd8-ec3c-ebaa251841db-1024x819.jpg 1024w, https:\/\/www.thesignspeaking.com\/wp-content\/uploads\/2022\/08\/bf874e44-555b-3fd8-ec3c-ebaa251841db-300x240.jpg 300w, https:\/\/www.thesignspeaking.com\/wp-content\/uploads\/2022\/08\/bf874e44-555b-3fd8-ec3c-ebaa251841db-768x614.jpg 768w, https:\/\/www.thesignspeaking.com\/wp-content\/uploads\/2022\/08\/bf874e44-555b-3fd8-ec3c-ebaa251841db.jpg 1200w\" sizes=\"(max-width: 1024px) 100vw, 1024px\" \/><figcaption>matali crasset disegna un gufo a Conc\u00e9ntrico come nuovo spazio intergenerazionale<\/figcaption><\/figure><\/div>\n\n\n\n<p>L&#8217;ottava edizione di Conc\u00e9ntrico amplia il focus abituale del festival, il centro storico di Logro\u00f1o, ed esplora nuove pratiche urbane portando le proposte in luoghi che lo ampliano in un ascolto costante che si evolve per continuare a sollevare dibattiti che guardano alla citt\u00e0 stessa.<\/p>\n\n\n\n<div class=\"wp-block-image\"><figure class=\"aligncenter size-large\"><img decoding=\"async\" width=\"1024\" height=\"683\" src=\"https:\/\/www.thesignspeaking.com\/wp-content\/uploads\/2022\/08\/e6784e21-0c5b-76c9-6c7b-820717f45225-1024x683.jpg\" alt=\"\" class=\"wp-image-16126\" srcset=\"https:\/\/www.thesignspeaking.com\/wp-content\/uploads\/2022\/08\/e6784e21-0c5b-76c9-6c7b-820717f45225-1024x683.jpg 1024w, https:\/\/www.thesignspeaking.com\/wp-content\/uploads\/2022\/08\/e6784e21-0c5b-76c9-6c7b-820717f45225-300x200.jpg 300w, https:\/\/www.thesignspeaking.com\/wp-content\/uploads\/2022\/08\/e6784e21-0c5b-76c9-6c7b-820717f45225-768x512.jpg 768w, https:\/\/www.thesignspeaking.com\/wp-content\/uploads\/2022\/08\/e6784e21-0c5b-76c9-6c7b-820717f45225-360x240.jpg 360w, https:\/\/www.thesignspeaking.com\/wp-content\/uploads\/2022\/08\/e6784e21-0c5b-76c9-6c7b-820717f45225.jpg 1200w\" sizes=\"(max-width: 1024px) 100vw, 1024px\" \/><figcaption>Konstantin Grcic a Conc\u00e9ntrico<\/figcaption><\/figure><\/div>\n\n\n\n<p>Luoghi che mettono in relazione il festival con nuovi paesaggi come il Monte Cantabria, punto di osservazione sulla citt\u00e0, o il fiume Ebro, accanto al letto del fiume; spazi urbani unici con cui lavorare sulla scala della prossimit\u00e0 come La Rosaleda del Paseo del Espol\u00f3n o la via Obispo Bustamante; o le nuove aree e spazi urbani in trasformazione come il Parque Felipe VI o il lotto vuoto in Calle Marqu\u00e9s de San Nicol\u00e1s.<\/p>\n\n\n\n<div class=\"wp-block-image\"><figure class=\"aligncenter size-large\"><img decoding=\"async\" width=\"1024\" height=\"693\" src=\"https:\/\/www.thesignspeaking.com\/wp-content\/uploads\/2022\/08\/15302e14-f875-f238-cae0-fa091f720b21.jpg\" alt=\"\" class=\"wp-image-16124\" srcset=\"https:\/\/www.thesignspeaking.com\/wp-content\/uploads\/2022\/08\/15302e14-f875-f238-cae0-fa091f720b21.jpg 1024w, https:\/\/www.thesignspeaking.com\/wp-content\/uploads\/2022\/08\/15302e14-f875-f238-cae0-fa091f720b21-300x203.jpg 300w, https:\/\/www.thesignspeaking.com\/wp-content\/uploads\/2022\/08\/15302e14-f875-f238-cae0-fa091f720b21-768x520.jpg 768w\" sizes=\"(max-width: 1024px) 100vw, 1024px\" \/><figcaption>Intersecci\u00f3n \/ Germane Barnes \/ Gran v\u00eda \u2013 Calle Daniel Trevijano<\/figcaption><\/figure><\/div>\n\n\n\n<p>\u00c8 disponibile la <a href=\"https:\/\/concentrico.us1.list-manage.com\/track\/click?u=85ddd66b6e29c52b4dde0750c&#038;id=a92a4a73bd&#038;e=7122551022\">versione digitale del programma<\/a> con gli incontri, i workshop, le conversazioni e le mostre. Inoltre, il calendario delle attivit\u00e0 per giorni sono disponibili sul sito web per prenotare e non perdere cos\u00ec i contenuti che aiuteranno a riflettere sulla citt\u00e0, sull&#8217;architettura e sui modi di relazionarsi in un momento cos\u00ec rilevante come quello attuale.<\/p>\n\n\n\n<div class=\"wp-block-image\"><figure class=\"aligncenter size-large\"><img decoding=\"async\" width=\"1024\" height=\"682\" src=\"https:\/\/www.thesignspeaking.com\/wp-content\/uploads\/2022\/08\/ba6919af-6c31-771f-6b5f-b1b5a409c942.jpg\" alt=\"\" class=\"wp-image-16125\" srcset=\"https:\/\/www.thesignspeaking.com\/wp-content\/uploads\/2022\/08\/ba6919af-6c31-771f-6b5f-b1b5a409c942.jpg 1024w, https:\/\/www.thesignspeaking.com\/wp-content\/uploads\/2022\/08\/ba6919af-6c31-771f-6b5f-b1b5a409c942-300x200.jpg 300w, https:\/\/www.thesignspeaking.com\/wp-content\/uploads\/2022\/08\/ba6919af-6c31-771f-6b5f-b1b5a409c942-768x512.jpg 768w, https:\/\/www.thesignspeaking.com\/wp-content\/uploads\/2022\/08\/ba6919af-6c31-771f-6b5f-b1b5a409c942-360x240.jpg 360w\" sizes=\"(max-width: 1024px) 100vw, 1024px\" \/><figcaption>Puerta Extraordinaria \/ Associates Architecture \/ Plaza del Revell\u00edn<\/figcaption><\/figure><\/div>\n\n\n\n<p>Il programma completo si arricchisce nella sua ottava edizione di nuovi contatti internazionali con il Programma AC\/E per l&#8217;internazionalizzazione della cultura spagnola con la partecipazione all&#8217;Assemblea dell&#8217;Associazione Europea per l&#8217;Educazione Architettonica organizzata dall&#8217;ETSAM sul tema &#8220;Towards a New European Bauhaus: Challenges in Design Education &#038; Research&#8221; e alla sessione plenaria del CSCAE Consejo Superior de Colegios de Arquitectos de Espa\u00f1a che si terr\u00e0 nel municipio di Logro\u00f1o.<\/p>\n<\/span>","protected":false},"excerpt":{"rendered":"<p>L&#8217;ottava edizione di Conc\u00e9ntrico amplia il focus abituale del festival, il centro storico di Logro\u00f1o, ed esplora nuovi spazi urbani La nuova edizione di Conc\u00e9ntrico riunir\u00e0 oltre cento partecipanti dall&#8217;1 al 6 settembre, con visitatori, ospiti e venti team che svilupperanno interventi a Logro\u00f1o: ventritr\u00e8 attivit\u00e0, cento sedie, workshop e mostre che trasformeranno la citt\u00e0 [&hellip;]<\/p>\n","protected":false},"author":4,"featured_media":16123,"comment_status":"open","ping_status":"open","sticky":false,"template":"","format":"standard","meta":[],"categories":[1,7],"tags":[],"_links":{"self":[{"href":"https:\/\/www.thesignspeaking.com\/it\/wp-json\/wp\/v2\/posts\/16121"}],"collection":[{"href":"https:\/\/www.thesignspeaking.com\/it\/wp-json\/wp\/v2\/posts"}],"about":[{"href":"https:\/\/www.thesignspeaking.com\/it\/wp-json\/wp\/v2\/types\/post"}],"author":[{"embeddable":true,"href":"https:\/\/www.thesignspeaking.com\/it\/wp-json\/wp\/v2\/users\/4"}],"replies":[{"embeddable":true,"href":"https:\/\/www.thesignspeaking.com\/it\/wp-json\/wp\/v2\/comments?post=16121"}],"version-history":[{"count":5,"href":"https:\/\/www.thesignspeaking.com\/it\/wp-json\/wp\/v2\/posts\/16121\/revisions"}],"predecessor-version":[{"id":16133,"href":"https:\/\/www.thesignspeaking.com\/it\/wp-json\/wp\/v2\/posts\/16121\/revisions\/16133"}],"wp:featuredmedia":[{"embeddable":true,"href":"https:\/\/www.thesignspeaking.com\/it\/wp-json\/wp\/v2\/media\/16123"}],"wp:attachment":[{"href":"https:\/\/www.thesignspeaking.com\/it\/wp-json\/wp\/v2\/media?parent=16121"}],"wp:term":[{"taxonomy":"category","embeddable":true,"href":"https:\/\/www.thesignspeaking.com\/it\/wp-json\/wp\/v2\/categories?post=16121"},{"taxonomy":"post_tag","embeddable":true,"href":"https:\/\/www.thesignspeaking.com\/it\/wp-json\/wp\/v2\/tags?post=16121"}],"curies":[{"name":"wp","href":"https:\/\/api.w.org\/{rel}","templated":true}]}}