{"id":16181,"date":"2023-01-02T13:48:58","date_gmt":"2023-01-02T12:48:58","guid":{"rendered":"https:\/\/www.thesignspeaking.com\/?p=16181"},"modified":"2023-01-02T14:27:22","modified_gmt":"2023-01-02T13:27:22","slug":"the-strength-of-great-characters","status":"publish","type":"post","link":"https:\/\/www.thesignspeaking.com\/it\/the-strength-of-great-characters\/","title":{"rendered":"La forza dei grandi caratteri"},"content":{"rendered":"<span class=\"cb-itemprop\" itemprop=\"reviewBody\">\n<h4 class=\"wp-block-heading\">Ricordando Dame Vivienne Westwood, stilista e attivista, morta il 29 dicembre 2022 a ottantuno anni.<\/h4>\n\n\n\n<p>\u201c<em>La forza dei grandi caratteri sta proprio in ci\u00f2 che essi non scelgono ma, interamente e per loro natura, sono ci\u00f2 che vogliono e compiono\u2026 \u00e8 il vanto dei grandi caratteri essere colpevoli<\/em>\u201d.<\/p>\n\n\n\n<p>Georg Wilhelm Friedrich Hegel<\/p>\n\n\n\n<p><\/p>\n\n\n\n<p>La visione distorta, deforme o meglio, non conforme \u00e8 ci\u00f2 che la mente genera in un moto di ribellione creativa che non vede alternative se non quel che esiste gi\u00e0 in s\u00e9.<\/p>\n\n\n\n<p>Quel modo \u00e8 comune a tutti i geni creatori che introducono l\u2019elemento che li contraddistingue dai semplici (a volte ottimi) creativi, la novit\u00e0. Quel che prima non c\u2019era, ora nasce come spontanea invenzione ed appare di una forza bruta quasi arcaica (arch\u00e9, in greco \u1f00\u03c1\u03c7\u03ae, che significa il principio, l\u2019origine).<\/p>\n\n\n\n<p>Da qui si parte ad occhi aperti e vediamo ci\u00f2 che era precluso all\u2019occhio corretto, educato. Autenticit\u00e0 del modo, non un adeguamento formale allo stilema, un pensiero, una filosofia di vita. Un pinstripe, un over check, un pirata, un kilt, un cagnolino, Fragonard e il globo regale col satellite dell\u2019innovazione. <\/p>\n\n\n\n<p>L\u2019immaginario trova la sua collocazione nei bottoni ovali in corno come ingialliti dal tempo, nelle cuciture e arricciature, nei tagli a vivo su camicie classiche. In quella faccetta da ragazzina sfrontata che ironizzava sul <em>politically correct<\/em> o semplicemente su ci\u00f2 che era condiviso. <\/p>\n\n\n\n<p>Non aveva tempo n\u00e9 et\u00e0, perch\u00e9 donna libera. Sempre in movimento perch\u00e9 vivamente viva. Ricorda Chaim Soutine, come nei ritratti qui proposti, in una visione del bello che trafigge. Ma potrebbe essere El Greco o Van Gogh, perch\u00e9 la follia dello sguardo non ha educazione.<\/p>\n\n\n\n<p>Alessandro Turci speaking<\/p>\n\n\n\n<p><\/p>\n\n\n\n<div class=\"wp-block-image\"><figure class=\"aligncenter size-large\"><img decoding=\"async\" width=\"1024\" height=\"1024\" src=\"https:\/\/www.thesignspeaking.com\/wp-content\/uploads\/2023\/01\/Collage_Fotor_articolo-Westwood-Turci-1024x1024.jpg\" alt=\"\" class=\"wp-image-16184\" srcset=\"https:\/\/www.thesignspeaking.com\/wp-content\/uploads\/2023\/01\/Collage_Fotor_articolo-Westwood-Turci-1024x1024.jpg 1024w, https:\/\/www.thesignspeaking.com\/wp-content\/uploads\/2023\/01\/Collage_Fotor_articolo-Westwood-Turci-300x300.jpg 300w, https:\/\/www.thesignspeaking.com\/wp-content\/uploads\/2023\/01\/Collage_Fotor_articolo-Westwood-Turci-150x150.jpg 150w, https:\/\/www.thesignspeaking.com\/wp-content\/uploads\/2023\/01\/Collage_Fotor_articolo-Westwood-Turci-768x768.jpg 768w, https:\/\/www.thesignspeaking.com\/wp-content\/uploads\/2023\/01\/Collage_Fotor_articolo-Westwood-Turci-1536x1536.jpg 1536w, https:\/\/www.thesignspeaking.com\/wp-content\/uploads\/2023\/01\/Collage_Fotor_articolo-Westwood-Turci-2048x2048.jpg 2048w, https:\/\/www.thesignspeaking.com\/wp-content\/uploads\/2023\/01\/Collage_Fotor_articolo-Westwood-Turci-125x125.jpg 125w\" sizes=\"(max-width: 1024px) 100vw, 1024px\" \/><\/figure><\/div>\n\n\n\n<div class=\"wp-block-image\"><figure class=\"aligncenter size-large\"><img decoding=\"async\" width=\"1024\" height=\"1024\" src=\"https:\/\/www.thesignspeaking.com\/wp-content\/uploads\/2023\/01\/Collage_Fotor-Collage_Fotor_articolo-Westwood-Turci-2-1024x1024.jpg\" alt=\"\" class=\"wp-image-16183\" srcset=\"https:\/\/www.thesignspeaking.com\/wp-content\/uploads\/2023\/01\/Collage_Fotor-Collage_Fotor_articolo-Westwood-Turci-2-1024x1024.jpg 1024w, https:\/\/www.thesignspeaking.com\/wp-content\/uploads\/2023\/01\/Collage_Fotor-Collage_Fotor_articolo-Westwood-Turci-2-300x300.jpg 300w, https:\/\/www.thesignspeaking.com\/wp-content\/uploads\/2023\/01\/Collage_Fotor-Collage_Fotor_articolo-Westwood-Turci-2-150x150.jpg 150w, https:\/\/www.thesignspeaking.com\/wp-content\/uploads\/2023\/01\/Collage_Fotor-Collage_Fotor_articolo-Westwood-Turci-2-768x768.jpg 768w, https:\/\/www.thesignspeaking.com\/wp-content\/uploads\/2023\/01\/Collage_Fotor-Collage_Fotor_articolo-Westwood-Turci-2-1536x1536.jpg 1536w, https:\/\/www.thesignspeaking.com\/wp-content\/uploads\/2023\/01\/Collage_Fotor-Collage_Fotor_articolo-Westwood-Turci-2-2048x2048.jpg 2048w, https:\/\/www.thesignspeaking.com\/wp-content\/uploads\/2023\/01\/Collage_Fotor-Collage_Fotor_articolo-Westwood-Turci-2-125x125.jpg 125w\" sizes=\"(max-width: 1024px) 100vw, 1024px\" \/><\/figure><\/div>\n\n\n\n<p><\/p>\n\n\n\n<div class=\"wp-block-image\"><figure class=\"aligncenter size-large\"><img decoding=\"async\" width=\"479\" height=\"661\" src=\"https:\/\/www.thesignspeaking.com\/wp-content\/uploads\/2023\/01\/WhatsApp-Image-2022-12-30-at-13.06.55-5.jpeg\" alt=\"\" class=\"wp-image-16182\" srcset=\"https:\/\/www.thesignspeaking.com\/wp-content\/uploads\/2023\/01\/WhatsApp-Image-2022-12-30-at-13.06.55-5.jpeg 479w, https:\/\/www.thesignspeaking.com\/wp-content\/uploads\/2023\/01\/WhatsApp-Image-2022-12-30-at-13.06.55-5-217x300.jpeg 217w\" sizes=\"(max-width: 479px) 100vw, 479px\" \/><\/figure><\/div>\n<\/span>","protected":false},"excerpt":{"rendered":"<p>Ricordando Dame Vivienne Westwood, stilista e attivista, morta il 29 dicembre 2022 a ottantuno anni. \u201cLa forza dei grandi caratteri sta proprio in ci\u00f2 che essi non scelgono ma, interamente e per loro natura, sono ci\u00f2 che vogliono e compiono\u2026 \u00e8 il vanto dei grandi caratteri essere colpevoli\u201d. Georg Wilhelm Friedrich Hegel La visione distorta, [&hellip;]<\/p>\n","protected":false},"author":4,"featured_media":16186,"comment_status":"open","ping_status":"open","sticky":false,"template":"","format":"standard","meta":[],"categories":[1,4],"tags":[193,33,194,2096,2095,2094,2],"_links":{"self":[{"href":"https:\/\/www.thesignspeaking.com\/it\/wp-json\/wp\/v2\/posts\/16181"}],"collection":[{"href":"https:\/\/www.thesignspeaking.com\/it\/wp-json\/wp\/v2\/posts"}],"about":[{"href":"https:\/\/www.thesignspeaking.com\/it\/wp-json\/wp\/v2\/types\/post"}],"author":[{"embeddable":true,"href":"https:\/\/www.thesignspeaking.com\/it\/wp-json\/wp\/v2\/users\/4"}],"replies":[{"embeddable":true,"href":"https:\/\/www.thesignspeaking.com\/it\/wp-json\/wp\/v2\/comments?post=16181"}],"version-history":[{"count":4,"href":"https:\/\/www.thesignspeaking.com\/it\/wp-json\/wp\/v2\/posts\/16181\/revisions"}],"predecessor-version":[{"id":16191,"href":"https:\/\/www.thesignspeaking.com\/it\/wp-json\/wp\/v2\/posts\/16181\/revisions\/16191"}],"wp:featuredmedia":[{"embeddable":true,"href":"https:\/\/www.thesignspeaking.com\/it\/wp-json\/wp\/v2\/media\/16186"}],"wp:attachment":[{"href":"https:\/\/www.thesignspeaking.com\/it\/wp-json\/wp\/v2\/media?parent=16181"}],"wp:term":[{"taxonomy":"category","embeddable":true,"href":"https:\/\/www.thesignspeaking.com\/it\/wp-json\/wp\/v2\/categories?post=16181"},{"taxonomy":"post_tag","embeddable":true,"href":"https:\/\/www.thesignspeaking.com\/it\/wp-json\/wp\/v2\/tags?post=16181"}],"curies":[{"name":"wp","href":"https:\/\/api.w.org\/{rel}","templated":true}]}}