{"id":16245,"date":"2023-01-11T13:47:33","date_gmt":"2023-01-11T12:47:33","guid":{"rendered":"https:\/\/www.thesignspeaking.com\/?p=16245"},"modified":"2023-01-11T16:01:33","modified_gmt":"2023-01-11T15:01:33","slug":"miguel-mila-a-life-in-design","status":"publish","type":"post","link":"https:\/\/www.thesignspeaking.com\/it\/miguel-mila-a-life-in-design\/","title":{"rendered":"Miguel Mil\u00e1. A Life in Design"},"content":{"rendered":"<span class=\"cb-itemprop\" itemprop=\"reviewBody\">\n<h4 class=\"wp-block-heading\"><strong>Santa &#038; Cole cura una mostra sul designer Miguel Mil\u00e1 nella sua galleria di Barcellona, aperta ai visitatori fino al 28 gennaio.<\/strong><\/h4>\n\n\n\n<p>L&#8217;editore di illuminazione Santa &#038; Cole cura la mostra <em>Miguel Mil\u00e1. A Life in Design<\/em>, presso la sua galleria di Barcellona, aperta ai visitatori fino al 28 gennaio, nata in seguito alla recente pubblicazione del libro sulla vita e l&#8217;opera del designer catalano Miguel Mil\u00e1 di Apartamento.<\/p>\n\n\n\n<div class=\"wp-block-image\"><figure class=\"aligncenter size-large\"><img decoding=\"async\" width=\"748\" height=\"1024\" src=\"https:\/\/www.thesignspeaking.com\/wp-content\/uploads\/2023\/01\/TMC_MIGUEL-MIlA_Syxestudio_01-748x1024.jpg\" alt=\"\" class=\"wp-image-16253\" srcset=\"https:\/\/www.thesignspeaking.com\/wp-content\/uploads\/2023\/01\/TMC_MIGUEL-MIlA_Syxestudio_01-748x1024.jpg 748w, https:\/\/www.thesignspeaking.com\/wp-content\/uploads\/2023\/01\/TMC_MIGUEL-MIlA_Syxestudio_01-219x300.jpg 219w, https:\/\/www.thesignspeaking.com\/wp-content\/uploads\/2023\/01\/TMC_MIGUEL-MIlA_Syxestudio_01-768x1052.jpg 768w, https:\/\/www.thesignspeaking.com\/wp-content\/uploads\/2023\/01\/TMC_MIGUEL-MIlA_Syxestudio_01.jpg 1024w\" sizes=\"(max-width: 748px) 100vw, 748px\" \/><figcaption>Miguel Mil\u00e1<\/figcaption><\/figure><\/div>\n\n\n\n<p>La mostra, che non vuole essere una retrospettiva, cerca di dare una visione fresca e rinnovata della figura di Miguel Mil\u00e1, la cui rilevanza trascende la temporalit\u00e0, dimostrando la caratteristica vicinanza e cordialit\u00e0 del designer.<\/p>\n\n\n\n<div class=\"wp-block-image\"><figure class=\"aligncenter size-large\"><img decoding=\"async\" width=\"683\" height=\"1024\" src=\"https:\/\/www.thesignspeaking.com\/wp-content\/uploads\/2023\/01\/Galeria-Santa-Cole-Miguel-Mila-Apartamento-Claudia-Maurino-12-683x1024.jpeg\" alt=\"\" class=\"wp-image-16247\" srcset=\"https:\/\/www.thesignspeaking.com\/wp-content\/uploads\/2023\/01\/Galeria-Santa-Cole-Miguel-Mila-Apartamento-Claudia-Maurino-12-683x1024.jpeg 683w, https:\/\/www.thesignspeaking.com\/wp-content\/uploads\/2023\/01\/Galeria-Santa-Cole-Miguel-Mila-Apartamento-Claudia-Maurino-12-200x300.jpeg 200w, https:\/\/www.thesignspeaking.com\/wp-content\/uploads\/2023\/01\/Galeria-Santa-Cole-Miguel-Mila-Apartamento-Claudia-Maurino-12-768x1151.jpeg 768w, https:\/\/www.thesignspeaking.com\/wp-content\/uploads\/2023\/01\/Galeria-Santa-Cole-Miguel-Mila-Apartamento-Claudia-Maurino-12.jpeg 854w\" sizes=\"(max-width: 683px) 100vw, 683px\" \/><\/figure><\/div>\n\n\n\n<p>La mostra \u00e8 espressione della campagna che Santa &#038; Cole ha intrapreso per entrare in contatto con un nuovo pubblico e diffondere la figura di Miguel Mil\u00e1 e la sua prolifica attivit\u00e0 di designer. David Mart\u00ed, editore di Santa &#038; Cole, dichiara: &#8220;<em>Curiamo i disegni di Miguel Mil\u00e1 dal 1986. Insieme abbiamo generato una collezione di trentun pezzi, disponibili nel nostro catalogo, e ora vorremmo far conoscere a livello internazionale la figura di Mil\u00e1 e tutto il suo lavoro<\/em>&#8220;. Editore indipendente e globale di prodotti che durano nel tempo, con radici a Belloch (Barcellona), Santa &#038; Cole \u00e8 stata fondata nel 1985 da Javier Nieto Santa, Nina Mas\u00f3 e Gabriel Ordeig Cole.<\/p>\n\n\n\n<div class=\"wp-block-image\"><figure class=\"aligncenter size-large\"><img decoding=\"async\" width=\"1024\" height=\"683\" src=\"https:\/\/www.thesignspeaking.com\/wp-content\/uploads\/2023\/01\/Galeria-Santa-Cole-Miguel-Mila-Apartamento-Claudia-Maurino-01.jpg\" alt=\"\" class=\"wp-image-16260\" srcset=\"https:\/\/www.thesignspeaking.com\/wp-content\/uploads\/2023\/01\/Galeria-Santa-Cole-Miguel-Mila-Apartamento-Claudia-Maurino-01.jpg 1024w, https:\/\/www.thesignspeaking.com\/wp-content\/uploads\/2023\/01\/Galeria-Santa-Cole-Miguel-Mila-Apartamento-Claudia-Maurino-01-300x200.jpg 300w, https:\/\/www.thesignspeaking.com\/wp-content\/uploads\/2023\/01\/Galeria-Santa-Cole-Miguel-Mila-Apartamento-Claudia-Maurino-01-768x512.jpg 768w, https:\/\/www.thesignspeaking.com\/wp-content\/uploads\/2023\/01\/Galeria-Santa-Cole-Miguel-Mila-Apartamento-Claudia-Maurino-01-360x240.jpg 360w\" sizes=\"(max-width: 1024px) 100vw, 1024px\" \/><\/figure><\/div>\n\n\n\n<p>La Galer\u00eda Santa &#038; Cole, la sua sede in citt\u00e0, \u00e8 uno spazio dinamico che ospita mostre temporanee delle sue edizioni d&#8217;arte, design e libri, oltre a presentazioni, colloqui e altri eventi per far conoscere la cultura materiale che difende in tutte le sue espressioni.<\/p>\n\n\n\n<div class=\"wp-block-image\"><figure class=\"aligncenter size-large\"><img decoding=\"async\" width=\"768\" height=\"1024\" src=\"https:\/\/www.thesignspeaking.com\/wp-content\/uploads\/2023\/01\/Cesta-Salva-Lopez-SantaCole-2018-DSF6791-x2400-768x1024.jpg\" alt=\"\" class=\"wp-image-16249\" srcset=\"https:\/\/www.thesignspeaking.com\/wp-content\/uploads\/2023\/01\/Cesta-Salva-Lopez-SantaCole-2018-DSF6791-x2400-768x1024.jpg 768w, https:\/\/www.thesignspeaking.com\/wp-content\/uploads\/2023\/01\/Cesta-Salva-Lopez-SantaCole-2018-DSF6791-x2400-225x300.jpg 225w, https:\/\/www.thesignspeaking.com\/wp-content\/uploads\/2023\/01\/Cesta-Salva-Lopez-SantaCole-2018-DSF6791-x2400-1152x1536.jpg 1152w, https:\/\/www.thesignspeaking.com\/wp-content\/uploads\/2023\/01\/Cesta-Salva-Lopez-SantaCole-2018-DSF6791-x2400-1536x2048.jpg 1536w, https:\/\/www.thesignspeaking.com\/wp-content\/uploads\/2023\/01\/Cesta-Salva-Lopez-SantaCole-2018-DSF6791-x2400.jpg 1800w\" sizes=\"(max-width: 768px) 100vw, 768px\" \/><figcaption>Cesta, design Miguel Mil\u00e1, Santa &#038; Cole, ph. Salva Lopez<\/figcaption><\/figure><\/div>\n\n\n\n<p>La mostra comprende quattro dei suoi progetti pi\u00f9 iconici: Cestita (1962), TMM (1961), M68 (1962) e FAD (1974), che a distanza di decenni sono ancora attuali. Questi modelli sono prodotti da artigiani con materiali nobili per durare nel tempo, che possono raccontare la propria storia.<\/p>\n\n\n\n<figure class=\"wp-block-image size-large\"><img decoding=\"async\" width=\"757\" height=\"1024\" src=\"https:\/\/www.thesignspeaking.com\/wp-content\/uploads\/2023\/01\/TMM-pedrera-SalvaLopez-2019-01-x2400-757x1024.jpg\" alt=\"\" class=\"wp-image-16254\" srcset=\"https:\/\/www.thesignspeaking.com\/wp-content\/uploads\/2023\/01\/TMM-pedrera-SalvaLopez-2019-01-x2400-757x1024.jpg 757w, https:\/\/www.thesignspeaking.com\/wp-content\/uploads\/2023\/01\/TMM-pedrera-SalvaLopez-2019-01-x2400-222x300.jpg 222w, https:\/\/www.thesignspeaking.com\/wp-content\/uploads\/2023\/01\/TMM-pedrera-SalvaLopez-2019-01-x2400-768x1039.jpg 768w, https:\/\/www.thesignspeaking.com\/wp-content\/uploads\/2023\/01\/TMM-pedrera-SalvaLopez-2019-01-x2400-1135x1536.jpg 1135w, https:\/\/www.thesignspeaking.com\/wp-content\/uploads\/2023\/01\/TMM-pedrera-SalvaLopez-2019-01-x2400-1514x2048.jpg 1514w, https:\/\/www.thesignspeaking.com\/wp-content\/uploads\/2023\/01\/TMM-pedrera-SalvaLopez-2019-01-x2400.jpg 1774w\" sizes=\"(max-width: 757px) 100vw, 757px\" \/><figcaption>TMM, design Miguel Mil\u00e1, Santa &#038; Cole, ph. Salva Lopez<\/figcaption><\/figure>\n\n\n\n<p>Alla mostra \u00e8 presente anche il libro <em>Miguel Mil\u00e1. A Life in Design<\/em>, scritto da Kiko Gaspar con un&#8217;introduzione del noto designer inglese Jasper Morrison, edito da Apartamento. Il libro passa in rassegna le opere pi\u00f9 emblematiche di Mil\u00e1, realizzate nel periodo 1956-2021, con foto d&#8217;archivio e disegni, oltre a foto scattate a casa di Mil\u00e1 dal fotografo Nacho Alegre.<\/p>\n\n\n\n<div class=\"wp-block-image\"><figure class=\"aligncenter size-large\"><img decoding=\"async\" width=\"768\" height=\"1024\" src=\"https:\/\/www.thesignspeaking.com\/wp-content\/uploads\/2023\/01\/FAD-Menor-pedrera-SalvaLopez-2019-x2400-768x1024.jpg\" alt=\"\" class=\"wp-image-16251\" srcset=\"https:\/\/www.thesignspeaking.com\/wp-content\/uploads\/2023\/01\/FAD-Menor-pedrera-SalvaLopez-2019-x2400-768x1024.jpg 768w, https:\/\/www.thesignspeaking.com\/wp-content\/uploads\/2023\/01\/FAD-Menor-pedrera-SalvaLopez-2019-x2400-225x300.jpg 225w, https:\/\/www.thesignspeaking.com\/wp-content\/uploads\/2023\/01\/FAD-Menor-pedrera-SalvaLopez-2019-x2400-1152x1536.jpg 1152w, https:\/\/www.thesignspeaking.com\/wp-content\/uploads\/2023\/01\/FAD-Menor-pedrera-SalvaLopez-2019-x2400-1536x2048.jpg 1536w, https:\/\/www.thesignspeaking.com\/wp-content\/uploads\/2023\/01\/FAD-Menor-pedrera-SalvaLopez-2019-x2400.jpg 1800w\" sizes=\"(max-width: 768px) 100vw, 768px\" \/><figcaption>FAD Menor, design Miguel Mil\u00e1, Santa &#038; Cole, ph. Salva Lopez<\/figcaption><\/figure><\/div>\n\n\n\n<p>Sulla base di questo progetto editoriale, Santa &#038; Cole ha commissionato allo studio creativo Apartamento Studios, rivista culturale indipendente con sede a Barcellona dal 2008, un progetto pi\u00f9 ampio, il cui risultato \u00e8 questa mostra curata dal duo insieme a una serie di audiovisivi su alcuni dei suoi disegni e sulla carriera di Mil\u00e1.<\/p>\n\n\n\n<div class=\"wp-block-image\"><figure class=\"aligncenter size-large\"><img decoding=\"async\" width=\"1024\" height=\"683\" src=\"https:\/\/www.thesignspeaking.com\/wp-content\/uploads\/2023\/01\/Galeria-Santa-Cole-Miguel-Mila-Apartamento-Claudia-Maurino-06.jpg\" alt=\"\" class=\"wp-image-16258\" srcset=\"https:\/\/www.thesignspeaking.com\/wp-content\/uploads\/2023\/01\/Galeria-Santa-Cole-Miguel-Mila-Apartamento-Claudia-Maurino-06.jpg 1024w, https:\/\/www.thesignspeaking.com\/wp-content\/uploads\/2023\/01\/Galeria-Santa-Cole-Miguel-Mila-Apartamento-Claudia-Maurino-06-300x200.jpg 300w, https:\/\/www.thesignspeaking.com\/wp-content\/uploads\/2023\/01\/Galeria-Santa-Cole-Miguel-Mila-Apartamento-Claudia-Maurino-06-768x512.jpg 768w, https:\/\/www.thesignspeaking.com\/wp-content\/uploads\/2023\/01\/Galeria-Santa-Cole-Miguel-Mila-Apartamento-Claudia-Maurino-06-360x240.jpg 360w\" sizes=\"(max-width: 1024px) 100vw, 1024px\" \/><\/figure><\/div>\n\n\n\n<p>In galleria \u00e8 possibile anche vedere il video realizzato da Apartamento Studios, accompagnato dai progetti attuali dell&#8217;autore, versioni originali e schizzi che mostrano altri aspetti della creativit\u00e0 di Mil\u00e1.<\/p>\n\n\n\n<figure class=\"wp-block-embed is-type-video is-provider-youtube wp-block-embed-youtube wp-embed-aspect-16-9 wp-has-aspect-ratio\"><div class=\"wp-block-embed__wrapper\">\n<iframe title=\"Vi\u0301deo Expo Miguel Mila\u0301 Santa &amp; Cole DIC 2022\" width=\"1200\" height=\"675\" src=\"https:\/\/www.youtube.com\/embed\/XZuJbcOQ4l8?feature=oembed\" frameborder=\"0\" allow=\"accelerometer; autoplay; clipboard-write; encrypted-media; gyroscope; picture-in-picture; web-share\" allowfullscreen><\/iframe>\n<\/div><\/figure>\n\n\n\n<p>La mostra sar\u00e0 poi itinerante e girer\u00e0 in Asia, Stati Uniti e Sud America.<\/p>\n\n\n\n<h4 class=\"wp-block-heading\"><strong>Miguel Mil\u00e1, un designer<\/strong> spagnolo<\/h4>\n\n\n\n<p>Miguel Mil\u00e1 rappresenta il design spagnolo come nessun altro. Membro della generazione dei pionieri del design degli anni Cinquanta, ha visto alcuni dei suoi mobili e delle sue lampade diventare dei veri e propri classici. Santa &#038; Cole pubblica i suoi prodotti fin dagli inizi dell&#8217;azienda e oggi sono venduti in pi\u00f9 di 80 Paesi.<\/p>\n\n\n\n<p>Il suo lavoro si \u00e8 basato sull&#8217;attualizzazione della tradizione, evitando mode e convenzioni, curando il processo di sviluppo e l&#8217;invecchiamento dei suoi pezzi come valore aggiunto, dove l&#8217;estetica e la bellezza sono una conseguenza della ricerca di funzionalit\u00e0 ed emozione.&nbsp;<\/p>\n\n\n\n<div class=\"wp-block-image\"><figure class=\"aligncenter size-large\"><img decoding=\"async\" width=\"680\" height=\"1024\" src=\"https:\/\/www.thesignspeaking.com\/wp-content\/uploads\/2023\/01\/FAD-Fija-ON-Carme-Masia-2020-x2400-680x1024.jpg\" alt=\"\" class=\"wp-image-16250\" srcset=\"https:\/\/www.thesignspeaking.com\/wp-content\/uploads\/2023\/01\/FAD-Fija-ON-Carme-Masia-2020-x2400-680x1024.jpg 680w, https:\/\/www.thesignspeaking.com\/wp-content\/uploads\/2023\/01\/FAD-Fija-ON-Carme-Masia-2020-x2400-199x300.jpg 199w, https:\/\/www.thesignspeaking.com\/wp-content\/uploads\/2023\/01\/FAD-Fija-ON-Carme-Masia-2020-x2400-768x1156.jpg 768w, https:\/\/www.thesignspeaking.com\/wp-content\/uploads\/2023\/01\/FAD-Fija-ON-Carme-Masia-2020-x2400-1020x1536.jpg 1020w, https:\/\/www.thesignspeaking.com\/wp-content\/uploads\/2023\/01\/FAD-Fija-ON-Carme-Masia-2020-x2400-1360x2048.jpg 1360w, https:\/\/www.thesignspeaking.com\/wp-content\/uploads\/2023\/01\/FAD-Fija-ON-Carme-Masia-2020-x2400.jpg 1594w\" sizes=\"(max-width: 680px) 100vw, 680px\" \/><figcaption>FAD Fija, design Miguel Mil\u00e1, Santa &#038; Cole, ph. Salva Lopez<\/figcaption><\/figure><\/div>\n\n\n\n<p>Gli oggetti che realizza sono pezzi a portata di mano. Non rispondono a nuovi usi o ne creano di nuovi, ma rendono pi\u00f9 facile e confortevole un uso gi\u00e0 esistente. Contribuiscono a migliorare la risposta dell&#8217;utente senza creare nuovi bisogni.<\/p>\n\n\n\n<div class=\"wp-block-image\"><figure class=\"aligncenter size-large\"><img decoding=\"async\" width=\"768\" height=\"1024\" src=\"https:\/\/www.thesignspeaking.com\/wp-content\/uploads\/2023\/01\/Cesta-Salva-Lopez-SantaCole-2018-Casa-Ugalde-DSF5753-x2400-768x1024.jpg\" alt=\"\" class=\"wp-image-16248\" srcset=\"https:\/\/www.thesignspeaking.com\/wp-content\/uploads\/2023\/01\/Cesta-Salva-Lopez-SantaCole-2018-Casa-Ugalde-DSF5753-x2400-768x1024.jpg 768w, https:\/\/www.thesignspeaking.com\/wp-content\/uploads\/2023\/01\/Cesta-Salva-Lopez-SantaCole-2018-Casa-Ugalde-DSF5753-x2400-225x300.jpg 225w, https:\/\/www.thesignspeaking.com\/wp-content\/uploads\/2023\/01\/Cesta-Salva-Lopez-SantaCole-2018-Casa-Ugalde-DSF5753-x2400-1152x1536.jpg 1152w, https:\/\/www.thesignspeaking.com\/wp-content\/uploads\/2023\/01\/Cesta-Salva-Lopez-SantaCole-2018-Casa-Ugalde-DSF5753-x2400-1536x2048.jpg 1536w, https:\/\/www.thesignspeaking.com\/wp-content\/uploads\/2023\/01\/Cesta-Salva-Lopez-SantaCole-2018-Casa-Ugalde-DSF5753-x2400.jpg 1800w\" sizes=\"(max-width: 768px) 100vw, 768px\" \/><figcaption>Cesta, design Miguel Mil\u00e1, Santa &#038; Cole, ph. Salva Lopez<\/figcaption><\/figure><\/div>\n\n\n\n<p>Le lampade di Mil\u00e1 sono l&#8217;espressione del trionfo dell&#8217;uomo d&#8217;ingegno sull&#8217;ingegnere. Ci\u00f2 significa che alcune componenti svolgono diverse funzioni e rispondono a diversi usi. Cos\u00ec, il cavo della famiglia TM diventa a sua volta il suo interruttore.<\/p>\n\n\n\n<div class=\"wp-block-image\"><figure class=\"aligncenter size-large\"><img decoding=\"async\" width=\"768\" height=\"1024\" src=\"https:\/\/www.thesignspeaking.com\/wp-content\/uploads\/2023\/01\/M68-negra-Salva-Lopez-SantaCole-2018-DSF5937-x2400-768x1024.jpg\" alt=\"\" class=\"wp-image-16252\" srcset=\"https:\/\/www.thesignspeaking.com\/wp-content\/uploads\/2023\/01\/M68-negra-Salva-Lopez-SantaCole-2018-DSF5937-x2400-768x1024.jpg 768w, https:\/\/www.thesignspeaking.com\/wp-content\/uploads\/2023\/01\/M68-negra-Salva-Lopez-SantaCole-2018-DSF5937-x2400-225x300.jpg 225w, https:\/\/www.thesignspeaking.com\/wp-content\/uploads\/2023\/01\/M68-negra-Salva-Lopez-SantaCole-2018-DSF5937-x2400-1152x1536.jpg 1152w, https:\/\/www.thesignspeaking.com\/wp-content\/uploads\/2023\/01\/M68-negra-Salva-Lopez-SantaCole-2018-DSF5937-x2400-1536x2048.jpg 1536w, https:\/\/www.thesignspeaking.com\/wp-content\/uploads\/2023\/01\/M68-negra-Salva-Lopez-SantaCole-2018-DSF5937-x2400.jpg 1800w\" sizes=\"(max-width: 768px) 100vw, 768px\" \/><figcaption>M68, design Miguel Mil\u00e1, Santa &#038; Cole, ph. Salva Lopez<\/figcaption><\/figure><\/div>\n\n\n\n<p><\/p>\n\n\n\n<p><em>Miguel Mil\u00e1. A Life in Design<\/em><\/p>\n\n\n\n<p>1 dicembre 2022 &#8211; 28 gennaio 2023<\/p>\n\n\n\n<p>Santa &#038; Cole Gallery, c\/Rossell\u00f3 256, Barcellona<\/p>\n<\/span>","protected":false},"excerpt":{"rendered":"<p>Santa &#038; Cole cura una mostra sul designer Miguel Mil\u00e1 nella sua galleria di Barcellona, aperta ai visitatori fino al 28 gennaio. L&#8217;editore di illuminazione Santa &#038; Cole cura la mostra Miguel Mil\u00e1. A Life in Design, presso la sua galleria di Barcellona, aperta ai visitatori fino al 28 gennaio, nata in seguito alla recente [&hellip;]<\/p>\n","protected":false},"author":4,"featured_media":16247,"comment_status":"open","ping_status":"open","sticky":false,"template":"","format":"standard","meta":[],"categories":[7],"tags":[27,207,307,402,2102,2099,2101,2100],"_links":{"self":[{"href":"https:\/\/www.thesignspeaking.com\/it\/wp-json\/wp\/v2\/posts\/16245"}],"collection":[{"href":"https:\/\/www.thesignspeaking.com\/it\/wp-json\/wp\/v2\/posts"}],"about":[{"href":"https:\/\/www.thesignspeaking.com\/it\/wp-json\/wp\/v2\/types\/post"}],"author":[{"embeddable":true,"href":"https:\/\/www.thesignspeaking.com\/it\/wp-json\/wp\/v2\/users\/4"}],"replies":[{"embeddable":true,"href":"https:\/\/www.thesignspeaking.com\/it\/wp-json\/wp\/v2\/comments?post=16245"}],"version-history":[{"count":6,"href":"https:\/\/www.thesignspeaking.com\/it\/wp-json\/wp\/v2\/posts\/16245\/revisions"}],"predecessor-version":[{"id":16264,"href":"https:\/\/www.thesignspeaking.com\/it\/wp-json\/wp\/v2\/posts\/16245\/revisions\/16264"}],"wp:featuredmedia":[{"embeddable":true,"href":"https:\/\/www.thesignspeaking.com\/it\/wp-json\/wp\/v2\/media\/16247"}],"wp:attachment":[{"href":"https:\/\/www.thesignspeaking.com\/it\/wp-json\/wp\/v2\/media?parent=16245"}],"wp:term":[{"taxonomy":"category","embeddable":true,"href":"https:\/\/www.thesignspeaking.com\/it\/wp-json\/wp\/v2\/categories?post=16245"},{"taxonomy":"post_tag","embeddable":true,"href":"https:\/\/www.thesignspeaking.com\/it\/wp-json\/wp\/v2\/tags?post=16245"}],"curies":[{"name":"wp","href":"https:\/\/api.w.org\/{rel}","templated":true}]}}