{"id":16286,"date":"2023-02-16T09:55:12","date_gmt":"2023-02-16T08:55:12","guid":{"rendered":"https:\/\/www.thesignspeaking.com\/?p=16286"},"modified":"2023-02-16T09:58:13","modified_gmt":"2023-02-16T08:58:13","slug":"madrid-design-festival-2023","status":"publish","type":"post","link":"https:\/\/www.thesignspeaking.com\/it\/madrid-design-festival-2023\/","title":{"rendered":"Madrid Design Festival 2023"},"content":{"rendered":"<span class=\"cb-itemprop\" itemprop=\"reviewBody\">\n<h4 class=\"wp-block-heading\">Fino al 9 aprile, la sesta edizione del festival si concentra sul riconoscimento dell&#8217;eccellenza e dell&#8217;importanza del lavoro dei designer per il futuro<\/h4>\n\n\n\n<p>Fino al 9 aprile si tiene la sesta edizione del Madrid Design Festival 2023 che si concentra sul riconoscimento dell&#8217;eccellenza e dell&#8217;importanza del lavoro dei designer. Il design \u00e8 una disciplina essenziale per migliorare la vita quotidiana delle persone e contiene molte delle risposte alle incertezze e alle complessit\u00e0 che la nostra societ\u00e0 si trova ad affrontare oggi. L&#8217;emergenza climatica, l&#8217;esaurimento delle risorse naturali, l&#8217;efficienza energetica, il consumo eccessivo, l&#8217;abitabilit\u00e0 e la mobilit\u00e0 nei grandi nuclei urbani, lo spopolamento rurale, la perdita dei mestieri artigianali tradizionali e i movimenti demografici: tutti questi temi possono e devono essere affrontati dal punto di vista del design.<\/p>\n\n\n\n<div class=\"wp-block-image\"><figure class=\"aligncenter size-large\"><img decoding=\"async\" width=\"1024\" height=\"683\" src=\"https:\/\/www.thesignspeaking.com\/wp-content\/uploads\/2023\/02\/070223_-contornosdelagua-2.jpg\" alt=\"\" class=\"wp-image-16287\" srcset=\"https:\/\/www.thesignspeaking.com\/wp-content\/uploads\/2023\/02\/070223_-contornosdelagua-2.jpg 1024w, https:\/\/www.thesignspeaking.com\/wp-content\/uploads\/2023\/02\/070223_-contornosdelagua-2-300x200.jpg 300w, https:\/\/www.thesignspeaking.com\/wp-content\/uploads\/2023\/02\/070223_-contornosdelagua-2-768x512.jpg 768w, https:\/\/www.thesignspeaking.com\/wp-content\/uploads\/2023\/02\/070223_-contornosdelagua-2-360x240.jpg 360w\" sizes=\"(max-width: 1024px) 100vw, 1024px\" \/><\/figure><\/div>\n\n\n\n<p>Pertanto, verranno presentati progetti che rispondono a un obiettivo comune che accompagna il Festival fin dalla sua fondazione: riprogettare il mondo. MDF23 presenter\u00e0 il lavoro di un gran numero di creatori di oggi, le cui idee stanno contribuendo in modo decisivo allo sviluppo di nuovi paradigmi e che si rifanno alle idee di alcune delle figure chiave della storia del design.<\/p>\n\n\n\n<p>Il festival ha un programma di mostre e installazioni dove la componente esperienziale \u00e8 importante per invitare tutti i visitatori a immergersi nel design in modo pi\u00f9 partecipativo e sorprendente.<\/p>\n\n\n\n<p>Nuovi format e spazi per favorire l&#8217;incontro tra designer, aziende e pubblico, con l&#8217;obiettivo di consolidare un modello di festival in cui il talento, la creativit\u00e0 e lo sviluppo economico sono il fondamento della sua programmazione. <\/p>\n\n\n\n<div class=\"wp-block-image\"><figure class=\"aligncenter size-large\"><img decoding=\"async\" width=\"1024\" height=\"683\" src=\"https:\/\/www.thesignspeaking.com\/wp-content\/uploads\/2023\/02\/070223_-NaturalConnections-1.jpg\" alt=\"\" class=\"wp-image-16288\" srcset=\"https:\/\/www.thesignspeaking.com\/wp-content\/uploads\/2023\/02\/070223_-NaturalConnections-1.jpg 1024w, https:\/\/www.thesignspeaking.com\/wp-content\/uploads\/2023\/02\/070223_-NaturalConnections-1-300x200.jpg 300w, https:\/\/www.thesignspeaking.com\/wp-content\/uploads\/2023\/02\/070223_-NaturalConnections-1-768x512.jpg 768w, https:\/\/www.thesignspeaking.com\/wp-content\/uploads\/2023\/02\/070223_-NaturalConnections-1-360x240.jpg 360w\" sizes=\"(max-width: 1024px) 100vw, 1024px\" \/><\/figure><\/div>\n\n\n\n<p>Concorsi, gare, sfide, premi e quattro workshop professionali con designer spagnoli e internazionali di spicco completeranno il programma di un&#8217;edizione incentrata sui designer pi\u00f9 giovani e pi\u00f9 esperti con le idee pi\u00f9 innovative.<\/p>\n\n\n\n<p>In particolare, viene messo in mostra il design madrileno nel tentativo di riscoprire nuovi frammenti della sua eredit\u00e0 storica, ospitando al contempo nuove azioni a sostegno della comunit\u00e0 locale emergente del design. Continuer\u00e0 inoltre a costruire ponti con importanti manifestazioni internazionali e con citt\u00e0 in cui il design \u00e8 internazionali e con le citt\u00e0 in cui il design \u00e8 protagonista nel XXI secolo.<\/p>\n\n\n\n<p>Siviglia \u00e8 la citt\u00e0 ospite del Madrid Design Festival 2023. \u00c8 una citt\u00e0 che attualmente occupa un posto di rilievo nel design, grazie al lavoro di designer e studi che stanno ripensando le citt\u00e0 di domani attraverso una squisita miscela di patrimonio artigianale unico e tecniche di design contemporaneo di alto livello. Siviglia \u00e8 una citt\u00e0 storicamente associata all&#8217;arte e alla creativit\u00e0, che fanno parte del suo DNA.<\/p>\n\n\n\n<div class=\"wp-block-image\"><figure class=\"aligncenter size-large\"><img decoding=\"async\" width=\"1024\" height=\"683\" src=\"https:\/\/www.thesignspeaking.com\/wp-content\/uploads\/2023\/02\/070223_sevillasombrailuminada-4.jpg\" alt=\"\" class=\"wp-image-16295\" srcset=\"https:\/\/www.thesignspeaking.com\/wp-content\/uploads\/2023\/02\/070223_sevillasombrailuminada-4.jpg 1024w, https:\/\/www.thesignspeaking.com\/wp-content\/uploads\/2023\/02\/070223_sevillasombrailuminada-4-300x200.jpg 300w, https:\/\/www.thesignspeaking.com\/wp-content\/uploads\/2023\/02\/070223_sevillasombrailuminada-4-768x512.jpg 768w, https:\/\/www.thesignspeaking.com\/wp-content\/uploads\/2023\/02\/070223_sevillasombrailuminada-4-360x240.jpg 360w\" sizes=\"(max-width: 1024px) 100vw, 1024px\" \/><\/figure><\/div>\n\n\n\n<p>Il design sivigliano arriver\u00e0 a Madrid attraverso diverse attivit\u00e0, tra cui una mostra sull&#8217;attuale design sivigliano; una giornata di incontri professionali con i migliori esponenti di diverse discipline; una serie di attivit\u00e0 che uniranno geograficamente i designer e i loro studi lungo l&#8217;asse Siviglia-Madrid.<\/p>\n\n\n\n<div class=\"wp-block-image\"><figure class=\"aligncenter size-large\"><img decoding=\"async\" width=\"1024\" height=\"683\" src=\"https:\/\/www.thesignspeaking.com\/wp-content\/uploads\/2023\/02\/070223_sevillasombrailuminada-1.jpg\" alt=\"\" class=\"wp-image-16291\" srcset=\"https:\/\/www.thesignspeaking.com\/wp-content\/uploads\/2023\/02\/070223_sevillasombrailuminada-1.jpg 1024w, https:\/\/www.thesignspeaking.com\/wp-content\/uploads\/2023\/02\/070223_sevillasombrailuminada-1-300x200.jpg 300w, https:\/\/www.thesignspeaking.com\/wp-content\/uploads\/2023\/02\/070223_sevillasombrailuminada-1-768x512.jpg 768w, https:\/\/www.thesignspeaking.com\/wp-content\/uploads\/2023\/02\/070223_sevillasombrailuminada-1-360x240.jpg 360w\" sizes=\"(max-width: 1024px) 100vw, 1024px\" \/><\/figure><\/div>\n\n\n\n<p>La mostra \u201cSeville. Illuminated Shadow\u201d al Fern\u00e1n G\u00f3mez Centro Cultural de la Villa &#8211; curata da Macarena Navarro-Reverter &#8211; offre una panoramica del design sivigliano, dai linguaggi pi\u00f9 tradizionali alle avanguardie cittadine. \u00c8 un viaggio attraverso l&#8217;eccellenza dell&#8217;artigianato e la maestria dei mestieri, che sopravvivono e convivono oggi con il lavoro di nuovi designer.<\/p>\n\n\n\n<div class=\"wp-block-image\"><figure class=\"aligncenter size-large\"><img decoding=\"async\" width=\"1024\" height=\"683\" src=\"https:\/\/www.thesignspeaking.com\/wp-content\/uploads\/2023\/02\/070223_sevillasombrailuminada-2.jpg\" alt=\"\" class=\"wp-image-16292\" srcset=\"https:\/\/www.thesignspeaking.com\/wp-content\/uploads\/2023\/02\/070223_sevillasombrailuminada-2.jpg 1024w, https:\/\/www.thesignspeaking.com\/wp-content\/uploads\/2023\/02\/070223_sevillasombrailuminada-2-300x200.jpg 300w, https:\/\/www.thesignspeaking.com\/wp-content\/uploads\/2023\/02\/070223_sevillasombrailuminada-2-768x512.jpg 768w, https:\/\/www.thesignspeaking.com\/wp-content\/uploads\/2023\/02\/070223_sevillasombrailuminada-2-360x240.jpg 360w\" sizes=\"(max-width: 1024px) 100vw, 1024px\" \/><\/figure><\/div>\n\n\n\n<p>La mostra ha l&#8217;obiettivo di invitarci a riscoprire la citt\u00e0 da una prospettiva contemporanea e a mostrare il suo patrimonio tangibile e intangibile rendendolo visibile attraverso il talento della sua gente e dei suoi costumi. Comprende una selezione di oltre cento pezzi, nell\u2019allestimento di Studio Noju, che catturano questa fusione tra passato e presente con venticinque artisti, tra cui artigiani e designer come Las \u00c1nimas, Javier Menacho, Iloema, Todomuta, La Cartuja de Sevilla e Yukiko Kitahara.<\/p>\n\n\n\n<div class=\"wp-block-image\"><figure class=\"aligncenter size-large\"><img decoding=\"async\" width=\"1024\" height=\"683\" src=\"https:\/\/www.thesignspeaking.com\/wp-content\/uploads\/2023\/02\/070223_sevillasombrailuminada-3.jpg\" alt=\"\" class=\"wp-image-16293\" srcset=\"https:\/\/www.thesignspeaking.com\/wp-content\/uploads\/2023\/02\/070223_sevillasombrailuminada-3.jpg 1024w, https:\/\/www.thesignspeaking.com\/wp-content\/uploads\/2023\/02\/070223_sevillasombrailuminada-3-300x200.jpg 300w, https:\/\/www.thesignspeaking.com\/wp-content\/uploads\/2023\/02\/070223_sevillasombrailuminada-3-768x512.jpg 768w, https:\/\/www.thesignspeaking.com\/wp-content\/uploads\/2023\/02\/070223_sevillasombrailuminada-3-360x240.jpg 360w\" sizes=\"(max-width: 1024px) 100vw, 1024px\" \/><\/figure><\/div>\n\n\n\n<p>Mestieri e tecniche tradizionali si uniscono a nuovi design e interpretazioni. Mani sapienti e sensibili, menti che hanno ereditato una cultura millenaria e che oggi si concentrano sul design contemporaneo per generare collaborazioni vibranti e idee inaspettate.<\/p>\n<\/span>","protected":false},"excerpt":{"rendered":"<p>Fino al 9 aprile, la sesta edizione del festival si concentra sul riconoscimento dell&#8217;eccellenza e dell&#8217;importanza del lavoro dei designer per il futuro Fino al 9 aprile si tiene la sesta edizione del Madrid Design Festival 2023 che si concentra sul riconoscimento dell&#8217;eccellenza e dell&#8217;importanza del lavoro dei designer. Il design \u00e8 una disciplina essenziale [&hellip;]<\/p>\n","protected":false},"author":4,"featured_media":16287,"comment_status":"open","ping_status":"open","sticky":false,"template":"","format":"standard","meta":[],"categories":[7],"tags":[],"_links":{"self":[{"href":"https:\/\/www.thesignspeaking.com\/it\/wp-json\/wp\/v2\/posts\/16286"}],"collection":[{"href":"https:\/\/www.thesignspeaking.com\/it\/wp-json\/wp\/v2\/posts"}],"about":[{"href":"https:\/\/www.thesignspeaking.com\/it\/wp-json\/wp\/v2\/types\/post"}],"author":[{"embeddable":true,"href":"https:\/\/www.thesignspeaking.com\/it\/wp-json\/wp\/v2\/users\/4"}],"replies":[{"embeddable":true,"href":"https:\/\/www.thesignspeaking.com\/it\/wp-json\/wp\/v2\/comments?post=16286"}],"version-history":[{"count":3,"href":"https:\/\/www.thesignspeaking.com\/it\/wp-json\/wp\/v2\/posts\/16286\/revisions"}],"predecessor-version":[{"id":16297,"href":"https:\/\/www.thesignspeaking.com\/it\/wp-json\/wp\/v2\/posts\/16286\/revisions\/16297"}],"wp:featuredmedia":[{"embeddable":true,"href":"https:\/\/www.thesignspeaking.com\/it\/wp-json\/wp\/v2\/media\/16287"}],"wp:attachment":[{"href":"https:\/\/www.thesignspeaking.com\/it\/wp-json\/wp\/v2\/media?parent=16286"}],"wp:term":[{"taxonomy":"category","embeddable":true,"href":"https:\/\/www.thesignspeaking.com\/it\/wp-json\/wp\/v2\/categories?post=16286"},{"taxonomy":"post_tag","embeddable":true,"href":"https:\/\/www.thesignspeaking.com\/it\/wp-json\/wp\/v2\/tags?post=16286"}],"curies":[{"name":"wp","href":"https:\/\/api.w.org\/{rel}","templated":true}]}}