{"id":16298,"date":"2023-02-21T19:22:46","date_gmt":"2023-02-21T18:22:46","guid":{"rendered":"https:\/\/www.thesignspeaking.com\/?p=16298"},"modified":"2023-04-05T11:03:23","modified_gmt":"2023-04-05T09:03:23","slug":"zoomorphic-and-post-human-aesthetic-in-buj-studios-creations","status":"publish","type":"post","link":"https:\/\/www.thesignspeaking.com\/it\/zoomorphic-and-post-human-aesthetic-in-buj-studios-creations\/","title":{"rendered":"ESTETICA ZOOMORFA E POST-UMANA NELLE CREAZIONI DELLO STUDIO BUJ"},"content":{"rendered":"<span class=\"cb-itemprop\" itemprop=\"reviewBody\">\n<h4 class=\"wp-block-heading\">Tra biofabbricazione e artigianato la moda dell&#8217;artista, stilista e architetto Raquel Buj esposta all&#8217;ILE Instituci\u00f3n Libre de Ense\u00f1anza durante il Madrid Design Festival 2023<\/h4>\n\n\n\n<p>Fondatrice e direttrice di <a href=\"https:\/\/www.buj.studio\/\">BUJ studio<\/a>, un laboratorio sperimentale di design e moda, Raquel Buj \u00e8 artista, fashion designer e architetto. L&#8217;abbiamo scoperta in occasione del Madrid Design Festival 2023 presso l&#8217;ILE Instituci\u00f3n Libre de Ense\u00f1anza.<\/p>\n\n\n\n<div class=\"wp-block-image\"><figure class=\"aligncenter size-large\"><img decoding=\"async\" width=\"683\" height=\"1024\" src=\"https:\/\/www.thesignspeaking.com\/wp-content\/uploads\/2023\/02\/MG_0268-as-Smart-Object-1-683x1024.jpg\" alt=\"\" class=\"wp-image-16301\" srcset=\"https:\/\/www.thesignspeaking.com\/wp-content\/uploads\/2023\/02\/MG_0268-as-Smart-Object-1-683x1024.jpg 683w, https:\/\/www.thesignspeaking.com\/wp-content\/uploads\/2023\/02\/MG_0268-as-Smart-Object-1-200x300.jpg 200w, https:\/\/www.thesignspeaking.com\/wp-content\/uploads\/2023\/02\/MG_0268-as-Smart-Object-1-768x1152.jpg 768w, https:\/\/www.thesignspeaking.com\/wp-content\/uploads\/2023\/02\/MG_0268-as-Smart-Object-1.jpg 1024w\" sizes=\"(max-width: 683px) 100vw, 683px\" \/><\/figure><\/div>\n\n\n\n<p>Progetta involucri per il corpo e \u201cseconde pelli\u201d realizzati con materiali provenienti da ambiti molto diversi e riformulati con la fabbricazione digitale e i biomateriali.<\/p>\n\n\n\n<div class=\"wp-block-image\"><figure class=\"aligncenter size-large\"><img decoding=\"async\" width=\"682\" height=\"1024\" src=\"https:\/\/www.thesignspeaking.com\/wp-content\/uploads\/2023\/02\/Zap_Buj_Growing-Landscapes_Hannibal-Gonzalez-foto-682x1024.jpg\" alt=\"\" class=\"wp-image-16305\" srcset=\"https:\/\/www.thesignspeaking.com\/wp-content\/uploads\/2023\/02\/Zap_Buj_Growing-Landscapes_Hannibal-Gonzalez-foto-682x1024.jpg 682w, https:\/\/www.thesignspeaking.com\/wp-content\/uploads\/2023\/02\/Zap_Buj_Growing-Landscapes_Hannibal-Gonzalez-foto-200x300.jpg 200w, https:\/\/www.thesignspeaking.com\/wp-content\/uploads\/2023\/02\/Zap_Buj_Growing-Landscapes_Hannibal-Gonzalez-foto-768x1153.jpg 768w, https:\/\/www.thesignspeaking.com\/wp-content\/uploads\/2023\/02\/Zap_Buj_Growing-Landscapes_Hannibal-Gonzalez-foto.jpg 1024w\" sizes=\"(max-width: 682px) 100vw, 682px\" \/><\/figure><\/div>\n\n\n\n<p>Raquel Buj concepisce il suo studio come un laboratorio in cui sperimentare nuovi materiali combinando artigianato e tecnologia nello sviluppo dei suoi capi. Raquel si \u00e8 avvicinata alla moda attraverso l&#8217;architettura, interessata a ridurre la distanza che separava le sue idee dal proprio corpo, alla ricerca di una scala che le permettesse di gestire ogni parte del processo.<\/p>\n\n\n\n<div class=\"wp-block-image\"><figure class=\"aligncenter size-large\"><img decoding=\"async\" width=\"683\" height=\"1024\" src=\"https:\/\/www.thesignspeaking.com\/wp-content\/uploads\/2023\/02\/Zap_buj_Growing-Landscapes-12_Juan-Antonio-Papagni-Meca-copia-683x1024.jpg\" alt=\"\" class=\"wp-image-16304\" srcset=\"https:\/\/www.thesignspeaking.com\/wp-content\/uploads\/2023\/02\/Zap_buj_Growing-Landscapes-12_Juan-Antonio-Papagni-Meca-copia-683x1024.jpg 683w, https:\/\/www.thesignspeaking.com\/wp-content\/uploads\/2023\/02\/Zap_buj_Growing-Landscapes-12_Juan-Antonio-Papagni-Meca-copia-200x300.jpg 200w, https:\/\/www.thesignspeaking.com\/wp-content\/uploads\/2023\/02\/Zap_buj_Growing-Landscapes-12_Juan-Antonio-Papagni-Meca-copia-768x1152.jpg 768w, https:\/\/www.thesignspeaking.com\/wp-content\/uploads\/2023\/02\/Zap_buj_Growing-Landscapes-12_Juan-Antonio-Papagni-Meca-copia.jpg 1024w\" sizes=\"(max-width: 683px) 100vw, 683px\" \/><\/figure><\/div>\n\n\n\n<p>Concepisce il design come architettura del corpo, non parla di abiti ma di &#8220;involucri&#8221; i cui materiali sono un&#8217;estensione di noi, entit\u00e0 con cui ci relazioniamo e con cui dobbiamo provare empatia, perch\u00e9 sono &#8220;<em>il modo pi\u00f9 immediato di esprimere noi stessi<\/em>&#8220;. Gli abiti sono pi\u00f9 avanti del linguaggio, sono pi\u00f9 veloci e diretti. <\/p>\n\n\n\n<div class=\"wp-block-image\"><figure class=\"aligncenter size-large\"><img decoding=\"async\" width=\"683\" height=\"1024\" src=\"https:\/\/www.thesignspeaking.com\/wp-content\/uploads\/2023\/02\/MG_3499_papagnimenca-683x1024.jpg\" alt=\"\" class=\"wp-image-16302\" srcset=\"https:\/\/www.thesignspeaking.com\/wp-content\/uploads\/2023\/02\/MG_3499_papagnimenca-683x1024.jpg 683w, https:\/\/www.thesignspeaking.com\/wp-content\/uploads\/2023\/02\/MG_3499_papagnimenca-200x300.jpg 200w, https:\/\/www.thesignspeaking.com\/wp-content\/uploads\/2023\/02\/MG_3499_papagnimenca-768x1152.jpg 768w, https:\/\/www.thesignspeaking.com\/wp-content\/uploads\/2023\/02\/MG_3499_papagnimenca.jpg 1024w\" sizes=\"(max-width: 683px) 100vw, 683px\" \/><\/figure><\/div>\n\n\n\n<p>Per questo cerca di porre fine all&#8217;idea di moda come qualcosa di superficiale. Le sue creazioni rispondono a un&#8217;estetica zoomorfa o post-umana e la sua ricerca sulla tecnologia e sui nuovi materiali le permettono di produrre in modo sempre pi\u00f9 sostenibile.<\/p>\n\n\n\n<div class=\"wp-block-image\"><figure class=\"aligncenter size-large\"><img decoding=\"async\" width=\"683\" height=\"1024\" src=\"https:\/\/www.thesignspeaking.com\/wp-content\/uploads\/2023\/02\/9-683x1024.jpg\" alt=\"\" class=\"wp-image-16303\" srcset=\"https:\/\/www.thesignspeaking.com\/wp-content\/uploads\/2023\/02\/9-683x1024.jpg 683w, https:\/\/www.thesignspeaking.com\/wp-content\/uploads\/2023\/02\/9-200x300.jpg 200w, https:\/\/www.thesignspeaking.com\/wp-content\/uploads\/2023\/02\/9-768x1152.jpg 768w, https:\/\/www.thesignspeaking.com\/wp-content\/uploads\/2023\/02\/9.jpg 1024w\" sizes=\"(max-width: 683px) 100vw, 683px\" \/><\/figure><\/div>\n\n\n\n<p>La sua linea di lavoro si muove verso la ricerca di nuovi materiali provenienti dalla biomanifattura e dal riciclo, dalla combinazione di artigianato e tecnologia per creare nuovi materiali pi\u00f9 sensibili all&#8217;ambiente che ci circonda. Lavorando meticolosamente su ci\u00f2 che non si vede n\u00e9 si vuole, mescolandolo con altri materiali e tecnologie, \u00e8 possibile dare valore a ci\u00f2 che c&#8217;\u00e8 ma non si vede e trasformarlo in qualcosa di bello. Una pratica che, in definitiva, ci permette di generare una nuova cultura materiale che si faccia carico della fragilit\u00e0 dell&#8217;ambiente in cui viviamo.<\/p>\n\n\n\n<div class=\"wp-block-image\"><figure class=\"aligncenter size-large\"><img decoding=\"async\" width=\"676\" height=\"1024\" src=\"https:\/\/www.thesignspeaking.com\/wp-content\/uploads\/2023\/02\/MG_0109-as-Smart-Object-1-676x1024.jpg\" alt=\"\" class=\"wp-image-16300\" srcset=\"https:\/\/www.thesignspeaking.com\/wp-content\/uploads\/2023\/02\/MG_0109-as-Smart-Object-1-676x1024.jpg 676w, https:\/\/www.thesignspeaking.com\/wp-content\/uploads\/2023\/02\/MG_0109-as-Smart-Object-1-198x300.jpg 198w, https:\/\/www.thesignspeaking.com\/wp-content\/uploads\/2023\/02\/MG_0109-as-Smart-Object-1-768x1164.jpg 768w, https:\/\/www.thesignspeaking.com\/wp-content\/uploads\/2023\/02\/MG_0109-as-Smart-Object-1-1013x1536.jpg 1013w, https:\/\/www.thesignspeaking.com\/wp-content\/uploads\/2023\/02\/MG_0109-as-Smart-Object-1.jpg 1024w\" sizes=\"(max-width: 676px) 100vw, 676px\" \/><\/figure><\/div>\n\n\n\n<p>Il suo lavoro ha ricevuto diversi premi e riconoscimenti, tra cui il premio Samsung Ego Innovation Project (2017) MBFWM, la menzione per la Ricerca e il Design della Biennale Iberoamericana di Design BID 19 (2019) e il premio per il design emergente IADE 2021.<\/p>\n\n\n\n<div class=\"wp-block-image\"><figure class=\"aligncenter size-large\"><img decoding=\"async\" width=\"680\" height=\"1024\" src=\"https:\/\/www.thesignspeaking.com\/wp-content\/uploads\/2023\/02\/MG_0101-as-Smart-Object-1-680x1024.jpg\" alt=\"\" class=\"wp-image-16299\" srcset=\"https:\/\/www.thesignspeaking.com\/wp-content\/uploads\/2023\/02\/MG_0101-as-Smart-Object-1-680x1024.jpg 680w, https:\/\/www.thesignspeaking.com\/wp-content\/uploads\/2023\/02\/MG_0101-as-Smart-Object-1-199x300.jpg 199w, https:\/\/www.thesignspeaking.com\/wp-content\/uploads\/2023\/02\/MG_0101-as-Smart-Object-1-768x1157.jpg 768w, https:\/\/www.thesignspeaking.com\/wp-content\/uploads\/2023\/02\/MG_0101-as-Smart-Object-1-1020x1536.jpg 1020w, https:\/\/www.thesignspeaking.com\/wp-content\/uploads\/2023\/02\/MG_0101-as-Smart-Object-1.jpg 1024w\" sizes=\"(max-width: 680px) 100vw, 680px\" \/><\/figure><\/div>\n\n\n\n<p>Combina la sua pratica professionale con l&#8217;insegnamento come docente di nuovi materiali nella moda presso l&#8217;URJC, lo IED e la BAU e tiene diversi workshop e conferenze a livello nazionale e internazionale come TEDxMadrid 19, Retrofuturo.<\/p>\n\n\n\n<p>\u00c8 stata membro della giuria del RESHAPE Forum Barcelona 2019. Le sue opere sono state esposte in vari centri e gallerie come la Casa Encendida 2020, il Riu de Plaza de Espa\u00f1a 2021, il Manuel Pi\u00f1a Museum 2022 o la mostra Can U sustainable a Shanghai, in Cina nel 2022. Ha collaborato con diversi artisti come Janet Nov\u00e1s per Veranos de la Villa 2019 o l&#8217;Istituto Stocos per la Reale Accademia di Spagna a Roma.<\/p>\n\n\n\n<p>Il suo lavoro \u00e8 stato pubblicato in vari media come Vogue, Yorokobu, El Pa\u00eds, Neo2, Metal Magazine o A*desk. Recentemente \u00e8 stata premiata dall&#8217;Accademia di Spagna a Roma per il periodo 2022-2023, dove svilupper\u00e0 un progetto tra arte, moda e ricerca sui biomateriali.<\/p>\n\n\n\n<div class=\"wp-block-image\"><figure class=\"aligncenter size-large\"><img decoding=\"async\" width=\"1024\" height=\"683\" src=\"https:\/\/www.thesignspeaking.com\/wp-content\/uploads\/2023\/02\/Zap_Buj44.jpg\" alt=\"\" class=\"wp-image-16306\" srcset=\"https:\/\/www.thesignspeaking.com\/wp-content\/uploads\/2023\/02\/Zap_Buj44.jpg 1024w, https:\/\/www.thesignspeaking.com\/wp-content\/uploads\/2023\/02\/Zap_Buj44-300x200.jpg 300w, https:\/\/www.thesignspeaking.com\/wp-content\/uploads\/2023\/02\/Zap_Buj44-768x512.jpg 768w, https:\/\/www.thesignspeaking.com\/wp-content\/uploads\/2023\/02\/Zap_Buj44-360x240.jpg 360w\" sizes=\"(max-width: 1024px) 100vw, 1024px\" \/><\/figure><\/div>\n<\/span>","protected":false},"excerpt":{"rendered":"<p>Tra biofabbricazione e artigianato la moda dell&#8217;artista, stilista e architetto Raquel Buj esposta all&#8217;ILE Instituci\u00f3n Libre de Ense\u00f1anza durante il Madrid Design Festival 2023 Fondatrice e direttrice di BUJ studio, un laboratorio sperimentale di design e moda, Raquel Buj \u00e8 artista, fashion designer e architetto. L&#8217;abbiamo scoperta in occasione del Madrid Design Festival 2023 presso [&hellip;]<\/p>\n","protected":false},"author":4,"featured_media":16306,"comment_status":"open","ping_status":"open","sticky":false,"template":"","format":"standard","meta":[],"categories":[4],"tags":[2108,2107,415,1858,33,2106,2105,640,641,364,293,2104,184],"_links":{"self":[{"href":"https:\/\/www.thesignspeaking.com\/it\/wp-json\/wp\/v2\/posts\/16298"}],"collection":[{"href":"https:\/\/www.thesignspeaking.com\/it\/wp-json\/wp\/v2\/posts"}],"about":[{"href":"https:\/\/www.thesignspeaking.com\/it\/wp-json\/wp\/v2\/types\/post"}],"author":[{"embeddable":true,"href":"https:\/\/www.thesignspeaking.com\/it\/wp-json\/wp\/v2\/users\/4"}],"replies":[{"embeddable":true,"href":"https:\/\/www.thesignspeaking.com\/it\/wp-json\/wp\/v2\/comments?post=16298"}],"version-history":[{"count":4,"href":"https:\/\/www.thesignspeaking.com\/it\/wp-json\/wp\/v2\/posts\/16298\/revisions"}],"predecessor-version":[{"id":16314,"href":"https:\/\/www.thesignspeaking.com\/it\/wp-json\/wp\/v2\/posts\/16298\/revisions\/16314"}],"wp:featuredmedia":[{"embeddable":true,"href":"https:\/\/www.thesignspeaking.com\/it\/wp-json\/wp\/v2\/media\/16306"}],"wp:attachment":[{"href":"https:\/\/www.thesignspeaking.com\/it\/wp-json\/wp\/v2\/media?parent=16298"}],"wp:term":[{"taxonomy":"category","embeddable":true,"href":"https:\/\/www.thesignspeaking.com\/it\/wp-json\/wp\/v2\/categories?post=16298"},{"taxonomy":"post_tag","embeddable":true,"href":"https:\/\/www.thesignspeaking.com\/it\/wp-json\/wp\/v2\/tags?post=16298"}],"curies":[{"name":"wp","href":"https:\/\/api.w.org\/{rel}","templated":true}]}}