{"id":16437,"date":"2023-08-22T17:42:37","date_gmt":"2023-08-22T15:42:37","guid":{"rendered":"https:\/\/www.thesignspeaking.com\/?p=16437"},"modified":"2023-08-22T18:23:23","modified_gmt":"2023-08-22T16:23:23","slug":"the-best-new-public-library-in-the-world","status":"publish","type":"post","link":"https:\/\/www.thesignspeaking.com\/it\/the-best-new-public-library-in-the-world\/","title":{"rendered":"LA MIGLIORE BIBLIOTECA DEL MONDO"},"content":{"rendered":"<span class=\"cb-itemprop\" itemprop=\"reviewBody\">\n<h2 class=\"wp-block-heading\"><strong>La biblioteca Gabriel Garc\u00eda M\u00e1rquez, progettata da SUMA arquitectura nel quartiere Sant Mart\u00ed di Barcellona, si distingue per le sue caratteristiche uniche e il contributo che offre alla comunit\u00e0 locale.<\/strong><\/h2>\n\n\n\n<p>La biblioteca, come spazio pubblico per eccellenza, diventa nel 21\u00b0 secolo la casa di tutti, dove ogni utente pu\u00f2 trovare il suo angolo speciale. A Barcellona, ce n&#8217;\u00e8 una che si distingue per le sue caratteristiche uniche e il contributo che offre alla comunit\u00e0 locale.<\/p>\n\n\n<div class=\"wp-block-image\">\n<figure class=\"aligncenter size-full\"><img decoding=\"async\" width=\"1024\" height=\"683\" src=\"https:\/\/www.thesignspeaking.com\/wp-content\/uploads\/2023\/08\/BGGM_Volumetria.jpg\" alt=\"\" class=\"wp-image-16442\" srcset=\"https:\/\/www.thesignspeaking.com\/wp-content\/uploads\/2023\/08\/BGGM_Volumetria.jpg 1024w, https:\/\/www.thesignspeaking.com\/wp-content\/uploads\/2023\/08\/BGGM_Volumetria-300x200.jpg 300w, https:\/\/www.thesignspeaking.com\/wp-content\/uploads\/2023\/08\/BGGM_Volumetria-768x512.jpg 768w, https:\/\/www.thesignspeaking.com\/wp-content\/uploads\/2023\/08\/BGGM_Volumetria-360x240.jpg 360w\" sizes=\"(max-width: 1024px) 100vw, 1024px\" \/><figcaption class=\"wp-element-caption\">Biblioteca Gabriel Garc\u00eda M\u00e1rquez <\/figcaption><\/figure><\/div>\n\n\n<p>Il 21 agosto 2023 a Rotterdam, nei Paesi Bassi, la Biblioteca Gabriel Garc\u00eda M\u00e1rquez di Barcellona, in Spagna, \u00e8 stata premiata come Public Library of the Year 2023 alla 88a IFLA World Library and Information Conference.<\/p>\n\n\n\n<p>La Biblioteca Gabriel Garc\u00eda M\u00e1rquez, progettata da <a href=\"https:\/\/www.sumaarquitectura.eu\/\">SUMA Arquitectura<\/a> nel quartiere di Sant Mart\u00ed a Barcellona, \u00e8 una meraviglia architettonica e funzionale, che evoca libri impilati e funge da centro per una comunit\u00e0 di 240.000 residenti.<\/p>\n\n\n\n<figure class=\"wp-block-image size-full\"><img decoding=\"async\" width=\"1024\" height=\"580\" src=\"https:\/\/www.thesignspeaking.com\/wp-content\/uploads\/2023\/08\/BGGM-04.jpeg\" alt=\"\" class=\"wp-image-16443\" srcset=\"https:\/\/www.thesignspeaking.com\/wp-content\/uploads\/2023\/08\/BGGM-04.jpeg 1024w, https:\/\/www.thesignspeaking.com\/wp-content\/uploads\/2023\/08\/BGGM-04-300x170.jpeg 300w, https:\/\/www.thesignspeaking.com\/wp-content\/uploads\/2023\/08\/BGGM-04-768x435.jpeg 768w\" sizes=\"(max-width: 1024px) 100vw, 1024px\" \/><\/figure>\n\n\n\n<p>In linea con gli Obiettivi di Sviluppo Sostenibile delle Nazioni Unite e la Visione Globale di IFLA, la Biblioteca Gabriel Garc\u00eda M\u00e1rquez incarna un approccio olistico alla sostenibilit\u00e0, all&#8217;impegno della comunit\u00e0 e all&#8217;empowerment della conoscenza. Attraverso la sua progettazione, programmazione e impegno per la responsabilit\u00e0 ambientale e sociale, serve come un faro di ispirazione per le biblioteche di tutto il mondo.<\/p>\n\n\n<div class=\"wp-block-image\">\n<figure class=\"aligncenter size-large\"><img decoding=\"async\" width=\"764\" height=\"1024\" src=\"https:\/\/www.thesignspeaking.com\/wp-content\/uploads\/2023\/08\/BGGM_-Espiral-de-encuentros-764x1024.jpg\" alt=\"\" class=\"wp-image-16439\" srcset=\"https:\/\/www.thesignspeaking.com\/wp-content\/uploads\/2023\/08\/BGGM_-Espiral-de-encuentros-764x1024.jpg 764w, https:\/\/www.thesignspeaking.com\/wp-content\/uploads\/2023\/08\/BGGM_-Espiral-de-encuentros-224x300.jpg 224w, https:\/\/www.thesignspeaking.com\/wp-content\/uploads\/2023\/08\/BGGM_-Espiral-de-encuentros-768x1030.jpg 768w, https:\/\/www.thesignspeaking.com\/wp-content\/uploads\/2023\/08\/BGGM_-Espiral-de-encuentros.jpg 1024w\" sizes=\"(max-width: 764px) 100vw, 764px\" \/><\/figure><\/div>\n\n\n<p>Intitolata al famoso premio Nobel per la letteratura Gabriel Garc\u00eda M\u00e1rquez, la biblioteca incarna lo spirito di interazione con l&#8217;ambiente circostante e la cultura locale. &#8220;<em>Questo riconoscimento non \u00e8 solo per la Biblioteca Gabriel Garcia Marquez. \u00c8 per tutte le biblioteche di Barcellona, il team della biblioteca, gli architetti e il comune di Barcellona. \u00c8 un dono per i cittadini. I diritti e i valori democratici e sociali sono la chiave della nostra biblioteca. Questo riconoscimento \u00e8 un premio per la gente di Barcellona<\/em>&#8221; hanno dichiarato Ferran Burguillos, Amministratore Delegato del Barcelona Libraries City Network, e Neus Castellano, Direttrice della biblioteca.<\/p>\n\n\n<div class=\"wp-block-image\">\n<figure class=\"aligncenter size-full\"><img decoding=\"async\" width=\"1024\" height=\"591\" src=\"https:\/\/www.thesignspeaking.com\/wp-content\/uploads\/2023\/08\/BGGM-42-ok.jpeg\" alt=\"\" class=\"wp-image-16445\" srcset=\"https:\/\/www.thesignspeaking.com\/wp-content\/uploads\/2023\/08\/BGGM-42-ok.jpeg 1024w, https:\/\/www.thesignspeaking.com\/wp-content\/uploads\/2023\/08\/BGGM-42-ok-300x173.jpeg 300w, https:\/\/www.thesignspeaking.com\/wp-content\/uploads\/2023\/08\/BGGM-42-ok-768x443.jpeg 768w\" sizes=\"(max-width: 1024px) 100vw, 1024px\" \/><\/figure><\/div>\n\n\n<p>Gli architetti Elena Orte e Guillermo Sevillano, fondatori di SUMA Arquitectura, raccontano che &#8220;<em>si tratta di una biblioteca di quartiere unica, che si presenta come un volume scultoreo ispirato dalle pile di libri situato su una piazza leggermente elevata sopra la strada, le cui grandi aperture e vuoti dialogano con l&#8217;ambiente circostante<\/em>&#8220;.<\/p>\n\n\n<div class=\"wp-block-image\">\n<figure class=\"aligncenter size-full\"><img decoding=\"async\" width=\"1024\" height=\"664\" src=\"https:\/\/www.thesignspeaking.com\/wp-content\/uploads\/2023\/08\/JG_5580-HDReditado3.jpeg\" alt=\"\" class=\"wp-image-16447\" srcset=\"https:\/\/www.thesignspeaking.com\/wp-content\/uploads\/2023\/08\/JG_5580-HDReditado3.jpeg 1024w, https:\/\/www.thesignspeaking.com\/wp-content\/uploads\/2023\/08\/JG_5580-HDReditado3-300x195.jpeg 300w, https:\/\/www.thesignspeaking.com\/wp-content\/uploads\/2023\/08\/JG_5580-HDReditado3-768x498.jpeg 768w, https:\/\/www.thesignspeaking.com\/wp-content\/uploads\/2023\/08\/JG_5580-HDReditado3-100x65.jpeg 100w, https:\/\/www.thesignspeaking.com\/wp-content\/uploads\/2023\/08\/JG_5580-HDReditado3-260x170.jpeg 260w\" sizes=\"(max-width: 1024px) 100vw, 1024px\" \/><\/figure><\/div>\n\n\n<p>La sua solida forma scultorea \u00e8 accentuata da una densa struttura di pannelli di legno che forniscono un&#8217;illuminazione speciale, definendo il carattere della biblioteca. La pianta \u00e8 progettata in modo intelligente, creando spazi distinti che si rivolgono a diverse esigenze e attivit\u00e0. Ogni area \u00e8 accuratamente disegnata per fornire un ambiente caldo e accogliente per i visitatori.<\/p>\n\n\n<div class=\"wp-block-image\">\n<figure class=\"aligncenter size-large\"><img decoding=\"async\" width=\"1008\" height=\"1024\" src=\"https:\/\/www.thesignspeaking.com\/wp-content\/uploads\/2023\/08\/BGGM_Atrio-1008x1024.jpeg\" alt=\"\" class=\"wp-image-16440\" srcset=\"https:\/\/www.thesignspeaking.com\/wp-content\/uploads\/2023\/08\/BGGM_Atrio-1008x1024.jpeg 1008w, https:\/\/www.thesignspeaking.com\/wp-content\/uploads\/2023\/08\/BGGM_Atrio-295x300.jpeg 295w, https:\/\/www.thesignspeaking.com\/wp-content\/uploads\/2023\/08\/BGGM_Atrio-768x780.jpeg 768w, https:\/\/www.thesignspeaking.com\/wp-content\/uploads\/2023\/08\/BGGM_Atrio.jpeg 1024w\" sizes=\"(max-width: 1008px) 100vw, 1008px\" \/><\/figure><\/div>\n\n\n<p>L&#8217;obiettivo principale della biblioteca \u00e8 l&#8217;apprendimento e la connessione sociale. A tal fine, offre workshop sulla creativit\u00e0, le lingue e l\u2019alfabetizzazione digitale. Con le sue strutture uniche che includono un auditorium, uno studio radiofonico, un laboratorio di cucina e uno spazio sensoriale per bambini e giovani, la biblioteca \u00e8 aperta a una vasta gamma di interessi ed esperienze.<\/p>\n\n\n<div class=\"wp-block-image\">\n<figure class=\"aligncenter size-full\"><img decoding=\"async\" width=\"1024\" height=\"688\" src=\"https:\/\/www.thesignspeaking.com\/wp-content\/uploads\/2023\/08\/BGGM-14.jpeg\" alt=\"\" class=\"wp-image-16444\" srcset=\"https:\/\/www.thesignspeaking.com\/wp-content\/uploads\/2023\/08\/BGGM-14.jpeg 1024w, https:\/\/www.thesignspeaking.com\/wp-content\/uploads\/2023\/08\/BGGM-14-300x202.jpeg 300w, https:\/\/www.thesignspeaking.com\/wp-content\/uploads\/2023\/08\/BGGM-14-768x516.jpeg 768w\" sizes=\"(max-width: 1024px) 100vw, 1024px\" \/><\/figure><\/div>\n\n\n<h2 class=\"wp-block-heading\">IL PROGETTO<\/h2>\n\n\n\n<p>Il porticato di accesso estende l&#8217;asse pedonale e culturale del quartiere e si collega con l&#8217;interno. La superficie \u00e8 di 4.294 m2 distribuiti su cinque piani, collegati da un cortile centrale che porta la luce naturale nel cuore dell&#8217;edificio. La struttura \u00e8 un ibrido di legno e acciaio lamellari che consente di massimizzare l&#8217;efficienza strutturale e le prestazioni architettoniche. La sua configurazione si basa su tre nuclei collegati da travi reticolari, con un volume insolito di legno visibile e giunti nascosti. La struttura definisce e qualifica lo spazio senza tensioni tettoniche apparenti e si integra con il programma, l&#8217;involucro e l&#8217;arredamento di ogni ecosistema di biblioteca. Il risultato \u00e8 un grande lavoro di falegnameria, tanto caldo e leggero quanto permeabile e luminoso. Una struttura in legno denso migliora le qualit\u00e0 tattili (calore, consistenza, profumo e prestazioni idrotermali) e fornisce zone calde e intime, mentre il layout strutturale offre una grande variet\u00e0 di spazi.<\/p>\n\n\n<div class=\"wp-block-image\">\n<figure class=\"aligncenter size-large\"><img decoding=\"async\" width=\"773\" height=\"1024\" src=\"https:\/\/www.thesignspeaking.com\/wp-content\/uploads\/2023\/08\/BGGM-49-773x1024.jpeg\" alt=\"\" class=\"wp-image-16446\" srcset=\"https:\/\/www.thesignspeaking.com\/wp-content\/uploads\/2023\/08\/BGGM-49-773x1024.jpeg 773w, https:\/\/www.thesignspeaking.com\/wp-content\/uploads\/2023\/08\/BGGM-49-227x300.jpeg 227w, https:\/\/www.thesignspeaking.com\/wp-content\/uploads\/2023\/08\/BGGM-49-768x1017.jpeg 768w, https:\/\/www.thesignspeaking.com\/wp-content\/uploads\/2023\/08\/BGGM-49.jpeg 1024w\" sizes=\"(max-width: 773px) 100vw, 773px\" \/><\/figure><\/div>\n\n\n<p>Photo credits Jes\u00fas Granada<\/p>\n<\/span>","protected":false},"excerpt":{"rendered":"<p>La biblioteca Gabriel Garc\u00eda M\u00e1rquez, progettata da SUMA arquitectura nel quartiere Sant Mart\u00ed di Barcellona, si distingue per le sue caratteristiche uniche e il contributo che offre alla comunit\u00e0 locale. La biblioteca, come spazio pubblico per eccellenza, diventa nel 21\u00b0 secolo la casa di tutti, dove ogni utente pu\u00f2 trovare il suo angolo speciale. A [&hellip;]<\/p>\n","protected":false},"author":4,"featured_media":16443,"comment_status":"open","ping_status":"open","sticky":false,"template":"","format":"standard","meta":[],"categories":[11],"tags":[88,2137,2136,2134,2135,96],"_links":{"self":[{"href":"https:\/\/www.thesignspeaking.com\/it\/wp-json\/wp\/v2\/posts\/16437"}],"collection":[{"href":"https:\/\/www.thesignspeaking.com\/it\/wp-json\/wp\/v2\/posts"}],"about":[{"href":"https:\/\/www.thesignspeaking.com\/it\/wp-json\/wp\/v2\/types\/post"}],"author":[{"embeddable":true,"href":"https:\/\/www.thesignspeaking.com\/it\/wp-json\/wp\/v2\/users\/4"}],"replies":[{"embeddable":true,"href":"https:\/\/www.thesignspeaking.com\/it\/wp-json\/wp\/v2\/comments?post=16437"}],"version-history":[{"count":10,"href":"https:\/\/www.thesignspeaking.com\/it\/wp-json\/wp\/v2\/posts\/16437\/revisions"}],"predecessor-version":[{"id":16462,"href":"https:\/\/www.thesignspeaking.com\/it\/wp-json\/wp\/v2\/posts\/16437\/revisions\/16462"}],"wp:featuredmedia":[{"embeddable":true,"href":"https:\/\/www.thesignspeaking.com\/it\/wp-json\/wp\/v2\/media\/16443"}],"wp:attachment":[{"href":"https:\/\/www.thesignspeaking.com\/it\/wp-json\/wp\/v2\/media?parent=16437"}],"wp:term":[{"taxonomy":"category","embeddable":true,"href":"https:\/\/www.thesignspeaking.com\/it\/wp-json\/wp\/v2\/categories?post=16437"},{"taxonomy":"post_tag","embeddable":true,"href":"https:\/\/www.thesignspeaking.com\/it\/wp-json\/wp\/v2\/tags?post=16437"}],"curies":[{"name":"wp","href":"https:\/\/api.w.org\/{rel}","templated":true}]}}