{"id":1645,"date":"2017-09-08T16:55:18","date_gmt":"2017-09-08T14:55:18","guid":{"rendered":"http:\/\/thesignspeaking.com\/2018\/02\/02\/nude-design-talent-place-by-habitat-valencia\/"},"modified":"2018-06-04T14:23:38","modified_gmt":"2018-06-04T12:23:38","slug":"nude-design-talent-place-by-habitat-valencia","status":"publish","type":"post","link":"https:\/\/www.thesignspeaking.com\/it\/nude-design-talent-place-by-habitat-valencia\/","title":{"rendered":"nude, design talent place by Habitat Valencia"},"content":{"rendered":"<span class=\"cb-itemprop\" itemprop=\"reviewBody\"><p>Il progetto \u00e8 il tema principale intorno a cui la prossima edizione di H\u00e1bitat si svolge. La 15a edizione della piattaforma di design emergente\u00a0<a href=\"http:\/\/www.nudegeneration.com\/\" target=\"\"><b><span style=\"color: #f79646;\">nude<\/span><\/b><\/a>\u00a0presenta a Valencia dal 19 al 22 settembre dodici designer che sono stati selezionati per merito dalla giuria composta dal designer Vicent Mart\u00ednez, dall\u2019imprenditore Vicente Pons, dall\u2019artigiano Juan Carlos I\u00f1esta, dal giornalista Txema Ibarra e dagli esperti in tendenze Nieves Noha e Javier Miguel. La mostra comprende anche tredici scuole di design e universit\u00e0 provenienti non solo dalla Spagna, ma anche dalla Corea del Sud, dal Messico e dalla Repubblica Dominicana, rendendo questa edizione di nude la pi\u00f9 internazionale di sempre.<\/p>\n<p>Durante il processo di selezione la giuria ha evidenziato la capacit\u00e0 dei nuovi designer nel portare nuovi materiali, usi ed applicazioni negli spazi abitativi per migliorare l&#8217;esperienza degli utenti. La giuria ha anche individuato nuove soluzioni per ambienti che combinino funzionalit\u00e0 e design.<\/p>\n<p>I designer che partecipano a nude 2017 provengono da tutta la Spagna e sono <strong>Alejandro G\u00f3mez Slok<\/strong><em> e <\/em><strong>Diego Bernardeau<\/strong><em>, <\/em><strong>Borja Sepulcre<\/strong><em>, <\/em><strong>Calamina<\/strong><em>, <\/em><strong>Emilio Mar\u00edn Lillo<\/strong><em>,\u00a0<\/em><strong>Jaume Molina<\/strong><em>,<\/em><strong> Life Art Design Group,<\/strong><strong>Manuel Suero<\/strong><em>, <\/em><strong>Miguel Torregrosa<\/strong><em>, <\/em><strong>Octavio Asensio<\/strong><em>, <\/em><strong>Samu Architects<\/strong><em>, <\/em><strong>Tabuhome, Tot\u00f3 Lampes <\/strong><em>e <\/em><strong>We are Forms<\/strong><em>.<\/em><\/p>\n<p>nude 2017 \u00e8 anche una vetrina per le universit\u00e0 e le scuole di design con un accento molto internazionale. Gli istituti che hanno gi\u00e0 confermato la loro partecipazione sono: <strong>Barreira Arte + Dise\u00f1o<\/strong><em> (Val\u00e8ncia), <\/em><strong>CEU San Pablo<\/strong><em>\u00a0(Valencia), <\/em><strong>College of Design Art \u2013 Yeungnam University<\/strong><em> ( South Korea), <\/em><strong>Escola d\u2019Art i Superior de Disseny de Val\u00e8ncia <\/strong><em>(Valencia), <\/em><strong>Escola d\u2019Art i Superior de Cer\u00e0mica de Manises<\/strong><em> (Valencia), <\/em><strong>Escuela Dise\u00f1o Anahuec<\/strong><em> (Mexico), <\/em><strong>Kongju National University<\/strong><em>\u00a0(South Korea), <\/em><strong>Sangmyung University Korea<\/strong><em> (South Korea), <\/em><strong>Universidad Motolin\u00eda del Pedregal<\/strong><em> (Mexico), <\/em><strong>Universidad An\u00e1huac M\u00e9xico Norte<\/strong><em> (Mexico), <\/em><strong>UNIBE Universidad Iberoamericana Campus Santo Domingo<\/strong><em> (Dominican Republic), <\/em><strong>CENTRO de Dise\u00f1o, Cine&#038;Televisi\u00f3n <\/strong><em>(Mexico) e <\/em><strong>Universitat Jaume I<\/strong><em> (Castell\u00f3n).<\/em><\/p>\n<p>Nomi famosi come i \u201cNational Design Awards\u201d <b>Miguel Mil\u00e1<\/b> e <b>Mario Ruiz<\/b> sono gli oratori di spicco delle lecture di nude \u00c1gora, un forum di discussione che si svolge in parallelo con la presentazione dei giovani designer e che ospita anche figure di alto livello come l&#8217;architetto argentino <b>Diego Gronda<\/b>, specializzato in grandi progetti, e i professionisti latinoamericani <b>Guillermo Acosta, Sandra G\u00f3mez, Adri\u00e1n Rosado e Enrique G\u00f3mez de la Torre<\/b>. nude \u00c1gora presenta anche i lavori dell\u2019industrial designer <b>Aitor Garc\u00eda de Vicu\u00f1a<\/b>, dell\u2019esperto di architettura e comunicazione digitale <b>Jorge Consuegra<\/b>, del designer <b>Javier Pastor<\/b> e degli architetti e artigiani <b>Mill\u00e1n Garrido<\/b> e <b>Maribel Femen\u00eda<\/b>. All&#8217;interno del forum saranno esposte le presentazioni dell\u2019<strong>Observatory for Trends in Interiors (OTH)\u00a0<\/strong>e si terr\u00e0 la cerimonia di premiazione per <b>Intercidec&#8217;17<\/b> i cui premi sono forniti da Belta&#038;Frajumar.<img decoding=\"async\" class=\"alignnone size-large wp-image-8512\" src=\"http:\/\/www.thesignspeaking.com\/wp-content\/uploads\/2017\/09\/nude-1024x536.jpg\" alt=\"\" width=\"1024\" height=\"536\" srcset=\"https:\/\/www.thesignspeaking.com\/wp-content\/uploads\/2017\/09\/nude-1024x536.jpg 1024w, https:\/\/www.thesignspeaking.com\/wp-content\/uploads\/2017\/09\/nude-300x157.jpg 300w, https:\/\/www.thesignspeaking.com\/wp-content\/uploads\/2017\/09\/nude-768x402.jpg 768w, https:\/\/www.thesignspeaking.com\/wp-content\/uploads\/2017\/09\/nude.jpg 1992w\" sizes=\"(max-width: 1024px) 100vw, 1024px\" \/><\/p>\n<\/span>","protected":false},"excerpt":{"rendered":"<p>The 15th edition of the emerging design platform shows from 19 to 22 of September twelve designers and thirteen schools of design and universities<\/p>\n","protected":false},"author":3,"featured_media":8512,"comment_status":"open","ping_status":"open","sticky":false,"template":"","format":"standard","meta":[],"categories":[7,24],"tags":[],"_links":{"self":[{"href":"https:\/\/www.thesignspeaking.com\/it\/wp-json\/wp\/v2\/posts\/1645"}],"collection":[{"href":"https:\/\/www.thesignspeaking.com\/it\/wp-json\/wp\/v2\/posts"}],"about":[{"href":"https:\/\/www.thesignspeaking.com\/it\/wp-json\/wp\/v2\/types\/post"}],"author":[{"embeddable":true,"href":"https:\/\/www.thesignspeaking.com\/it\/wp-json\/wp\/v2\/users\/3"}],"replies":[{"embeddable":true,"href":"https:\/\/www.thesignspeaking.com\/it\/wp-json\/wp\/v2\/comments?post=1645"}],"version-history":[{"count":0,"href":"https:\/\/www.thesignspeaking.com\/it\/wp-json\/wp\/v2\/posts\/1645\/revisions"}],"wp:featuredmedia":[{"embeddable":true,"href":"https:\/\/www.thesignspeaking.com\/it\/wp-json\/wp\/v2\/media\/8512"}],"wp:attachment":[{"href":"https:\/\/www.thesignspeaking.com\/it\/wp-json\/wp\/v2\/media?parent=1645"}],"wp:term":[{"taxonomy":"category","embeddable":true,"href":"https:\/\/www.thesignspeaking.com\/it\/wp-json\/wp\/v2\/categories?post=1645"},{"taxonomy":"post_tag","embeddable":true,"href":"https:\/\/www.thesignspeaking.com\/it\/wp-json\/wp\/v2\/tags?post=1645"}],"curies":[{"name":"wp","href":"https:\/\/api.w.org\/{rel}","templated":true}]}}