{"id":16484,"date":"2023-09-01T12:21:05","date_gmt":"2023-09-01T10:21:05","guid":{"rendered":"https:\/\/www.thesignspeaking.com\/?p=16484"},"modified":"2023-09-01T12:44:55","modified_gmt":"2023-09-01T10:44:55","slug":"enroni-horn-i-am-paralyzed-with-hopeitroni-horn-mi-paralizza-la-speranza","status":"publish","type":"post","link":"https:\/\/www.thesignspeaking.com\/it\/enroni-horn-i-am-paralyzed-with-hopeitroni-horn-mi-paralizza-la-speranza\/","title":{"rendered":"RONI HORN: MI PARALIZZA LA SPERANZA"},"content":{"rendered":"<span class=\"cb-itemprop\" itemprop=\"reviewBody\">\n<h2 class=\"wp-block-heading\">L&#8217;esauriente mostra dell&#8217;opera di Roni Horn, concepita appositamente per il Centro Bot\u00edn, a Santander in Spagna, chiude i battenti domenica 10 settembre.<\/h2>\n\n\n<div class=\"wp-block-image\">\n<figure class=\"aligncenter size-full\"><img decoding=\"async\" width=\"1024\" height=\"683\" src=\"https:\/\/www.thesignspeaking.com\/wp-content\/uploads\/2023\/09\/BELENDEBENITO-CENTROBOTIN-RONIHORN.jpg\" alt=\"\" class=\"wp-image-16485\" srcset=\"https:\/\/www.thesignspeaking.com\/wp-content\/uploads\/2023\/09\/BELENDEBENITO-CENTROBOTIN-RONIHORN.jpg 1024w, https:\/\/www.thesignspeaking.com\/wp-content\/uploads\/2023\/09\/BELENDEBENITO-CENTROBOTIN-RONIHORN-300x200.jpg 300w, https:\/\/www.thesignspeaking.com\/wp-content\/uploads\/2023\/09\/BELENDEBENITO-CENTROBOTIN-RONIHORN-768x512.jpg 768w, https:\/\/www.thesignspeaking.com\/wp-content\/uploads\/2023\/09\/BELENDEBENITO-CENTROBOTIN-RONIHORN-360x240.jpg 360w\" sizes=\"(max-width: 1024px) 100vw, 1024px\" \/><\/figure><\/div>\n\n\n<p><em>I am paralyzed with hope<\/em> \u00e8 la presentazione completa e site-specific dell&#8217;artista americana Roni Horn, nata a New York nel 1955, ed \u00e8 stata progettata in risposta all&#8217;architettura e all&#8217;ubicazione del Centro Bot\u00edn sulla baia aperta di Santander, nel nord della Spagna.<\/p>\n\n\n\n<p>Le opere in mostra e la loro particolare disposizione rafforzano la pratica di Horn di essere presente nel momento, attenta all&#8217;ambiente circostante e alle variazioni atmosferiche.<\/p>\n\n\n<div class=\"wp-block-image\">\n<figure class=\"aligncenter size-full\"><img decoding=\"async\" width=\"1024\" height=\"683\" src=\"https:\/\/www.thesignspeaking.com\/wp-content\/uploads\/2023\/09\/BELENDEBENITO-CENTROBOTIN-RONIHORN-D3-C-30.jpg\" alt=\"\" class=\"wp-image-16489\" srcset=\"https:\/\/www.thesignspeaking.com\/wp-content\/uploads\/2023\/09\/BELENDEBENITO-CENTROBOTIN-RONIHORN-D3-C-30.jpg 1024w, https:\/\/www.thesignspeaking.com\/wp-content\/uploads\/2023\/09\/BELENDEBENITO-CENTROBOTIN-RONIHORN-D3-C-30-300x200.jpg 300w, https:\/\/www.thesignspeaking.com\/wp-content\/uploads\/2023\/09\/BELENDEBENITO-CENTROBOTIN-RONIHORN-D3-C-30-768x512.jpg 768w, https:\/\/www.thesignspeaking.com\/wp-content\/uploads\/2023\/09\/BELENDEBENITO-CENTROBOTIN-RONIHORN-D3-C-30-360x240.jpg 360w\" sizes=\"(max-width: 1024px) 100vw, 1024px\" \/><figcaption class=\"wp-element-caption\">RONI HORN, CENTRO BOT\u00cdN, ph. BELEN DE BENITO <\/figcaption><\/figure><\/div>\n\n\n<p>In questo spirito, la mostra ci invita a rallentare, a prestare attenzione agli abbinamenti e alle opposizioni che si rivelano in ogni stanza, a investire tempo nel profondo dialogo che si crea tra lo spazio, la luce, l&#8217;acqua e l&#8217;opera tranquillamente radicale di Horn.<\/p>\n\n\n<div class=\"wp-block-image\">\n<figure class=\"aligncenter size-full\"><img decoding=\"async\" width=\"1024\" height=\"683\" src=\"https:\/\/www.thesignspeaking.com\/wp-content\/uploads\/2023\/09\/BELENDEBENITO-CENTROBOTIN-RONIHORN-D3-C-46.jpg\" alt=\"\" class=\"wp-image-16486\" srcset=\"https:\/\/www.thesignspeaking.com\/wp-content\/uploads\/2023\/09\/BELENDEBENITO-CENTROBOTIN-RONIHORN-D3-C-46.jpg 1024w, https:\/\/www.thesignspeaking.com\/wp-content\/uploads\/2023\/09\/BELENDEBENITO-CENTROBOTIN-RONIHORN-D3-C-46-300x200.jpg 300w, https:\/\/www.thesignspeaking.com\/wp-content\/uploads\/2023\/09\/BELENDEBENITO-CENTROBOTIN-RONIHORN-D3-C-46-768x512.jpg 768w, https:\/\/www.thesignspeaking.com\/wp-content\/uploads\/2023\/09\/BELENDEBENITO-CENTROBOTIN-RONIHORN-D3-C-46-360x240.jpg 360w\" sizes=\"(max-width: 1024px) 100vw, 1024px\" \/><\/figure><\/div>\n\n\n<p>La mostra &#8211; curata da B\u00e1rbara Rodr\u00edguez Mu\u00f1oz, direttrice delle mostre e della collezione del Centro Bot\u00edn &#8211; ripercorre tre decenni di carriera di Roni Horn attraverso fotografie, disegni, sculture e performance di orientamento concettuale. L&#8217;esposizione mette in luce la continua esplorazione di Roni Horn del processo del divenire in relazione all&#8217;identit\u00e0 e al luogo.<\/p>\n\n\n<div class=\"wp-block-image\">\n<figure class=\"aligncenter size-full\"><img decoding=\"async\" width=\"1024\" height=\"683\" src=\"https:\/\/www.thesignspeaking.com\/wp-content\/uploads\/2023\/09\/BELENDEBENITO-CENTROBOTIN-RONIHORN-D3-C-44.jpg\" alt=\"\" class=\"wp-image-16488\" srcset=\"https:\/\/www.thesignspeaking.com\/wp-content\/uploads\/2023\/09\/BELENDEBENITO-CENTROBOTIN-RONIHORN-D3-C-44.jpg 1024w, https:\/\/www.thesignspeaking.com\/wp-content\/uploads\/2023\/09\/BELENDEBENITO-CENTROBOTIN-RONIHORN-D3-C-44-300x200.jpg 300w, https:\/\/www.thesignspeaking.com\/wp-content\/uploads\/2023\/09\/BELENDEBENITO-CENTROBOTIN-RONIHORN-D3-C-44-768x512.jpg 768w, https:\/\/www.thesignspeaking.com\/wp-content\/uploads\/2023\/09\/BELENDEBENITO-CENTROBOTIN-RONIHORN-D3-C-44-360x240.jpg 360w\" sizes=\"(max-width: 1024px) 100vw, 1024px\" \/><\/figure><\/div>\n\n\n<p>Include anche la prima presentazione istituzionale di LOG (22 marzo 2019 &#8211; 17 maggio 2020). La serie presenta 406 fogli di carta disegnata che fungono da registro delle osservazioni e degli eventi quotidiani che hanno informato la sensibilit\u00e0 e la voce dell&#8217;artista.<\/p>\n\n\n<div class=\"wp-block-image\">\n<figure class=\"aligncenter size-full\"><img decoding=\"async\" width=\"1024\" height=\"682\" src=\"https:\/\/www.thesignspeaking.com\/wp-content\/uploads\/2023\/09\/BELENDEBENITO-CENTROBOTIN-RONIHORN-D3-C-47.jpg\" alt=\"\" class=\"wp-image-16487\" srcset=\"https:\/\/www.thesignspeaking.com\/wp-content\/uploads\/2023\/09\/BELENDEBENITO-CENTROBOTIN-RONIHORN-D3-C-47.jpg 1024w, https:\/\/www.thesignspeaking.com\/wp-content\/uploads\/2023\/09\/BELENDEBENITO-CENTROBOTIN-RONIHORN-D3-C-47-300x200.jpg 300w, https:\/\/www.thesignspeaking.com\/wp-content\/uploads\/2023\/09\/BELENDEBENITO-CENTROBOTIN-RONIHORN-D3-C-47-768x512.jpg 768w, https:\/\/www.thesignspeaking.com\/wp-content\/uploads\/2023\/09\/BELENDEBENITO-CENTROBOTIN-RONIHORN-D3-C-47-360x240.jpg 360w\" sizes=\"(max-width: 1024px) 100vw, 1024px\" \/><\/figure><\/div>\n\n\n<p>Dal 1975 l&#8217;artista ha viaggiato a lungo attraverso i vasti e remoti paesaggi islandesi. Queste esperienze solitarie in un paesaggio geologicamente giovane, e quindi mutevole, hanno a lungo influenzato la sua vita e il suo lavoro. Anche l&#8217;acqua e il tempo atmosferico sono al centro della sua pratica, poich\u00e9 la loro mutevolezza e la loro natura ambigua rispecchiano la nostra identit\u00e0, intesa come qualcosa di non fisso o stabile.<\/p>\n\n\n<div class=\"wp-block-image\">\n<figure class=\"aligncenter size-full\"><img decoding=\"async\" width=\"1024\" height=\"683\" src=\"https:\/\/www.thesignspeaking.com\/wp-content\/uploads\/2023\/09\/BELENDEBENITO-CENTROBOTIN-RONIHORN-D4-C-7.jpg\" alt=\"\" class=\"wp-image-16490\" srcset=\"https:\/\/www.thesignspeaking.com\/wp-content\/uploads\/2023\/09\/BELENDEBENITO-CENTROBOTIN-RONIHORN-D4-C-7.jpg 1024w, https:\/\/www.thesignspeaking.com\/wp-content\/uploads\/2023\/09\/BELENDEBENITO-CENTROBOTIN-RONIHORN-D4-C-7-300x200.jpg 300w, https:\/\/www.thesignspeaking.com\/wp-content\/uploads\/2023\/09\/BELENDEBENITO-CENTROBOTIN-RONIHORN-D4-C-7-768x512.jpg 768w, https:\/\/www.thesignspeaking.com\/wp-content\/uploads\/2023\/09\/BELENDEBENITO-CENTROBOTIN-RONIHORN-D4-C-7-360x240.jpg 360w\" sizes=\"(max-width: 1024px) 100vw, 1024px\" \/><\/figure><\/div>\n\n\n<p><em>I am paralyzed with hope<\/em> \u00e8 completata da una pubblicazione, co-pubblicata con La F\u00e1brica, con testi appositamente scritti dalla scrittrice americana Carmen Maria Machado e dalla ricercatrice e scrittrice spagnola Isabel de Naver\u00e1n, oltre a uno scambio tra Roni Horn e la curatrice B\u00e1rbara Rodriguez Mu\u00f1oz.<\/p>\n\n\n<div class=\"wp-block-image\">\n<figure class=\"aligncenter size-full\"><img decoding=\"async\" width=\"1024\" height=\"683\" src=\"https:\/\/www.thesignspeaking.com\/wp-content\/uploads\/2023\/09\/BELENDEBENITO-CENTROBOTIN-RONIHORN-D3-C-24.jpg\" alt=\"\" class=\"wp-image-16491\" srcset=\"https:\/\/www.thesignspeaking.com\/wp-content\/uploads\/2023\/09\/BELENDEBENITO-CENTROBOTIN-RONIHORN-D3-C-24.jpg 1024w, https:\/\/www.thesignspeaking.com\/wp-content\/uploads\/2023\/09\/BELENDEBENITO-CENTROBOTIN-RONIHORN-D3-C-24-300x200.jpg 300w, https:\/\/www.thesignspeaking.com\/wp-content\/uploads\/2023\/09\/BELENDEBENITO-CENTROBOTIN-RONIHORN-D3-C-24-768x512.jpg 768w, https:\/\/www.thesignspeaking.com\/wp-content\/uploads\/2023\/09\/BELENDEBENITO-CENTROBOTIN-RONIHORN-D3-C-24-360x240.jpg 360w\" sizes=\"(max-width: 1024px) 100vw, 1024px\" \/><\/figure><\/div>\n\n\n<p><\/p>\n\n\n\n<p><\/p>\n\n\n\n<p>Photo: Bel\u00e9n de Benito<\/p>\n<\/span>","protected":false},"excerpt":{"rendered":"<p>L&#8217;esauriente mostra dell&#8217;opera di Roni Horn, concepita appositamente per il Centro Bot\u00edn, a Santander in Spagna, chiude i battenti domenica 10 settembre. I am paralyzed with hope \u00e8 la presentazione completa e site-specific dell&#8217;artista americana Roni Horn, nata a New York nel 1955, ed \u00e8 stata progettata in risposta all&#8217;architettura e all&#8217;ubicazione del Centro Bot\u00edn [&hellip;]<\/p>\n","protected":false},"author":4,"featured_media":16485,"comment_status":"open","ping_status":"open","sticky":false,"template":"","format":"standard","meta":[],"categories":[11],"tags":[34,2141,35,85,2140],"_links":{"self":[{"href":"https:\/\/www.thesignspeaking.com\/it\/wp-json\/wp\/v2\/posts\/16484"}],"collection":[{"href":"https:\/\/www.thesignspeaking.com\/it\/wp-json\/wp\/v2\/posts"}],"about":[{"href":"https:\/\/www.thesignspeaking.com\/it\/wp-json\/wp\/v2\/types\/post"}],"author":[{"embeddable":true,"href":"https:\/\/www.thesignspeaking.com\/it\/wp-json\/wp\/v2\/users\/4"}],"replies":[{"embeddable":true,"href":"https:\/\/www.thesignspeaking.com\/it\/wp-json\/wp\/v2\/comments?post=16484"}],"version-history":[{"count":3,"href":"https:\/\/www.thesignspeaking.com\/it\/wp-json\/wp\/v2\/posts\/16484\/revisions"}],"predecessor-version":[{"id":16495,"href":"https:\/\/www.thesignspeaking.com\/it\/wp-json\/wp\/v2\/posts\/16484\/revisions\/16495"}],"wp:featuredmedia":[{"embeddable":true,"href":"https:\/\/www.thesignspeaking.com\/it\/wp-json\/wp\/v2\/media\/16485"}],"wp:attachment":[{"href":"https:\/\/www.thesignspeaking.com\/it\/wp-json\/wp\/v2\/media?parent=16484"}],"wp:term":[{"taxonomy":"category","embeddable":true,"href":"https:\/\/www.thesignspeaking.com\/it\/wp-json\/wp\/v2\/categories?post=16484"},{"taxonomy":"post_tag","embeddable":true,"href":"https:\/\/www.thesignspeaking.com\/it\/wp-json\/wp\/v2\/tags?post=16484"}],"curies":[{"name":"wp","href":"https:\/\/api.w.org\/{rel}","templated":true}]}}