{"id":16496,"date":"2023-09-01T12:57:43","date_gmt":"2023-09-01T10:57:43","guid":{"rendered":"https:\/\/www.thesignspeaking.com\/?p=16496"},"modified":"2023-09-01T13:26:21","modified_gmt":"2023-09-01T11:26:21","slug":"engessi-origini-collection-matches-with-costa-smeralda-water-sea","status":"publish","type":"post","link":"https:\/\/www.thesignspeaking.com\/it\/engessi-origini-collection-matches-with-costa-smeralda-water-sea\/","title":{"rendered":"LA COLLEZIONE GESSI ORIGINI SI ABBINA ALL&#8217;ACQUA DEL MARE DELLA COSTA SMERALDA"},"content":{"rendered":"<span class=\"cb-itemprop\" itemprop=\"reviewBody\">\n<h2 class=\"wp-block-heading\"><strong>The Private Wellness Company \u00e8 parte del programma di collaborazioni ed eventi del beach club per la stagione estiva 2023, che offre agli esclusivi ospiti un\u2019oasi di benessere contemporaneo<\/strong><\/h2>\n\n\n\n<p>L\u2019estate 2023 verr\u00e0 ricordata per i beach club \u201cvestiti\u201d alla moda! Le prestigiose collaborazioni tra i brand pi\u00f9 chic e i lidi pi\u00f9 ricercati fanno sognare. Tra questi anche GESSI, tra i partner di Nikki Beach Costa Smeralda, nella splendida baia di Cala Petra Ruja in Sardegna, non lontano da Porto Cervo.<\/p>\n\n\n\n<figure class=\"wp-block-image size-full\"><img decoding=\"async\" width=\"1024\" height=\"683\" src=\"https:\/\/www.thesignspeaking.com\/wp-content\/uploads\/2023\/09\/NB_5809-low.jpg\" alt=\"\" class=\"wp-image-16499\" srcset=\"https:\/\/www.thesignspeaking.com\/wp-content\/uploads\/2023\/09\/NB_5809-low.jpg 1024w, https:\/\/www.thesignspeaking.com\/wp-content\/uploads\/2023\/09\/NB_5809-low-300x200.jpg 300w, https:\/\/www.thesignspeaking.com\/wp-content\/uploads\/2023\/09\/NB_5809-low-768x512.jpg 768w, https:\/\/www.thesignspeaking.com\/wp-content\/uploads\/2023\/09\/NB_5809-low-360x240.jpg 360w\" sizes=\"(max-width: 1024px) 100vw, 1024px\" \/><\/figure>\n\n\n\n<p>Il beach club sardo di Nikki Beach Global, il marchio internazionale di ospitalit\u00e0 e luxury lifestyle, accoglie i suoi esclusivi ospiti con bagni e docce rinnovati dal marchio di interior design sostenibile e pluripremiato GESSI.<\/p>\n\n\n<div class=\"wp-block-image\">\n<figure class=\"aligncenter size-full\"><img decoding=\"async\" width=\"1024\" height=\"1535\" src=\"https:\/\/www.thesignspeaking.com\/wp-content\/uploads\/2023\/09\/Nikki_Beach_GESSI_Costa-Smeralda_2294-low.jpg\" alt=\"\" class=\"wp-image-16504\" srcset=\"https:\/\/www.thesignspeaking.com\/wp-content\/uploads\/2023\/09\/Nikki_Beach_GESSI_Costa-Smeralda_2294-low.jpg 1024w, https:\/\/www.thesignspeaking.com\/wp-content\/uploads\/2023\/09\/Nikki_Beach_GESSI_Costa-Smeralda_2294-low-200x300.jpg 200w, https:\/\/www.thesignspeaking.com\/wp-content\/uploads\/2023\/09\/Nikki_Beach_GESSI_Costa-Smeralda_2294-low-683x1024.jpg 683w, https:\/\/www.thesignspeaking.com\/wp-content\/uploads\/2023\/09\/Nikki_Beach_GESSI_Costa-Smeralda_2294-low-768x1151.jpg 768w\" sizes=\"(max-width: 1024px) 100vw, 1024px\" \/><\/figure><\/div>\n\n\n<p>L&#8217;innovativa collezione ORIGINI prevede l&#8217;unione armonica di forme, colori, materiali e finiture e offre la libert\u00e0 di progettare lo spazio vitale pi\u00f9 intimo in base alla personalit\u00e0 di chi lo vive. Con l&#8217;aiuto di una famosa color designer, il marchio ha tradotto le caratteristiche in colori e ha presentato cinque triadi, ciascuna associata a una personalit\u00e0.<\/p>\n\n\n<div class=\"wp-block-image\">\n<figure class=\"aligncenter size-full\"><img decoding=\"async\" width=\"1024\" height=\"1535\" src=\"https:\/\/www.thesignspeaking.com\/wp-content\/uploads\/2023\/09\/Nikki_Beach_GESSI_CostaSmeralda_2295-low.jpg\" alt=\"\" class=\"wp-image-16506\" srcset=\"https:\/\/www.thesignspeaking.com\/wp-content\/uploads\/2023\/09\/Nikki_Beach_GESSI_CostaSmeralda_2295-low.jpg 1024w, https:\/\/www.thesignspeaking.com\/wp-content\/uploads\/2023\/09\/Nikki_Beach_GESSI_CostaSmeralda_2295-low-200x300.jpg 200w, https:\/\/www.thesignspeaking.com\/wp-content\/uploads\/2023\/09\/Nikki_Beach_GESSI_CostaSmeralda_2295-low-683x1024.jpg 683w, https:\/\/www.thesignspeaking.com\/wp-content\/uploads\/2023\/09\/Nikki_Beach_GESSI_CostaSmeralda_2295-low-768x1151.jpg 768w\" sizes=\"(max-width: 1024px) 100vw, 1024px\" \/><\/figure><\/div>\n\n\n<p>Progettata per il benessere contemporaneo, \u00e8 stata scelta nella triade NATURE (Agave\/Brushed Black Metal\/Chrome) che rispecchia il ritratto cromatico di chi si rigenera dal contatto con la natura. Evoca le acque del mare della Costa Smeralda la particolare tonalit\u00e0 di verde, che assume un significato simbolico per aprire gli orizzonti e spostare il bagno all\u2019esterno.<\/p>\n\n\n<div class=\"wp-block-image\">\n<figure class=\"aligncenter size-full\"><img decoding=\"async\" width=\"1024\" height=\"1536\" src=\"https:\/\/www.thesignspeaking.com\/wp-content\/uploads\/2023\/09\/Nikki_Beach_GESSI_00641-low.jpg\" alt=\"\" class=\"wp-image-16503\" srcset=\"https:\/\/www.thesignspeaking.com\/wp-content\/uploads\/2023\/09\/Nikki_Beach_GESSI_00641-low.jpg 1024w, https:\/\/www.thesignspeaking.com\/wp-content\/uploads\/2023\/09\/Nikki_Beach_GESSI_00641-low-200x300.jpg 200w, https:\/\/www.thesignspeaking.com\/wp-content\/uploads\/2023\/09\/Nikki_Beach_GESSI_00641-low-683x1024.jpg 683w, https:\/\/www.thesignspeaking.com\/wp-content\/uploads\/2023\/09\/Nikki_Beach_GESSI_00641-low-768x1152.jpg 768w\" sizes=\"(max-width: 1024px) 100vw, 1024px\" \/><\/figure><\/div>\n\n\n<p>Il lavabo da appoggio in Cristalplant\u00ae dall\u2019effetto soft touch, riprende la forma iconica rotonda della collezione, che si ripete nell\u2019inserto della manopola creato ad hoc con il doppio logo GESSI\/Nikki Beach e un disegno floreale dorato, a sottolineare l\u2019alto livello di personalizzazione che GESSI \u00e8 in grado di garantire. Dettagli personalizzati che non passano inosservati e danno un tocco glamour all\u2019ambiente.<\/p>\n\n\n<div class=\"wp-block-image\">\n<figure class=\"aligncenter size-full\"><img decoding=\"async\" width=\"1024\" height=\"1535\" src=\"https:\/\/www.thesignspeaking.com\/wp-content\/uploads\/2023\/09\/Nikki_Beach_GESSI_Costa-Smeralda_2320-very-low.jpg\" alt=\"\" class=\"wp-image-16501\" srcset=\"https:\/\/www.thesignspeaking.com\/wp-content\/uploads\/2023\/09\/Nikki_Beach_GESSI_Costa-Smeralda_2320-very-low.jpg 1024w, https:\/\/www.thesignspeaking.com\/wp-content\/uploads\/2023\/09\/Nikki_Beach_GESSI_Costa-Smeralda_2320-very-low-200x300.jpg 200w, https:\/\/www.thesignspeaking.com\/wp-content\/uploads\/2023\/09\/Nikki_Beach_GESSI_Costa-Smeralda_2320-very-low-683x1024.jpg 683w, https:\/\/www.thesignspeaking.com\/wp-content\/uploads\/2023\/09\/Nikki_Beach_GESSI_Costa-Smeralda_2320-very-low-768x1151.jpg 768w\" sizes=\"(max-width: 1024px) 100vw, 1024px\" \/><\/figure><\/div>\n\n\n<p>&#8220;<em>Ogni estate cerchiamo di offrire ai nostri ospiti di Nikki Beach Costa Smeralda nuove esperienze e quest&#8217;anno non vediamo l&#8217;ora di mostrare loro la entusiasmante collaborazione con GESSI<\/em>&#8220;, ha dichiarato Jon Staffas, General Manager del Nikki Beach Costa Smeralda. &#8220;<em>La collaborazione eleva ulteriormente l&#8217;esperienza del beach club e fornisce un&#8217;ulteriore valorizzazione estetica<\/em>&#8220;.<\/p>\n\n\n<div class=\"wp-block-image\">\n<figure class=\"aligncenter size-full\"><img decoding=\"async\" width=\"1024\" height=\"683\" src=\"https:\/\/www.thesignspeaking.com\/wp-content\/uploads\/2023\/09\/Nikki_Beach_GESSI_00674-low.jpg\" alt=\"\" class=\"wp-image-16508\" srcset=\"https:\/\/www.thesignspeaking.com\/wp-content\/uploads\/2023\/09\/Nikki_Beach_GESSI_00674-low.jpg 1024w, https:\/\/www.thesignspeaking.com\/wp-content\/uploads\/2023\/09\/Nikki_Beach_GESSI_00674-low-300x200.jpg 300w, https:\/\/www.thesignspeaking.com\/wp-content\/uploads\/2023\/09\/Nikki_Beach_GESSI_00674-low-768x512.jpg 768w, https:\/\/www.thesignspeaking.com\/wp-content\/uploads\/2023\/09\/Nikki_Beach_GESSI_00674-low-360x240.jpg 360w\" sizes=\"(max-width: 1024px) 100vw, 1024px\" \/><\/figure><\/div>\n\n\n<p>Nikki Beach Costa Smeralda \u00e8 un luogo unico nel suo genere, accessibile solo tramite yacht privato o con il servizio navetta gratuito. Le barche arrivano al molo privato del beach club, consentendo ai passeggeri di accedere direttamente all&#8217;esclusiva struttura. Al di l\u00e0 della spiaggia si trova il ristorante, dove i clienti possono gustare un menu di piatti a base di pesce fresco e cocktail d&#8217;autore. Ogni tavolo offre una vista spettacolare sul mare calmo, sulle dune di sabbia e sulla macchia mediterranea lungo la costa.<\/p>\n\n\n<div class=\"wp-block-image\">\n<figure class=\"aligncenter size-full\"><img decoding=\"async\" width=\"1024\" height=\"1536\" src=\"https:\/\/www.thesignspeaking.com\/wp-content\/uploads\/2023\/09\/Nikki_Beach_GESSI_00649-low.jpg\" alt=\"\" class=\"wp-image-16507\" srcset=\"https:\/\/www.thesignspeaking.com\/wp-content\/uploads\/2023\/09\/Nikki_Beach_GESSI_00649-low.jpg 1024w, https:\/\/www.thesignspeaking.com\/wp-content\/uploads\/2023\/09\/Nikki_Beach_GESSI_00649-low-200x300.jpg 200w, https:\/\/www.thesignspeaking.com\/wp-content\/uploads\/2023\/09\/Nikki_Beach_GESSI_00649-low-683x1024.jpg 683w, https:\/\/www.thesignspeaking.com\/wp-content\/uploads\/2023\/09\/Nikki_Beach_GESSI_00649-low-768x1152.jpg 768w\" sizes=\"(max-width: 1024px) 100vw, 1024px\" \/><\/figure><\/div><\/span>","protected":false},"excerpt":{"rendered":"<p>The Private Wellness Company \u00e8 parte del programma di collaborazioni ed eventi del beach club per la stagione estiva 2023, che offre agli esclusivi ospiti un\u2019oasi di benessere contemporaneo L\u2019estate 2023 verr\u00e0 ricordata per i beach club \u201cvestiti\u201d alla moda! Le prestigiose collaborazioni tra i brand pi\u00f9 chic e i lidi pi\u00f9 ricercati fanno sognare. [&hellip;]<\/p>\n","protected":false},"author":4,"featured_media":16503,"comment_status":"open","ping_status":"open","sticky":false,"template":"","format":"standard","meta":[],"categories":[7],"tags":[543,27,6],"_links":{"self":[{"href":"https:\/\/www.thesignspeaking.com\/it\/wp-json\/wp\/v2\/posts\/16496"}],"collection":[{"href":"https:\/\/www.thesignspeaking.com\/it\/wp-json\/wp\/v2\/posts"}],"about":[{"href":"https:\/\/www.thesignspeaking.com\/it\/wp-json\/wp\/v2\/types\/post"}],"author":[{"embeddable":true,"href":"https:\/\/www.thesignspeaking.com\/it\/wp-json\/wp\/v2\/users\/4"}],"replies":[{"embeddable":true,"href":"https:\/\/www.thesignspeaking.com\/it\/wp-json\/wp\/v2\/comments?post=16496"}],"version-history":[{"count":5,"href":"https:\/\/www.thesignspeaking.com\/it\/wp-json\/wp\/v2\/posts\/16496\/revisions"}],"predecessor-version":[{"id":16514,"href":"https:\/\/www.thesignspeaking.com\/it\/wp-json\/wp\/v2\/posts\/16496\/revisions\/16514"}],"wp:featuredmedia":[{"embeddable":true,"href":"https:\/\/www.thesignspeaking.com\/it\/wp-json\/wp\/v2\/media\/16503"}],"wp:attachment":[{"href":"https:\/\/www.thesignspeaking.com\/it\/wp-json\/wp\/v2\/media?parent=16496"}],"wp:term":[{"taxonomy":"category","embeddable":true,"href":"https:\/\/www.thesignspeaking.com\/it\/wp-json\/wp\/v2\/categories?post=16496"},{"taxonomy":"post_tag","embeddable":true,"href":"https:\/\/www.thesignspeaking.com\/it\/wp-json\/wp\/v2\/tags?post=16496"}],"curies":[{"name":"wp","href":"https:\/\/api.w.org\/{rel}","templated":true}]}}