{"id":16530,"date":"2023-09-21T10:04:08","date_gmt":"2023-09-21T08:04:08","guid":{"rendered":"https:\/\/www.thesignspeaking.com\/?p=16530"},"modified":"2023-09-21T10:16:58","modified_gmt":"2023-09-21T08:16:58","slug":"barq-festival-an-act-of-love-for-cinema-and-architecture","status":"publish","type":"post","link":"https:\/\/www.thesignspeaking.com\/it\/barq-festival-an-act-of-love-for-cinema-and-architecture\/","title":{"rendered":"BARQ FESTIVAL, UN ATTO D\u2019AMORE PER IL CINEMA E L\u2019ARCHITETTURA"},"content":{"rendered":"<span class=\"cb-itemprop\" itemprop=\"reviewBody\">\n<h2 class=\"wp-block-heading\">La terza edizione del BARQ Festival, il Festival Internazionale del Film di Architettura di Barcellona, dal 26 settembre al 1\u00b0 ottobre 2023, mette in luce le emergenze sociali attraverso il cinema documentario e l&#8217;architettura. Proiezione speciale del film vincitore  a Madrid il 18 ottobre seguita dal dibattito con il regista e architetto Fernando Colomo.<\/h2>\n\n\n\n<p>Cosa succederebbe se la vostra citt\u00e0 stesse per crollare a causa di una mina? E se l&#8217;edificio costruito dal vostro defunto padre fosse ora occupato da senzatetto? Gli alberi possono rafforzare la segregazione razziale e il razzismo? L&#8217;amore \u00e8 pi\u00f9 forte delle disuguaglianze economiche e urbane?<\/p>\n\n\n\n<p>La terza edizione del BARQ Festival, il Festival Internazionale del Film di Architettura di Barcellona, mette in luce le emergenze sociali attraverso il cinema documentario e l&#8217;architettura. Il festival si terr\u00e0 dal 26 settembre al 1\u00b0 ottobre 2023 a Barcellona e, per il secondo anno consecutivo, ci sar\u00e0 una proiezione speciale del film vincitore a Madrid il 18 ottobre seguita dal dibattito con il regista e architetto Fernando Colomo.<\/p>\n\n\n\n<p>Dal 2021, la societ\u00e0 di produzione Nihao Films organizza il BARQ Festival, l&#8217;unico festival di film sull&#8217;architettura in Spagna, che offre una selezione di documentari di alta qualit\u00e0 provenienti da tutto il mondo. Il co-direttore del festival, Pep Mart\u00edn, sottolinea: &#8220;BARQ suscita ogni anno pi\u00f9 interesse; pi\u00f9 istituzioni e nuovo pubblico da tutta la Spagna si uniscono al progetto, e questo \u00e8 positivo perch\u00e9 ci si sente pi\u00f9 osservati e ci costringe a migliorare&#8221;. Dopo tre edizioni, BARQ \u00e8 riuscito ad aumentare il suo programma, raddoppiando quasi il numero di film e di attivit\u00e0 parallele.<\/p>\n\n\n\n<p>Quest&#8217;anno, sei lungometraggi e dodici cortometraggi si contenderanno il riconoscimento di miglior cortometraggio e lungometraggio documentario di architettura alla terza edizione del Festival BARQ. Il concorso prender\u00e0 il via al Disseny Hub di Barcellona, dove verr\u00e0 proiettato &#8220;Skin of Glass&#8221; di Denise Zmekhol, un documentario che inaugurer\u00e0 il festival e che affronta i problemi legati alle abitazioni in Brasile.<\/p>\n\n\n<div class=\"wp-block-image\">\n<figure class=\"aligncenter size-full\"><img decoding=\"async\" width=\"1024\" height=\"650\" src=\"https:\/\/www.thesignspeaking.com\/wp-content\/uploads\/2023\/09\/SKINOFGLASS_1.jpg\" alt=\"\" class=\"wp-image-16532\" srcset=\"https:\/\/www.thesignspeaking.com\/wp-content\/uploads\/2023\/09\/SKINOFGLASS_1.jpg 1024w, https:\/\/www.thesignspeaking.com\/wp-content\/uploads\/2023\/09\/SKINOFGLASS_1-300x190.jpg 300w, https:\/\/www.thesignspeaking.com\/wp-content\/uploads\/2023\/09\/SKINOFGLASS_1-768x488.jpg 768w\" sizes=\"(max-width: 1024px) 100vw, 1024px\" \/><\/figure><\/div>\n\n\n<p>Il festival ospiter\u00e0 anche altri quattro lungometraggi fuori concorso, sotto forma di attivit\u00e0 parallele e sessioni speciali. Tra i momenti salienti, l&#8217;anteprima del documentario &#8220;Ricardo Bofill: La hoja en blanco&#8221;, una produzione RTVE diretta da Manel Arranz ed Elisabeth Anglarill, sullo scomparso architetto catalano di fama internazionale, e il cortometraggio &#8220;Arquitectura emocional 1959&#8221;, vincitore del Premio Goya per il miglior cortometraggio di fiction 2022.<\/p>\n\n\n<div class=\"wp-block-image\">\n<figure class=\"aligncenter size-full\"><img decoding=\"async\" width=\"1024\" height=\"576\" src=\"https:\/\/www.thesignspeaking.com\/wp-content\/uploads\/2023\/09\/ALFABETO-MANGIAROTTI_2.jpg\" alt=\"\" class=\"wp-image-16531\" srcset=\"https:\/\/www.thesignspeaking.com\/wp-content\/uploads\/2023\/09\/ALFABETO-MANGIAROTTI_2.jpg 1024w, https:\/\/www.thesignspeaking.com\/wp-content\/uploads\/2023\/09\/ALFABETO-MANGIAROTTI_2-300x169.jpg 300w, https:\/\/www.thesignspeaking.com\/wp-content\/uploads\/2023\/09\/ALFABETO-MANGIAROTTI_2-768x432.jpg 768w\" sizes=\"(max-width: 1024px) 100vw, 1024px\" \/><figcaption class=\"wp-element-caption\">ALFABETO MANGIAROTTI<\/figcaption><\/figure><\/div>\n\n\n<p>In questa edizione, il festival ha optato per la presenzialit\u00e0, per questo motivo, solo una parte del programma sar\u00e0 disponibile su Filmin. Il condirettore del BARQ, Pep Mart\u00edn, osserva: &#8220;Dopo l&#8217;impatto della pandemia, a poco a poco i festival devono tornare nelle sale cinematografiche, dove, oltre al documentario, si pu\u00f2 godere della presenza dal vivo di registi ed esperti e dell&#8217;essenza di un festival&#8221;. Durante questa terza edizione, la maggior parte delle sessioni includer\u00e0 un dibattito con i registi e il pubblico potr\u00e0 parlare dei diversi temi.<\/p>\n\n\n<div class=\"wp-block-image\">\n<figure class=\"aligncenter size-full\"><img decoding=\"async\" width=\"1024\" height=\"678\" src=\"https:\/\/www.thesignspeaking.com\/wp-content\/uploads\/2023\/09\/Rain-Harvest-Home.jpg\" alt=\"\" class=\"wp-image-16534\" srcset=\"https:\/\/www.thesignspeaking.com\/wp-content\/uploads\/2023\/09\/Rain-Harvest-Home.jpg 1024w, https:\/\/www.thesignspeaking.com\/wp-content\/uploads\/2023\/09\/Rain-Harvest-Home-300x199.jpg 300w, https:\/\/www.thesignspeaking.com\/wp-content\/uploads\/2023\/09\/Rain-Harvest-Home-768x509.jpg 768w, https:\/\/www.thesignspeaking.com\/wp-content\/uploads\/2023\/09\/Rain-Harvest-Home-100x65.jpg 100w\" sizes=\"(max-width: 1024px) 100vw, 1024px\" \/><figcaption class=\"wp-element-caption\">Rain Harvest Home<\/figcaption><\/figure><\/div>\n\n\n<p>Le sedi di quest&#8217;anno sono il Cinemes Girona, il Colegio de Arquitectos de Catalu\u00f1a e il Disseny Hub de Barcelona. Come novit\u00e0, \u00e8 stato aggiunto al festival anche il Cinema Zumzeig, dove verr\u00e0 proiettato &#8220;Light Without Sun&#8221;, di Clara Kraft Isono, Marie Ramsing e Christopher Sejer Fischlein, nell&#8217;ambito di una delle sessioni speciali e delle attivit\u00e0 parallele del festival.<\/p>\n\n\n\n<p>L&#8217;iniziativa si avvale della collaborazione di importanti istituzioni del mondo dell&#8217;architettura come la Fondazione Mies van der Rohe, l&#8217;associazione Arquin-FAD, l&#8217;Ordine degli architetti della Catalogna, la Fondazione Arquia e la Fondazione ICO, tra gli altri.<\/p>\n<\/span>","protected":false},"excerpt":{"rendered":"<p>La terza edizione del BARQ Festival, il Festival Internazionale del Film di Architettura di Barcellona, dal 26 settembre al 1\u00b0 ottobre 2023, mette in luce le emergenze sociali attraverso il cinema documentario e l&#8217;architettura. Proiezione speciale del film vincitore a Madrid il 18 ottobre seguita dal dibattito con il regista e architetto Fernando Colomo. Cosa [&hellip;]<\/p>\n","protected":false},"author":4,"featured_media":16532,"comment_status":"open","ping_status":"open","sticky":false,"template":"","format":"standard","meta":[],"categories":[1,11],"tags":[88,2144,1154,27,183,96],"_links":{"self":[{"href":"https:\/\/www.thesignspeaking.com\/it\/wp-json\/wp\/v2\/posts\/16530"}],"collection":[{"href":"https:\/\/www.thesignspeaking.com\/it\/wp-json\/wp\/v2\/posts"}],"about":[{"href":"https:\/\/www.thesignspeaking.com\/it\/wp-json\/wp\/v2\/types\/post"}],"author":[{"embeddable":true,"href":"https:\/\/www.thesignspeaking.com\/it\/wp-json\/wp\/v2\/users\/4"}],"replies":[{"embeddable":true,"href":"https:\/\/www.thesignspeaking.com\/it\/wp-json\/wp\/v2\/comments?post=16530"}],"version-history":[{"count":4,"href":"https:\/\/www.thesignspeaking.com\/it\/wp-json\/wp\/v2\/posts\/16530\/revisions"}],"predecessor-version":[{"id":16540,"href":"https:\/\/www.thesignspeaking.com\/it\/wp-json\/wp\/v2\/posts\/16530\/revisions\/16540"}],"wp:featuredmedia":[{"embeddable":true,"href":"https:\/\/www.thesignspeaking.com\/it\/wp-json\/wp\/v2\/media\/16532"}],"wp:attachment":[{"href":"https:\/\/www.thesignspeaking.com\/it\/wp-json\/wp\/v2\/media?parent=16530"}],"wp:term":[{"taxonomy":"category","embeddable":true,"href":"https:\/\/www.thesignspeaking.com\/it\/wp-json\/wp\/v2\/categories?post=16530"},{"taxonomy":"post_tag","embeddable":true,"href":"https:\/\/www.thesignspeaking.com\/it\/wp-json\/wp\/v2\/tags?post=16530"}],"curies":[{"name":"wp","href":"https:\/\/api.w.org\/{rel}","templated":true}]}}