{"id":16587,"date":"2023-09-27T08:13:23","date_gmt":"2023-09-27T06:13:23","guid":{"rendered":"https:\/\/www.thesignspeaking.com\/?p=16587"},"modified":"2023-09-27T08:27:38","modified_gmt":"2023-09-27T06:27:38","slug":"odosesign-exploring-raw-materials","status":"publish","type":"post","link":"https:\/\/www.thesignspeaking.com\/it\/odosesign-exploring-raw-materials\/","title":{"rendered":"ODOSDESIGN ALLA SCOPERTA DELLE MATERIE PRIME"},"content":{"rendered":"<span class=\"cb-itemprop\" itemprop=\"reviewBody\">\n<h2 class=\"wp-block-heading\">H\u00e1bitat, dal 19 al 22 settembre 2023 alla Feria Valencia, ha svelato l&#8217;anima del design nella sua campagna di creativit\u00e0<\/h2>\n\n\n\n<p><\/p>\n\n\n\n<p>La creativit\u00e0 per la campagna di marketing di Feria H\u00e1bitat Val\u00e8ncia, che si \u00e8 tenuta dal 19 al 22 settembre 2023, \u00e8 stata elaborata dai creativi dell&#8217;agenzia di design valenciana Odosdesign. Mirava a scoprire &#8220;l&#8217;anima&#8221; degli interni, del design o degli oggetti, dei mobili o delle lampade, alludendo alla nuova visione dell&#8217;allestimento degli interni offerta dall&#8217;evento sensoriale ed esperienziale che Feria H\u00e1bitat Val\u00e8ncia 2023 si proponeva di essere.<\/p>\n\n\n\n<p>La creativit\u00e0 ha offerto un&#8217;immagine lungimirante di quello che \u00e8 uno dei principali eventi del panorama spagnolo e internazionale degli interni: Feria H\u00e1bitat Val\u00e8ncia. L&#8217;obiettivo principale \u00e8 stato quello di portare avanti il branding inizialmente concepito da Odosdesign e focalizzarlo sul prodotto e sul suo elevato standard qualitativo, ma questa volta da una prospettiva concettuale, rendendolo memorabile e chiaramente parte del circuito delle fiere chiave per il settore.<\/p>\n\n\n<div class=\"wp-block-image\">\n<figure class=\"aligncenter size-large\"><img decoding=\"async\" width=\"1024\" height=\"576\" src=\"https:\/\/www.thesignspeaking.com\/wp-content\/uploads\/2023\/09\/FeriaHabitatValencia-Header-Nueva-Imagen-2023-4-1536x864-1-1024x576.jpeg\" alt=\"\" class=\"wp-image-16588\" srcset=\"https:\/\/www.thesignspeaking.com\/wp-content\/uploads\/2023\/09\/FeriaHabitatValencia-Header-Nueva-Imagen-2023-4-1536x864-1-1024x576.jpeg 1024w, https:\/\/www.thesignspeaking.com\/wp-content\/uploads\/2023\/09\/FeriaHabitatValencia-Header-Nueva-Imagen-2023-4-1536x864-1-300x169.jpeg 300w, https:\/\/www.thesignspeaking.com\/wp-content\/uploads\/2023\/09\/FeriaHabitatValencia-Header-Nueva-Imagen-2023-4-1536x864-1-768x432.jpeg 768w, https:\/\/www.thesignspeaking.com\/wp-content\/uploads\/2023\/09\/FeriaHabitatValencia-Header-Nueva-Imagen-2023-4-1536x864-1.jpeg 1536w\" sizes=\"(max-width: 1024px) 100vw, 1024px\" \/><\/figure><\/div>\n\n\n<h2 class=\"wp-block-heading\"><strong>The soul of the campaign<\/strong><\/h2>\n\n\n\n<p>L&#8217;obiettivo era quello di rappresentare diversi prodotti legati all&#8217;industria degli interni attraverso le loro materie prime, &#8220;svelando&#8221; cos\u00ec lo scheletro nascosto all&#8217;interno di un divano, per esempio, o di un tavolino o di una lampada. &#8220;Ci\u00f2 su cui stiamo attirando l&#8217;attenzione&#8221;, spiega l&#8217;agenzia di design, &#8220;\u00e8 l&#8217;essenza e l&#8217;importanza del processo di progettazione che sta alla base del risultato finale, che \u00e8 lo strato esterno di ogni oggetto che finalmente riusciamo a vedere&#8221;.<\/p>\n\n\n\n<p>Per Odosdesign, quindi, &#8220;<em>ogni filo tessuto con cura, ogni strato di un prodotto, ogni giuntura ha una storia, un&#8217;esperienza condivisa, ed \u00e8 fondamentale per creare spazi accoglienti e pieni di personalit\u00e0. Questa creativit\u00e0 invita le persone a esplorare le materie prime utilizzate per realizzare i prodotti<\/em>&#8220;.<\/p>\n\n\n\n<p>Valencia continua a posizionarsi come destinazione indiscutibilmente legata al design ed \u00e8 evidentemente in piena forma e mantiene le performance positive degli ultimi anni in termini di numeri e di qualit\u00e0 dell&#8217;offerta.<\/p>\n\n\n\n<h2 class=\"wp-block-heading\"><strong>Odosdesign<\/strong><\/h2>\n\n\n\n<p>Odosdesign \u00e8 un&#8217;agenzia di design fondata nel 2002. \u00c8 specializzata nell&#8217;adottare un approccio progettuale ampio per creare un concetto che catturi l&#8217;essenza di un marchio. Il suo obiettivo \u00e8 utilizzare la creativit\u00e0, la ricerca e il design trasformativo per ottenere risultati di grande impatto e duraturi. A guidare il suo successo \u00e8 un team multidisciplinare di persone di talento guidato da Luis Calabuig e Ana Segovia. In 20 anni di attivit\u00e0, hanno collaborato con marchi internazionali come Actiu, Mindo, Danao, Punt Mobles, Lladr\u00f3 e Fiora. Alcune delle loro creazioni, come l&#8217;ombrellone Ensombra disegnato per Gandiablasco, sono state esposte nei musei di design di tutto il mondo.<\/p>\n<\/span>","protected":false},"excerpt":{"rendered":"<p>H\u00e1bitat, dal 19 al 22 settembre 2023 alla Feria Valencia, ha svelato l&#8217;anima del design nella sua campagna di creativit\u00e0 La creativit\u00e0 per la campagna di marketing di Feria H\u00e1bitat Val\u00e8ncia, che si \u00e8 tenuta dal 19 al 22 settembre 2023, \u00e8 stata elaborata dai creativi dell&#8217;agenzia di design valenciana Odosdesign. Mirava a scoprire &#8220;l&#8217;anima&#8221; [&hellip;]<\/p>\n","protected":false},"author":4,"featured_media":16588,"comment_status":"open","ping_status":"open","sticky":false,"template":"","format":"standard","meta":[],"categories":[21],"tags":[],"_links":{"self":[{"href":"https:\/\/www.thesignspeaking.com\/it\/wp-json\/wp\/v2\/posts\/16587"}],"collection":[{"href":"https:\/\/www.thesignspeaking.com\/it\/wp-json\/wp\/v2\/posts"}],"about":[{"href":"https:\/\/www.thesignspeaking.com\/it\/wp-json\/wp\/v2\/types\/post"}],"author":[{"embeddable":true,"href":"https:\/\/www.thesignspeaking.com\/it\/wp-json\/wp\/v2\/users\/4"}],"replies":[{"embeddable":true,"href":"https:\/\/www.thesignspeaking.com\/it\/wp-json\/wp\/v2\/comments?post=16587"}],"version-history":[{"count":5,"href":"https:\/\/www.thesignspeaking.com\/it\/wp-json\/wp\/v2\/posts\/16587\/revisions"}],"predecessor-version":[{"id":16596,"href":"https:\/\/www.thesignspeaking.com\/it\/wp-json\/wp\/v2\/posts\/16587\/revisions\/16596"}],"wp:featuredmedia":[{"embeddable":true,"href":"https:\/\/www.thesignspeaking.com\/it\/wp-json\/wp\/v2\/media\/16588"}],"wp:attachment":[{"href":"https:\/\/www.thesignspeaking.com\/it\/wp-json\/wp\/v2\/media?parent=16587"}],"wp:term":[{"taxonomy":"category","embeddable":true,"href":"https:\/\/www.thesignspeaking.com\/it\/wp-json\/wp\/v2\/categories?post=16587"},{"taxonomy":"post_tag","embeddable":true,"href":"https:\/\/www.thesignspeaking.com\/it\/wp-json\/wp\/v2\/tags?post=16587"}],"curies":[{"name":"wp","href":"https:\/\/api.w.org\/{rel}","templated":true}]}}