{"id":16605,"date":"2023-10-11T21:22:10","date_gmt":"2023-10-11T19:22:10","guid":{"rendered":"https:\/\/www.thesignspeaking.com\/?p=16605"},"modified":"2023-10-22T19:12:57","modified_gmt":"2023-10-22T17:12:57","slug":"enterrasza-bcn-2023-an-oasis-of-creativity-for-outdoor-design","status":"publish","type":"post","link":"https:\/\/www.thesignspeaking.com\/it\/enterrasza-bcn-2023-an-oasis-of-creativity-for-outdoor-design\/","title":{"rendered":"TERRASZA BCN 2023: UN&#8217;OASI DI CREATIVIT\u00c0 PER L\u2019 OUTDOOR DESIGN"},"content":{"rendered":"<span class=\"cb-itemprop\" itemprop=\"reviewBody\">\n<h2 class=\"wp-block-heading\"><strong>Al suo debutto, a Barcellona dal 16 al 28 ottobre, il circuito di eventi e incontri \u00e8 un&#8217;iniziativa innovativa che unisce design, sostenibilit\u00e0 e riflessione.<\/strong><\/h2>\n\n\n\n<p><\/p>\n\n\n\n<p>TERRASZA, la nuova piattaforma phygital dedicata all&#8217;Exterior Design, presenta il calendario di incontri e il circuito di eventi della prima edizione di <strong>TERRASZA BCN 2023<\/strong>. Un\u2019opportunit\u00e0 unica per professionisti e appassionati di design di esplorare spazi ed eventi legati all\u2019outdoor living.<\/p>\n\n\n\n<p>Per il suo debutto, TERRASZA si \u00e8 assicurata la collaborazione di marchi prestigiosi che arricchiranno l&#8217;esperienza dei visitatori: <strong>Artemide<\/strong> presenta le sue lampade da esterno \u201cO\u201d, Come together, l\u2019iconica Tolomeo Maxi di Michele De Lucchi e la Gople portatile dello studio BIG nel cortile dell&#8217;hotel Mercer e avr\u00e0 una vetrina dedicata ne La Casa de las L\u00e1mparas; <strong>Gand\u00eda Blasco Group<\/strong> apre le porte del suo flagship store dedicato al mondo del outdoor dove spiccano la collezione Lademadera di Francesco Meda e David Quincoces e l\u2019artigianato contemporaneo di Kengo Kuma; <strong>Nanimarquina<\/strong>, nel suo showroom, presenta quattro collaborazioni: la collezione Haze disegnata da Beg\u00fcm Cana \u00d6zg\u00fcr, Doblecara di Ronan Bouroullec, Oblique di Matthew Hilton e Improvisaci\u00f3n di Gian Padilla Suarez.<\/p>\n\n\n<div class=\"wp-block-image\">\n<figure class=\"aligncenter size-large\"><img decoding=\"async\" width=\"1024\" height=\"740\" src=\"https:\/\/www.thesignspeaking.com\/wp-content\/uploads\/2023\/10\/image_TERRASZA_BCN2023-1024x740.jpg\" alt=\"\" class=\"wp-image-16651\" srcset=\"https:\/\/www.thesignspeaking.com\/wp-content\/uploads\/2023\/10\/image_TERRASZA_BCN2023-1024x740.jpg 1024w, https:\/\/www.thesignspeaking.com\/wp-content\/uploads\/2023\/10\/image_TERRASZA_BCN2023-300x217.jpg 300w, https:\/\/www.thesignspeaking.com\/wp-content\/uploads\/2023\/10\/image_TERRASZA_BCN2023-768x555.jpg 768w, https:\/\/www.thesignspeaking.com\/wp-content\/uploads\/2023\/10\/image_TERRASZA_BCN2023.jpg 1280w\" sizes=\"(max-width: 1024px) 100vw, 1024px\" \/><\/figure><\/div>\n\n\n<p>Il circuito si caratterizza anche per un programma di interessanti appuntamenti:<\/p>\n\n\n\n<p>&#8211; Marted\u00ec 17 ottobre h.19.00 presso La Terraza 20, <strong>Rewilding Cities.<\/strong> Rigenerare gli ecosistemi urbani. Un&#8217;occasione per dialogare con <strong>Sergio Carratal\u00e0<\/strong> (Mataalta Estudio) e <strong>F\u00e8lix Riera<\/strong> approfondendo i temi dell&#8217;ecologia e della progettazione urbana. (SOLD OUT)<\/p>\n\n\n\n<p>&#8211; Gioved\u00ec 19 h.19:00 <strong>Cubi\u00f1\u00e1<\/strong> presenta il marchio danese <strong>HOUE <\/strong>e evento TERRASZA.<\/p>\n\n\n\n<p>&#8211; Venerd\u00ec 20 ottobre dalle 17.00 alle 22.00 <strong>KSAR Living<\/strong> inaugura il suo showroom a Cornell\u00e0 de Llobregat (Bcn) con un evento\u00a0 all\u2019insegna di \u201cDrinks&#038;Music&#8221;.<\/p>\n\n\n\n<p>&#8211; Venerd\u00ec 20 ottobre, dalle 17.00 alle 22.00, l\u2019architetto, designer e artista<strong> Guillermo Santom\u00e0 <\/strong>apre le porte del suo studio di Cornell\u00e0 de Llobregat (Bcn).<\/p>\n\n\n\n<p>&#8211; Sabato 21 ottobre h. 12.00 presso la sede della biennale nomade europea Manifesta 15 Barcelona (casa editrice Gustavo Gili): <strong>Barcellona, un&#8217;ecologia complessa<\/strong>. La sessione approfondisce le questioni ecologiche con <strong>Josep Bohigas<\/strong>, direttore dell&#8217;agenzia di pianificazione strategica regionale di Barcellona, e <strong>Juan Cabello Arribas,<\/strong> direttore scientifico di TERRASZA.<\/p>\n\n\n\n<p>&#8211; Luned\u00ec 23 h. 19.00 <strong>Cubi\u00f1\u00e1<\/strong> presenta il marchio italiano <strong>Potocco<\/strong>.<\/p>\n\n\n\n<p>&#8211; Marted\u00ec 24 ottobre h. 19.30 <strong>iSiMAR<\/strong> presenta la nuova collezione Martini presso lo studio <strong>Lagranja<\/strong>.<\/p>\n\n\n\n<p>&#8211; Mercoled\u00ec 25 ottobre h 18.00, nella sede del Colegio degli Archietti della catalogna, COAC, <strong>Design, materiali e tecnologia per esterni d&#8217;avanguardia<\/strong>: <strong>Point<\/strong> e <strong>Agora<\/strong> presentano la nuova collezione Origin insieme al designer <strong>Mario Ruiz<\/strong>.<\/p>\n\n\n\n<p>&#8211; Sabato 28 ottobre h. 17:00 <strong>Artefatti, innesti e interventi biomatici<\/strong>: presentata da <strong>QuoArtis<\/strong> + <strong>SingularGreen<\/strong>, questa attivit\u00e0 si immerge nell&#8217;intersezione tra arte ed ecologia.<\/p>\n\n\n\n<p>TERRASZA cerca di generare sinergie e scambi che favoriscano il dialogo e la riflessione su temi quali l&#8217;ecologia, lo stile di vita e le sfide creative, da una prospettiva transdisciplinare.<\/p>\n\n\n\n<p>Il circuito TERRASZA BCN 2023 si svolger\u00e0 dal 16 al 28 ottobre 2023 nell&#8217;ambito del programma di eventi BDW OFF della Barcelona Design Week.<\/p>\n\n\n\n<p>TERRASZA BCN 2023 segna un momento significativo nel campo dell&#8217;outdoor design e la piattaforma phygital offre un&#8217;opportunit\u00e0 unica per aziende e designer di tutto il mondo, promuovendo collaborazione, visibilit\u00e0 e innovazione nel settore.<\/p>\n\n\n\n<p>Scoprite i marchi, gli eventi e le location scansionando il codice QR e, accedendo al sito web, potrete anche scaricare la mappa del circuito.<\/p>\n\n\n\n<p>Gli eventi sono ad entrata libera previa registrazione sul sito TERRASZA: <a href=\"http:\/\/www.terrasza.com\/\">terrasza.com<\/a>.<\/p>\n\n\n<div class=\"wp-block-image\">\n<figure class=\"aligncenter size-full\"><img decoding=\"async\" width=\"300\" height=\"300\" src=\"https:\/\/www.thesignspeaking.com\/wp-content\/uploads\/2023\/10\/Link_to_BCN_2023-300_ok.jpg\" alt=\"\" class=\"wp-image-16614\" srcset=\"https:\/\/www.thesignspeaking.com\/wp-content\/uploads\/2023\/10\/Link_to_BCN_2023-300_ok.jpg 300w, https:\/\/www.thesignspeaking.com\/wp-content\/uploads\/2023\/10\/Link_to_BCN_2023-300_ok-150x150.jpg 150w, https:\/\/www.thesignspeaking.com\/wp-content\/uploads\/2023\/10\/Link_to_BCN_2023-300_ok-125x125.jpg 125w\" sizes=\"(max-width: 300px) 100vw, 300px\" \/><\/figure><\/div>\n\n\n<p><strong>About TERRASZA BCN 2023<\/strong><\/p>\n\n\n\n<p>TERRASZA \u00e8 una nuova piattaforma phygital dedicata all&#8217;Exterior Design che mira a elevare l&#8217;exteriorismo a una nuova categoria di pensiero e di mercato a livello internazionale. La sua attenzione all&#8217;ecologia, ai nuovi materiali e all&#8217;innovazione la rende un evento imperdibile per tutti coloro che sono interessati al mondo dell&#8217;exterior design e della sostenibilit\u00e0.<\/p>\n<\/span>","protected":false},"excerpt":{"rendered":"<p>Al suo debutto, a Barcellona dal 16 al 28 ottobre, il circuito di eventi e incontri \u00e8 un&#8217;iniziativa innovativa che unisce design, sostenibilit\u00e0 e riflessione. TERRASZA, la nuova piattaforma phygital dedicata all&#8217;Exterior Design, presenta il calendario di incontri e il circuito di eventi della prima edizione di TERRASZA BCN 2023. Un\u2019opportunit\u00e0 unica per professionisti e [&hellip;]<\/p>\n","protected":false},"author":4,"featured_media":16651,"comment_status":"open","ping_status":"open","sticky":false,"template":"","format":"standard","meta":[],"categories":[7],"tags":[],"_links":{"self":[{"href":"https:\/\/www.thesignspeaking.com\/it\/wp-json\/wp\/v2\/posts\/16605"}],"collection":[{"href":"https:\/\/www.thesignspeaking.com\/it\/wp-json\/wp\/v2\/posts"}],"about":[{"href":"https:\/\/www.thesignspeaking.com\/it\/wp-json\/wp\/v2\/types\/post"}],"author":[{"embeddable":true,"href":"https:\/\/www.thesignspeaking.com\/it\/wp-json\/wp\/v2\/users\/4"}],"replies":[{"embeddable":true,"href":"https:\/\/www.thesignspeaking.com\/it\/wp-json\/wp\/v2\/comments?post=16605"}],"version-history":[{"count":10,"href":"https:\/\/www.thesignspeaking.com\/it\/wp-json\/wp\/v2\/posts\/16605\/revisions"}],"predecessor-version":[{"id":16656,"href":"https:\/\/www.thesignspeaking.com\/it\/wp-json\/wp\/v2\/posts\/16605\/revisions\/16656"}],"wp:featuredmedia":[{"embeddable":true,"href":"https:\/\/www.thesignspeaking.com\/it\/wp-json\/wp\/v2\/media\/16651"}],"wp:attachment":[{"href":"https:\/\/www.thesignspeaking.com\/it\/wp-json\/wp\/v2\/media?parent=16605"}],"wp:term":[{"taxonomy":"category","embeddable":true,"href":"https:\/\/www.thesignspeaking.com\/it\/wp-json\/wp\/v2\/categories?post=16605"},{"taxonomy":"post_tag","embeddable":true,"href":"https:\/\/www.thesignspeaking.com\/it\/wp-json\/wp\/v2\/tags?post=16605"}],"curies":[{"name":"wp","href":"https:\/\/api.w.org\/{rel}","templated":true}]}}