{"id":16820,"date":"2024-04-21T09:22:06","date_gmt":"2024-04-21T07:22:06","guid":{"rendered":"https:\/\/www.thesignspeaking.com\/?p=16820"},"modified":"2024-04-21T09:29:36","modified_gmt":"2024-04-21T07:29:36","slug":"enan-open-air-cinema-and-a-photographic-exhibition-at-terrasza-milano-2024-an-oasis-for-outdoor-designitun-cinema-open-air-e-una-mostra-fotografica-a-terrasza-milano-2024-oasi-per-lou","status":"publish","type":"post","link":"https:\/\/www.thesignspeaking.com\/it\/enan-open-air-cinema-and-a-photographic-exhibition-at-terrasza-milano-2024-an-oasis-for-outdoor-designitun-cinema-open-air-e-una-mostra-fotografica-a-terrasza-milano-2024-oasi-per-lou\/","title":{"rendered":"UN CINEMA OPEN-AIR E UNA MOSTRA FOTOGRAFICA A TERRASZA MILANO 2024, OASI PER L\u2019OUTDOOR DESIGN"},"content":{"rendered":"<span class=\"cb-itemprop\" itemprop=\"reviewBody\">\n<p><\/p>\n\n\n\n<h2 class=\"wp-block-heading\"><a><strong>Nel palinsesto ufficiale della Milano Design Week, l\u2019evento organizzato dalla piattaforma phygital TERRASZA dedicata al design per esterni ha in serbo una sorpresa: <\/strong><\/a><strong>un cinema all&#8217;aperto, frutto della collaborazione con la scuola di cinema e animazione FX di Barcellona, e i progetti vincitori del concorso International 3D Awards promosso da Gandia Blasco e Bo Models. Il Giardino di Alik, si trasforma in uno spazio dove design, natura e arte si incontrano, come nelle fotografie floreali della serie SOLI di Francesca Romano in mostra. Contenuti in sintonia con Materia Natura, tema del fuorisalone 2024.<\/strong><\/h2>\n\n\n\n<p><a>La prima edizione di TERRASZA MILANO<\/a> 2024, dal 15 al 21 aprile, organizzata dalla nuova piattaforma phygital esclusivamente dedicata all\u2019Exterior Design, si preannuncia ricca di sorprese. L\u2019evento, inserito dal Comune di Milano nel palinsesto ufficiale della Milano Design Week, rappresenta un\u2019opportunit\u00e0 unica per professionisti e appassionati di esplorare il mondo del design per esterni e dell\u2019outdoor living. <\/p>\n\n\n\n<p>Nel Giardino di Alik, dove ha sede il <a href=\"http:\/\/www.alikcavaliere.it\/il-centro-artistico-2\/\">Centro Artistico Alik Cavaliere<\/a>, in via de Amicis 17, nel centro della citt\u00e0, nel distretto delle 5VIE, dove storicamente si fondono design e arte, accanto a sculture di uno dei grandi maestri dell\u2019arte contemporanea del secondo Novecento, vengono presentate le novit\u00e0 di aziende che, come nella piattaforma online, rappresentano le diverse tipologie di arredi e complementi necessari per gli spazi all\u2019aperto.<\/p>\n\n\n<div class=\"wp-block-image\">\n<figure class=\"aligncenter size-full\"><img decoding=\"async\" width=\"1024\" height=\"768\" src=\"https:\/\/www.thesignspeaking.com\/wp-content\/uploads\/2024\/04\/1-WEB-_-Terrasza-MDW24-low.jpg\" alt=\"\" class=\"wp-image-16824\" srcset=\"https:\/\/www.thesignspeaking.com\/wp-content\/uploads\/2024\/04\/1-WEB-_-Terrasza-MDW24-low.jpg 1024w, https:\/\/www.thesignspeaking.com\/wp-content\/uploads\/2024\/04\/1-WEB-_-Terrasza-MDW24-low-300x225.jpg 300w, https:\/\/www.thesignspeaking.com\/wp-content\/uploads\/2024\/04\/1-WEB-_-Terrasza-MDW24-low-768x576.jpg 768w\" sizes=\"(max-width: 1024px) 100vw, 1024px\" \/><\/figure><\/div>\n\n\n<p>L\u2019allestimento avr\u00e0 la supervisione dello studio <a href=\"https:\/\/www.a4a.it\/\"><strong>A4A Rivolta Savioni Architetti<\/strong><\/a> e integrer\u00e0 armoniosamente le proposte di <strong>Benkert B\u00e4nke, Bover, Ca\\Stil<\/strong>, <strong>Carola fra i Trulli<\/strong>, <strong>Diabla<\/strong>, <strong>Lorelux<\/strong>, <strong>Magis, Musola, Novara<\/strong> <strong>Outdoor Kitchens<\/strong>, <strong>Plust<\/strong>, <strong>Vajillas de Ultramar<\/strong> e <strong>Viscio Urban Design.<\/strong><\/p>\n\n\n\n<p>Nel suggestivo contesto del Giardino di Alik, sar\u00e0 allestito un cinema all&#8217;aperto, la cui platea sar\u00e0 composta da sedute per esterni di varie tipologie e di diverse aziende. Oltre alle immagini da sogno di terrazze, giardini e piscine, la scuola di cinema e animazione <a href=\"https:\/\/www.fxarchviz.com\/en\/\"><strong>FX Barcelona ArchViz School<\/strong><\/a>, che tra i vari corsi propone un master in visualizzazione architettonica, ha messo a punto un collage delle pi\u00f9 belle scene in esterni della storia del cinema. La formazione professionale \u00e8 sempre pi\u00f9 al centro dell&#8217;attenzione delle aziende del settore, che ricercano professionisti di questo tipo e ne premiano e promuovono la crescita, anche attraverso iniziative come gli <strong><em>International 3D Awards<\/em><\/strong>, prima competizione globale di creazione 3D, rivolta ad artisti e creativi, promossa da <strong>Gandia Blasco Group<\/strong> insieme alla piattaforma <a href=\"https:\/\/bomodels.es\/\"><strong>Bo Models<\/strong><\/a>. In visione i progetti vincitori selezionati tra oltre 90 candidati da 20 Paesi, che si sono cimentati sul tema della biofilia.<\/p>\n\n\n<div class=\"wp-block-image\">\n<figure class=\"aligncenter size-large\"><img decoding=\"async\" width=\"1024\" height=\"485\" src=\"https:\/\/www.thesignspeaking.com\/wp-content\/uploads\/2024\/04\/PHOTO-2024-04-16-16-37-34-1024x485.jpg\" alt=\"\" class=\"wp-image-16825\" srcset=\"https:\/\/www.thesignspeaking.com\/wp-content\/uploads\/2024\/04\/PHOTO-2024-04-16-16-37-34-1024x485.jpg 1024w, https:\/\/www.thesignspeaking.com\/wp-content\/uploads\/2024\/04\/PHOTO-2024-04-16-16-37-34-300x142.jpg 300w, https:\/\/www.thesignspeaking.com\/wp-content\/uploads\/2024\/04\/PHOTO-2024-04-16-16-37-34-768x364.jpg 768w, https:\/\/www.thesignspeaking.com\/wp-content\/uploads\/2024\/04\/PHOTO-2024-04-16-16-37-34-1536x728.jpg 1536w, https:\/\/www.thesignspeaking.com\/wp-content\/uploads\/2024\/04\/PHOTO-2024-04-16-16-37-34.jpg 1599w\" sizes=\"(max-width: 1024px) 100vw, 1024px\" \/><\/figure><\/div>\n\n\n<p>Anche gli ospiti del nuovo hotel <a href=\"https:\/\/tribehotels.com\/it\/italia\/milano-malpensa\/?gad_source=1&#038;gclid=CjwKCAjwh4-wBhB3EiwAeJsppJ3XS-AixpspOmcP9j7BZu2cKg_cgkgtKUONWFK0ux4L-CHCJ4tM2hoCdmUQAvD_BwE\"><strong>TRIBE<\/strong><\/a>, recentemente aperto a Milano Malpensa, potranno godere di questa esperienza grazie alla partnership con TERRASZA, nata dalla comune volont\u00e0 di costruire uno spazio di condivisione all\u2019insegna del design. L\u2019hotel, infatti, dispone di un social hub centrale, di una terrazza con piscina e di uno spazio verde esterno in cui sono presenti arredi di noti marchi outdoor. Si crea cos\u00ec, in occasione della Design Week, un ponte ideale tra il centro citt\u00e0 e il nuovo hotel del pi\u00f9 importante scalo milanese, prima apertura in Italia del marchio TRIBE.<\/p>\n\n\n\n<p><a>Il Giardino di Alik sar\u00e0 il fulcro di una settimana dedicata alla condivisione e all&#8217;amore per la vita all&#8217;aria aperta, uno spazio dove natura, design e arte si incontrano &#8211; come nelle fotografie floreali della serie SOLI di <\/a><a href=\"https:\/\/www.instagram.com\/francescaromano.it\/?hl=it\"><strong>Francesca Romano<\/strong><\/a> in mostra &#8211; che far\u00e0 da contraltare ad un circuito di showroom e vivai in citt\u00e0 (presente anche in <a href=\"https:\/\/www.google.com\/maps\/d\/u\/1\/edit?hl=it&#038;mid=1vL6XuGiNV1DrknIAM3DuOe5tkeSz7lA&#038;ll=45.48569222014335%2C9.204102649999966&#038;z=13\">Google Maps<\/a>) evidenziati su una mappa disegnata da \u00c1ngela L\u00e9on.<\/p>\n\n\n\n<p>L\u2019illustratrice ha creato tutta l\u2019immagine di TERRASZA, emblema di un balcone o di un giardino dove riposare, ma anche di un angolo dove lavorare, in armonia con la natura. Degli spazi esterni, delle piazze, delle strade dove la gente si incontra. TERRASZA infatti vuole parlare della societ\u00e0 che svolge le sue attivit\u00e0 quotidiane in quell&#8217;\u201dinterno soleggiato\u201d che conosciamo come spazio condiviso, un campo visibile di energia in continua trasformazione. Tutti contenuti in sintonia con Materia Natura, tema del fuorisalone 2024.<\/p>\n\n\n<div class=\"wp-block-image\">\n<figure class=\"aligncenter size-full\"><img decoding=\"async\" width=\"1024\" height=\"768\" src=\"https:\/\/www.thesignspeaking.com\/wp-content\/uploads\/2024\/04\/8-WEB-_-Terrasza-MDW24-low.jpg\" alt=\"\" class=\"wp-image-16823\" srcset=\"https:\/\/www.thesignspeaking.com\/wp-content\/uploads\/2024\/04\/8-WEB-_-Terrasza-MDW24-low.jpg 1024w, https:\/\/www.thesignspeaking.com\/wp-content\/uploads\/2024\/04\/8-WEB-_-Terrasza-MDW24-low-300x225.jpg 300w, https:\/\/www.thesignspeaking.com\/wp-content\/uploads\/2024\/04\/8-WEB-_-Terrasza-MDW24-low-768x576.jpg 768w\" sizes=\"(max-width: 1024px) 100vw, 1024px\" \/><figcaption class=\"wp-element-caption\">TERRASZA MILANO 2024<\/figcaption><\/figure><\/div>\n\n\n<p>Condivide i valori di sostenibilit\u00e0, il partner <strong>De\u2019Longhi,<\/strong> che offrir\u00e0 durante la settimana una coffee experience con le sue nuove Rivelia, macchine automatiche per preparare un caff\u00e8 fresco dai chicchi macinati al momento, cambiando anche variet\u00e0 di caff\u00e8 con estrema facilit\u00e0, che rivoluzionano il mondo dell\u2019home bar.<\/p>\n\n\n\n<p><a><\/a><a><\/a><a>Durante la settimana, in location sar\u00e0 disponibile l\u2019acqua minerale <strong>Maniva<\/strong>, l\u2019alleata giusta di chiunque voglia raggiungere il benessere attraverso uno stile di vita sano ed equilibrato. E all\u2019evento del 17 aprile, gli ospiti potranno degustare la birra <strong>Krombacher<\/strong> e lo spumante <strong>Valdo<\/strong> Paradise Ros\u00e9 Brut nella sua originale bottiglia \u00abvestita\u00bb dall\u2019originale disegno di fiori, piante, animali ed elementi dell&#8217;arte italiana della designer newyorkese Ceci Johnson, che ben esprime lo spirito di TERRASZA.<\/a><\/p>\n\n\n\n<p><a>La serata \u00e8 organizzata in partnership con l\u2019organizzazione internazionale <strong>iF International Forum Design GmbH<\/strong> di Hannover. Nota per il premio <\/a><a href=\"file:\/\/\/Users\/guendalinaperelli\/Dropbox\/TERRASZA%202023\/TERRASZA%20MILANO%202024\/press%20TERRASZA%20MILANO%202024\/VYQMRL738tonh1jDnRf7Q20dnFlpme8hR03P4RfdfhO6LvGRoCGBgQAvD_BwE\"><strong>iF DESIGN AWARD<\/strong><\/a>, presentato ogni anno dal 1954, \u00e8 riconosciuta a livello mondiale per celebrare il design d&#8217;eccellenza. iF ha scelto Milano per l\u2019iF DESIGN STUDENT AWARD 2024, uno dei premi pi\u00f9 importanti al mondo per gli studenti di design, che si terr\u00e0 il prossimo giugno in Triennale.<\/p>\n\n\n\n<p>&#8220;<em>Attraverso gli eventi e online, l&#8217;obiettivo principale della nostra piattaforma \u00e8 quello di generare sinergie e scambi che possano favorire il dialogo e la riflessione, affrontando da una prospettiva transdisciplinare temi legati all&#8217;ecologia, allo stile di vita e alle sfide creative<\/em>&#8221; sottolinea Guendalina Perelli, founder di TERRASZA. Un approccio innovativo, che mira a elevare il design per esterni a nuova categoria di pensiero e di mercato, dando risalto e specificit\u00e0 a tutte le realt\u00e0 che operano nel mondo dell&#8217;outdoor living a livello internazionale. Dai mobili all\u2019illuminazione, dai tappeti agli elementi decorativi, dai materiali ai vasi, alle piante: la mission di TERRASZA EVENTS SL \u00e8 di riunire in un unico \u201ccontenitore\u201d, il meglio del design e della produzione del settore.<\/p>\n\n\n\n<p><strong>GLI ESPOSITORI DI TERRASZA MILANO 2024:<\/strong><\/p>\n\n\n\n<ul>\n<li><strong>Benkert B<\/strong><strong>\u00e4<\/strong><strong>nke<\/strong>, brand tedesco specializzato da oltre 30 anni in arredi urbani di alta qualit\u00e0, sostenibili ed esteticamente accattivanti, presenta alcuni pezzi che hanno recentemente ricevuto numerosi importanti riconoscimenti come Chalidor 800 disegnato da <strong>Antonio Mastrorilli<\/strong>, fondatore di <strong>Gibillero Design<\/strong>.<\/li>\n<\/ul>\n\n\n\n<ul>\n<li><strong>Bover, <\/strong>azienda catalana che ha a cuore migliorare la qualit\u00e0 della vita delle persone attraverso lo spazio e la luce, illumina il giardino con le sue lampade da sospensione Nans disegnate da Joana Bover, e con Garota eElipse entrambe disegnate da Alex Fern\u00e1ndez Camps e Gonzalo Mil\u00e0.<\/li>\n<\/ul>\n\n\n\n<ul>\n<li><strong>Ca\\Stil<\/strong>, marchio italiano specializzato in arredi dal design semplice e contemporaneo realizzati in metallo, pensati per contract e residenziale, debutta al fuorisalone con sei delle sue collezioni di punta, fiore all\u2019occhiello di una realt\u00e0 produttiva dalla storia pluridecennale, nate dalla collaborazione con designer internazionali<a>.<\/a><\/li>\n<\/ul>\n\n\n\n<ul>\n<li>, marchio di fragranze d&#8217;ambiente di nicchia e oggetti decorativi ideato e disegnato dall&#8217;architetto milanese Carola Altamura, presenta &#8220;La Casa Incantata&#8221;, la prima collezione lifestyle dove il profumo d&#8217;ambiente, declinato in otto affascinanti fragranze botaniche mediterranee, fa da scenario a inediti oggetti olfattivi ed esclusivi inserimenti tessili.<\/li>\n<\/ul>\n\n\n\n<ul>\n<li>, azienda mediterranea con 82 anni di storia, \u00e8 nata come produttrice di filati e coperte; la sua traiettoria \u00e8 stata segnata dagli anni &#8217;80 dalla costante reinvenzione, dai tappeti contemporanei agli arredi e agli spazi esterni, e dall&#8217;impegno a promuovere la cultura del design. \u00c8 presente nel cinema di TERRASZA con la sedia in alluminio, infinitamente riciclabile, Tuba di <strong>Diabla<\/strong>, che rappresenta la prima collaborazione tra l\u2019azienda e il designer <strong>Samuel Wilkinson<\/strong>.<\/li>\n<\/ul>\n\n\n\n<ul>\n<li><strong>Lorelux<\/strong>, brand pugliese che ha ideato i primi lampioni urbani in plastica riciclata e infinitamente riciclabile, altamente resistenti ad urti e intemperie \u2013 gi\u00e0 candidato al Compasso d\u2019Oro 2024 \u2013 presenta Cloche. La prima lampada d\u2019arredo urbano della Collezione Contemporary \u00e8 nata sotto l\u2019art direction del pluripremiato architetto <strong>Raffaella Mangiarotti<\/strong> e disegnata dall\u2019industrial designer milanese <strong>Alessandro Stabile<\/strong>.<\/li>\n<\/ul>\n\n\n\n<ul>\n<li><strong>Magis<\/strong>, \u201cfabbrica di artisti\u201d che rappresenta dal 1976 il design italiano con arredi e sedute senza tempo realizzati in materiali durevoli e riciclabili, presenta le Air-Chair che, disegnate da <strong>Jasper Morrison<\/strong> nel 1999, sono state rilanciate nel 2023 in una nuova versione realizzata interamente in plastica 100% post consumo, derivante dal riciclo del poliaccoppiato e di imballi alimentari monouso. Sua anche la Plato, insieme alla Mil\u00e0 di <strong>Jaime Hay\u00f3n<\/strong> e Chair_One di <strong>Konstantin Grcic<\/strong>.<\/li>\n<\/ul>\n\n\n\n<ul>\n<li><strong>Musola<\/strong>, marchio spagnolo esclusivamente dedicato alla produzione di mobili e complementi d\u2019arredo per esterni pensati per la vita quotidiana, per l\u2019occasione annuncia la vittoria del Red Dot Award per la sua sedia Baga, il cui schienale \u00e8 realizzato in corda, con nodi semplici ma robusti, per garantire un supporto confortevole e resistente. Presente anche un\u2019altra sedia premiata, Canasta disegnata da <strong>Yonoh Studio<\/strong> (iF Design Awards 2021).<\/li>\n<\/ul>\n\n\n\n<ul>\n<li><strong>Novara<\/strong> <strong>Outdoor Kitchens<\/strong> porta da Barcellona le sue cucine per esterni dal design minimalista, personalizzabili, pratiche e resistenti, realizzate grazie alla sua esclusiva tecnologia Q-XTREM\u00ae per ambienti nautici, perfette per una clientela sofisticata che \u00e8 alla ricerca di arredi che soddisfino l\u2019esigenza di essere esposti fronte mare. Con ampi piani di lavoro, elettrodomestici di alta qualit\u00e0 e soluzioni di stoccaggio intelligenti.<\/li>\n<\/ul>\n\n\n\n<ul>\n<li><strong>Plust<\/strong>, nato nel 2006 come brand di euro3plast Spa, leader nella produzione di vasi e oggetti in plastica Made in Italy, offre la sua visione del design per esterni attraverso la collezione Boom disegnata da <strong>Marco Gregori<\/strong>, che unisce la perfezione geometrica del cerchio al grande comfort di seduta, esplorando le possibilit\u00e0 creative della plastica.<\/li>\n<\/ul>\n\n\n\n<ul>\n<li><strong>Vajillas de Ultramar<\/strong> presenta con un\u2019installazione artistica &#8220;La Vajilla&#8221;, una collezione straordinaria che unisce la visione unica del famoso stilista <strong>Josep Font<\/strong> con la maestria artigianale dell\u2019atelier di vasellame, con sede a Madrid, fondato da Maria Jos\u00e9 Diez e Natalia L\u00f3pez. Le \u2018stoviglie d&#8217;oltremare\u2019, connubio di arte, alta moda e ceramica, incorporano fiori freschi, secchi o elementi vegetali nei fiocchi o nei decori che simulano tessuti annodati, appositamente creati per accoglierli.<\/li>\n<\/ul>\n\n\n\n<ul>\n<li><strong>Viscio Urban Design<\/strong>, azienda leader da oltre trent\u2019anni nel settore della progettazione e della produzione di arredo urbano in pietra locale ricostituita ad Apricena (FG), presenta la sua pi\u00f9 recente innovazione: i dissuasori fotoluminescenti RecycALL, disegnati da <strong>Alessandro Canepa<\/strong>, <strong>Tiziana Di Sipio<\/strong> e <strong>Sara Priore<\/strong>, selezionati da ADI Design Index 2023 e candidati al Compasso d\u2019Oro 2024. Fruibili anche come sedute, consentono di riciclare inerti a km 0, economizzare i costi di produzione e di vendita, \u201cilluminare\u201d a costo zero, ridurre la CO2 nell\u2019aria e arredare qualunque spazio urbano con un prodotto completamente customizzabile.<\/li>\n<\/ul>\n\n\n\n<p><\/p>\n\n\n\n<p><\/p>\n\n\n\n<p><strong><em>ABOUT TERRASZA<\/em><\/strong><\/p>\n\n\n\n<p><em>TERRASZA is a pioneering phygital platform focused on Exterior Design, aspiring to redefine \u201cexteriorism\u201d as a distinguished category of thought and market globally. With an emphasis on ecology, innovative materials, and cutting-edge innovation, it positions itself as an essential event for anyone engaged in the realm of exterior design and the pursuit of sustainable alternative ecologies.<\/em><\/p>\n\n\n\n<p><em>Web: www.<\/em><a href=\"http:\/\/www.terrasza.com\/\"><em>terrasza.com<\/em><\/a><em><\/em><\/p>\n\n\n\n<p><a href=\"https:\/\/www.instagram.com\/terrasza_official\/\"><em>Instagram<\/em><\/a><em> \/ <\/em><a href=\"https:\/\/www.facebook.com\/profile.php?id=61550722813892\"><em>Facebook<\/em><\/a><em> \/ <\/em><a href=\"https:\/\/www.linkedin.com\/company\/87426969\/admin\/feed\/posts\/\"><em>LinkedIn<\/em><\/a><em><\/em><\/p>\n<\/span>","protected":false},"excerpt":{"rendered":"<p>Nel palinsesto ufficiale della Milano Design Week, l\u2019evento organizzato dalla piattaforma phygital TERRASZA dedicata al design per esterni ha in serbo una sorpresa: un cinema all&#8217;aperto, frutto della collaborazione con la scuola di cinema e animazione FX di Barcellona, e i progetti vincitori del concorso International 3D Awards promosso da Gandia Blasco e Bo Models. [&hellip;]<\/p>\n","protected":false},"author":4,"featured_media":16824,"comment_status":"open","ping_status":"open","sticky":false,"template":"","format":"standard","meta":[],"categories":[7],"tags":[27,207,85,2163,2165,6,131,2164,276,253,2166],"_links":{"self":[{"href":"https:\/\/www.thesignspeaking.com\/it\/wp-json\/wp\/v2\/posts\/16820"}],"collection":[{"href":"https:\/\/www.thesignspeaking.com\/it\/wp-json\/wp\/v2\/posts"}],"about":[{"href":"https:\/\/www.thesignspeaking.com\/it\/wp-json\/wp\/v2\/types\/post"}],"author":[{"embeddable":true,"href":"https:\/\/www.thesignspeaking.com\/it\/wp-json\/wp\/v2\/users\/4"}],"replies":[{"embeddable":true,"href":"https:\/\/www.thesignspeaking.com\/it\/wp-json\/wp\/v2\/comments?post=16820"}],"version-history":[{"count":3,"href":"https:\/\/www.thesignspeaking.com\/it\/wp-json\/wp\/v2\/posts\/16820\/revisions"}],"predecessor-version":[{"id":16829,"href":"https:\/\/www.thesignspeaking.com\/it\/wp-json\/wp\/v2\/posts\/16820\/revisions\/16829"}],"wp:featuredmedia":[{"embeddable":true,"href":"https:\/\/www.thesignspeaking.com\/it\/wp-json\/wp\/v2\/media\/16824"}],"wp:attachment":[{"href":"https:\/\/www.thesignspeaking.com\/it\/wp-json\/wp\/v2\/media?parent=16820"}],"wp:term":[{"taxonomy":"category","embeddable":true,"href":"https:\/\/www.thesignspeaking.com\/it\/wp-json\/wp\/v2\/categories?post=16820"},{"taxonomy":"post_tag","embeddable":true,"href":"https:\/\/www.thesignspeaking.com\/it\/wp-json\/wp\/v2\/tags?post=16820"}],"curies":[{"name":"wp","href":"https:\/\/api.w.org\/{rel}","templated":true}]}}