{"id":16830,"date":"2024-05-19T20:02:46","date_gmt":"2024-05-19T18:02:46","guid":{"rendered":"https:\/\/www.thesignspeaking.com\/?p=16830"},"modified":"2024-05-19T20:30:32","modified_gmt":"2024-05-19T18:30:32","slug":"eneumies-awards-day-2024-celebrated-the-best-european-architecture","status":"publish","type":"post","link":"https:\/\/www.thesignspeaking.com\/it\/eneumies-awards-day-2024-celebrated-the-best-european-architecture\/","title":{"rendered":"EUmies Awards Day 2024 celebra la migliore architettura europea"},"content":{"rendered":"<span class=\"cb-itemprop\" itemprop=\"reviewBody\">\n<h2 class=\"wp-block-heading\">Il 14 maggio a Barcellona, Gustav D\u00fcsings e Max Hacke, vincitori del premio di Architettura degli EUmies Awards 2024 per il Padiglione di Studio nel Campus dell&#8217;Universit\u00e0 Tecnica di Braunschweig (Braunschweig), ed Elena Orte e Guillermo Sevillano di SUMA Arquitectura, vincitori emergenti per la Biblioteca Gabriel Garc\u00eda M\u00e1rquez (Barcellona), insieme ai finalisti e a coloro che hanno commissionato gli edifici, hanno ricevuto i trofei del Premio dell&#8217;Unione Europea per l&#8217;Architettura Contemporanea \/ Premi Mies van der Rohe 2024 in una cerimonia che si \u00e8 svolta al Padiglione Mies van der Rohe.<\/h2>\n\n\n\n<p>Iniziati nel 1987 dopo un accordo tra il Parlamento Europeo e il Consiglio Comunale di Barcellona, gli <a href=\"https:\/\/eumiesawards.com\/\">European Union Prize for Contemporary Architecture \u2013 Mies van der Rohe Awards<\/a> sono stati organizzati dalla Fundaci\u00f3 Mies van der Rohe, creata nel 1983 con l&#8217;obiettivo di ricostruire il Padiglione Tedesco che Ludwig Mies van der Rohe e Lilly Reich avevano costruito per l&#8217;Esposizione Internazionale del 1929 a Barcellona, e dalla Commissione Europea.<\/p>\n\n\n\n<p>Il premio EUmies viene assegnato ogni due anni a opere completate nei due anni precedenti.<\/p>\n\n\n\n<p>Gli obiettivi principali sono comprendere a fondo la trasformazione dell&#8217;ambiente costruito in Europa, riconoscere e lodare l&#8217;eccellenza e l&#8217;innovazione nel campo dell&#8217;architettura e attirare l&#8217;attenzione sull&#8217;importante contributo dei professionisti europei nello sviluppo di nuove idee con l&#8217;indispensabile supporto dei committenti e il coinvolgimento di coloro che diventeranno gli utenti di questi luoghi.<\/p>\n\n\n\n<p>Il Sindaco di Barcellona, Jaume Collboni, e il Vice Direttore Generale per l&#8217;Istruzione, la Giovent\u00f9, lo Sport e la Cultura della Commissione Europea, Normunds Popens, hanno consegnato il trofeo del Premio dell&#8217;Unione Europea per l&#8217;Architettura Contemporanea \/ Premi Mies van der Rohe a Gustav D\u00fcsings e Max Hacke per il Padiglione di Studio nel Campus dell&#8217;Universit\u00e0 Tecnica di Braunschweig (Braunschweig). Il premio consiste in 60.000\u20ac e una scultura di Xavier Corber\u00f3 che evoca il Padiglione Mies van der Rohe di Barcellona.<\/p>\n\n\n<div class=\"wp-block-image\">\n<figure class=\"aligncenter size-full\"><img decoding=\"async\" width=\"1024\" height=\"683\" src=\"https:\/\/www.thesignspeaking.com\/wp-content\/uploads\/2024\/05\/Gustav-Dusing-and-Max-Hacke-for-the-Study-Pavilion.jpg\" alt=\"Gustav Du\u0308sing and Max Hacke for the Study Pavilion\" class=\"wp-image-16831\" srcset=\"https:\/\/www.thesignspeaking.com\/wp-content\/uploads\/2024\/05\/Gustav-Dusing-and-Max-Hacke-for-the-Study-Pavilion.jpg 1024w, https:\/\/www.thesignspeaking.com\/wp-content\/uploads\/2024\/05\/Gustav-Dusing-and-Max-Hacke-for-the-Study-Pavilion-300x200.jpg 300w, https:\/\/www.thesignspeaking.com\/wp-content\/uploads\/2024\/05\/Gustav-Dusing-and-Max-Hacke-for-the-Study-Pavilion-768x512.jpg 768w, https:\/\/www.thesignspeaking.com\/wp-content\/uploads\/2024\/05\/Gustav-Dusing-and-Max-Hacke-for-the-Study-Pavilion-360x240.jpg 360w\" sizes=\"(max-width: 1024px) 100vw, 1024px\" \/><figcaption class=\"wp-element-caption\">Gustav D\u00fcsing e Max Hacke<\/figcaption><\/figure><\/div>\n\n\n<p>Elena Orte e Guillermo Sevillano dello studio <a href=\"https:\/\/www.sumaarquitectura.eu\/\">SUMA Arquitectura<\/a>, hanno vinto invece il premio come Emerging Winner per la biblioteca <a href=\"https:\/\/www.thesignspeaking.com\/the-best-new-public-library-in-the-world\/\">Gabriel Garc\u00eda M\u00e1rquez<\/a> di Barcellona, e hanno ricevuto 30.000\u20ac insieme alla scultura.<\/p>\n\n\n\n<p>Il vincitore &#8220;emergente&#8221; si distingue per una combinazione di qualit\u00e0 come l&#8217;eccellenza e l&#8217;autenticit\u00e0 del design, un carattere genuino e innovativo delle sue opere e una costruzione di alto livello, ben eseguita e sostenibile. La giuria seleziona il vincitore tra i candidati che non hanno ancora raggiunto il riconoscimento non avendo ancora un corpo di lavoro criticamente riconosciuto in istituzioni o editori importanti e affermati.<\/p>\n\n\n<div class=\"wp-block-image\">\n<figure class=\"aligncenter size-full\"><img decoding=\"async\" width=\"1024\" height=\"683\" src=\"https:\/\/www.thesignspeaking.com\/wp-content\/uploads\/2024\/05\/Press-Preview_Photos-by-Anna-Mas.jpg\" alt=\"Elena Orte and Guillermo Sevillano\" class=\"wp-image-16832\" srcset=\"https:\/\/www.thesignspeaking.com\/wp-content\/uploads\/2024\/05\/Press-Preview_Photos-by-Anna-Mas.jpg 1024w, https:\/\/www.thesignspeaking.com\/wp-content\/uploads\/2024\/05\/Press-Preview_Photos-by-Anna-Mas-300x200.jpg 300w, https:\/\/www.thesignspeaking.com\/wp-content\/uploads\/2024\/05\/Press-Preview_Photos-by-Anna-Mas-768x512.jpg 768w, https:\/\/www.thesignspeaking.com\/wp-content\/uploads\/2024\/05\/Press-Preview_Photos-by-Anna-Mas-360x240.jpg 360w\" sizes=\"(max-width: 1024px) 100vw, 1024px\" \/><figcaption class=\"wp-element-caption\">Elena Orte e Guillermo Sevillano, SUMA Arquitectura<\/figcaption><\/figure><\/div>\n\n\n<p>Il Young Talent \u00e8 l&#8217;aggiunta pi\u00f9 recente al Premio (2016), che riconosce e premia i migliori progetti di laurea degli studenti di architettura in tutta Europa e oltre. <\/p>\n\n\n\n<p>I finalisti e i clienti ricevono una scultura di Tomoko Sakamoto, riconoscendo il loro contributo indispensabile all&#8217;architettura contemporanea. Il Premio traccia la mappa della migliore Architettura Contemporanea Europea con il Vincitore dell&#8217;Architettura, il Vincitore Emergente e i Vincitori del Giovane Talento. Il prestigio del Premio e la diffusione della conoscenza e del savoir-faire degli architetti europei sono ulteriormente rafforzati dall&#8217;organizzazione di mostre e dibattiti in tutto il mondo, avvicinando l&#8217;architettura ai cittadini. Tutte queste opere possono essere trovate nell&#8217;archivio online che conta 4.500 opere. World-Architects \u00e8 il partner strategico degli EUmies Awards, che conta anche sulla collaborazione di Jung e Jansen e sul supporto di USM modular furniture e Alma con lo <a href=\"https:\/\/europeanculturalcentre.eu\/\">European Cultural Centre<\/a> come partner per la sede a Venezia.<\/p>\n\n\n\n<p>Il Direttore Generale di Pianificazione e Urbanistica del Governo della Catalogna, Sig. Agust\u00ed Serra, la Direttrice Generale dell&#8217;Agenda Urbana e dell&#8217;Architettura del Governo della Spagna, Sig.ra Mar\u00eda Teresa Verd\u00fa, il capo architetto del Consiglio Comunale di Barcellona Maria Buhigas e i membri della giuria hanno consegnato i trofei ai finalisti e ai clienti, coloro che hanno reso possibili queste opere.<\/p>\n\n\n<div class=\"wp-block-image\">\n<figure class=\"aligncenter size-full\"><img decoding=\"async\" width=\"1024\" height=\"683\" src=\"https:\/\/www.thesignspeaking.com\/wp-content\/uploads\/2024\/05\/EUmies-Awards-Day_Photo-by-Anna-Mas.jpg\" alt=\"\" class=\"wp-image-16833\" srcset=\"https:\/\/www.thesignspeaking.com\/wp-content\/uploads\/2024\/05\/EUmies-Awards-Day_Photo-by-Anna-Mas.jpg 1024w, https:\/\/www.thesignspeaking.com\/wp-content\/uploads\/2024\/05\/EUmies-Awards-Day_Photo-by-Anna-Mas-300x200.jpg 300w, https:\/\/www.thesignspeaking.com\/wp-content\/uploads\/2024\/05\/EUmies-Awards-Day_Photo-by-Anna-Mas-768x512.jpg 768w, https:\/\/www.thesignspeaking.com\/wp-content\/uploads\/2024\/05\/EUmies-Awards-Day_Photo-by-Anna-Mas-360x240.jpg 360w\" sizes=\"(max-width: 1024px) 100vw, 1024px\" \/><\/figure><\/div>\n\n\n<p>La Commissaria Europea per l&#8217;Innovazione, la Ricerca, la Cultura, l&#8217;Istruzione e la Giovent\u00f9, Iliana Ivanova, ha condiviso alcune parole con il pubblico tramite un messaggio video, reiterando che \u201c<em>L&#8217;architettura \u00e8 una parte fondamentale non solo della nostra cultura europea, ma anche dello sviluppo sostenibile e del benessere delle persone. I vincitori del Premio dell&#8217;Unione Europea per l&#8217;Architettura Contemporanea \/ Premi Mies van der Rohe 2024 dimostrano chiaramente questo. Le loro opere riflettono i principi del Nuovo Bauhaus Europeo, portando la transizione verde nella vita quotidiana e negli spazi abitativi delle persone. Le mie pi\u00f9 sincere congratulazioni agli architetti e ai collaboratori dietro a questi progetti<\/em>!\u201d.<\/p>\n\n\n\n<p><\/p>\n\n\n\n<h2 class=\"wp-block-heading\">La mostra degli <strong>EUmies Awards 2024<\/strong><\/h2>\n\n\n\n<p>La mostra degli EUmies Awards 2024 \u00e8 stata inaugurata al Palau Vict\u00f2ria Eug\u00e8nia, mostrando le 362 opere nominate che formano una cartografia impressionante della migliore Architettura Europea degli ultimi due anni. Queste opere, che si estendono in 38 paesi europei, comprendono 125 regioni e 240 localit\u00e0, si trovano in punti unici nell&#8217;emisfero nord del nostro pianeta. Seguendo i meridiani della Terra, il gruppo di opere crea la mappa degli EUmies Awards 2024, dal paesaggio glaciale della Groenlandia a un boschetto di banane subtropicale nelle Isole Canarie.<\/p>\n\n\n<div class=\"wp-block-image\">\n<figure class=\"aligncenter size-full\"><img decoding=\"async\" width=\"1024\" height=\"683\" src=\"https:\/\/www.thesignspeaking.com\/wp-content\/uploads\/2024\/05\/Press-Preview_Photos-by-Anna-Mas_2.jpg\" alt=\"EUmies Awards 2024 Exhibition\" class=\"wp-image-16834\" srcset=\"https:\/\/www.thesignspeaking.com\/wp-content\/uploads\/2024\/05\/Press-Preview_Photos-by-Anna-Mas_2.jpg 1024w, https:\/\/www.thesignspeaking.com\/wp-content\/uploads\/2024\/05\/Press-Preview_Photos-by-Anna-Mas_2-300x200.jpg 300w, https:\/\/www.thesignspeaking.com\/wp-content\/uploads\/2024\/05\/Press-Preview_Photos-by-Anna-Mas_2-768x512.jpg 768w, https:\/\/www.thesignspeaking.com\/wp-content\/uploads\/2024\/05\/Press-Preview_Photos-by-Anna-Mas_2-360x240.jpg 360w\" sizes=\"(max-width: 1024px) 100vw, 1024px\" \/><figcaption class=\"wp-element-caption\">La mostra degli EUmies Awards 2024<\/figcaption><\/figure><\/div>\n\n\n<p>La mostra espone modelli, testi, video e disegni di tutte le 362 opere partecipanti a questa edizione. I borsisti della piattaforma europea di architettura LINA Estelle Barriol e Fanny Bordes di Studio ACTE hanno curato parte degli arredi della mostra e il borsista Tiago Casanova ha realizzato il video dell&#8217;opera finalista emergente.<\/p>\n\n\n\n<p>La mostra partir\u00e0 successivamente per un tour in Europa con un&#8217;apertura a Madrid presso la Casa de la Arquitectura a luglio; e all&#8217;Architekturzentrum Wien a Vienna in ottobre.<\/p>\n\n\n\n<p>I vincitori, i finalisti e coloro che hanno reso possibili queste opere, sono stati invitati a Barcellona per partecipare a talk e conferenze. La borsista LINA Oc\u00e9ane Ragoucy ha moderato le conversazioni sull&#8217;architettura contemporanea, approfondendone l&#8217;evoluzione e la trasformazione, sottolineando anche la virtuosa relazione tra la professione e l&#8217;industria.<\/p>\n\n\n<div class=\"wp-block-image\">\n<figure class=\"aligncenter size-full\"><img decoding=\"async\" width=\"1024\" height=\"683\" src=\"https:\/\/www.thesignspeaking.com\/wp-content\/uploads\/2024\/05\/EUmies-Awards-Day_Photo-by-Anna-Mas_3-1.jpg\" alt=\"\" class=\"wp-image-16836\" srcset=\"https:\/\/www.thesignspeaking.com\/wp-content\/uploads\/2024\/05\/EUmies-Awards-Day_Photo-by-Anna-Mas_3-1.jpg 1024w, https:\/\/www.thesignspeaking.com\/wp-content\/uploads\/2024\/05\/EUmies-Awards-Day_Photo-by-Anna-Mas_3-1-300x200.jpg 300w, https:\/\/www.thesignspeaking.com\/wp-content\/uploads\/2024\/05\/EUmies-Awards-Day_Photo-by-Anna-Mas_3-1-768x512.jpg 768w, https:\/\/www.thesignspeaking.com\/wp-content\/uploads\/2024\/05\/EUmies-Awards-Day_Photo-by-Anna-Mas_3-1-360x240.jpg 360w\" sizes=\"(max-width: 1024px) 100vw, 1024px\" \/><\/figure><\/div>\n\n\n<p>La Giornata degli EUmies Awards si \u00e8 conclusa con una celebrazione nel Padiglione Mies van der Rohe con tutti i partecipanti.<\/p>\n\n\n\n<p>Il programma Out &#038; About degli EUmies Awards, mirato a scoprire l&#8217;architettura con gli autori e i promotori delle 40 opere selezionate, \u00e8 iniziato a maggio organizzando visite guidate ed eventi negli edifici e condividendo con tutti le esperienze degli autori. Organizzato insieme a Guiding Architects, nel contesto della Giornata degli EUmies Awards, Out &#038; About ha offerto due visite nell&#8217;area di Barcellona: Edilizia sociale 1737 di Harquitectes e la Biblioteca Gabriel Garc\u00eda M\u00e1rquez di SUMA arquitectura, vincitore emergente.<\/p>\n\n\n\n<p>L&#8217;evento ha segnato la data d&#8217;inizio delle <a href=\"https:\/\/www.barcelona.cat\/setmanesarquitectura\/en\">Settimane dell&#8217;Architettura di Barcellona<\/a>, festival culturale, che si svolge dal 14 maggio al 28 giugno, con mostre, concorsi, premi e visite guidate che connettono la citt\u00e0 con la sua comunit\u00e0. Eventi aperti al pubblico che mirano a promuovere la conoscenza dell&#8217;architettura contemporanea e i suoi valori, sia in presenza che attraverso lo streaming.<\/p>\n\n\n\n<p>Per vedere la cerimonia di premiazione della Giornata degli EUmies Awards:<\/p>\n\n\n\n<figure class=\"wp-block-embed is-type-video is-provider-youtube wp-block-embed-youtube wp-embed-aspect-16-9 wp-has-aspect-ratio\"><div class=\"wp-block-embed__wrapper\">\n<iframe title=\"EUmies Awards 2024 - Ceremony\" width=\"1200\" height=\"675\" src=\"https:\/\/www.youtube.com\/embed\/VOLxvl2tIT4?feature=oembed\" frameborder=\"0\" allow=\"accelerometer; autoplay; clipboard-write; encrypted-media; gyroscope; picture-in-picture; web-share\" referrerpolicy=\"strict-origin-when-cross-origin\" allowfullscreen><\/iframe>\n<\/div><\/figure>\n\n\n\n<p><\/p>\n<\/span>","protected":false},"excerpt":{"rendered":"<p>Il 14 maggio a Barcellona, Gustav D\u00fcsings e Max Hacke, vincitori del premio di Architettura degli EUmies Awards 2024 per il Padiglione di Studio nel Campus dell&#8217;Universit\u00e0 Tecnica di Braunschweig (Braunschweig), ed Elena Orte e Guillermo Sevillano di SUMA Arquitectura, vincitori emergenti per la Biblioteca Gabriel Garc\u00eda M\u00e1rquez (Barcellona), insieme ai finalisti e a coloro [&hellip;]<\/p>\n","protected":false},"author":4,"featured_media":16831,"comment_status":"open","ping_status":"open","sticky":false,"template":"","format":"standard","meta":[],"categories":[1,7],"tags":[88,2167,2168,96],"_links":{"self":[{"href":"https:\/\/www.thesignspeaking.com\/it\/wp-json\/wp\/v2\/posts\/16830"}],"collection":[{"href":"https:\/\/www.thesignspeaking.com\/it\/wp-json\/wp\/v2\/posts"}],"about":[{"href":"https:\/\/www.thesignspeaking.com\/it\/wp-json\/wp\/v2\/types\/post"}],"author":[{"embeddable":true,"href":"https:\/\/www.thesignspeaking.com\/it\/wp-json\/wp\/v2\/users\/4"}],"replies":[{"embeddable":true,"href":"https:\/\/www.thesignspeaking.com\/it\/wp-json\/wp\/v2\/comments?post=16830"}],"version-history":[{"count":11,"href":"https:\/\/www.thesignspeaking.com\/it\/wp-json\/wp\/v2\/posts\/16830\/revisions"}],"predecessor-version":[{"id":16854,"href":"https:\/\/www.thesignspeaking.com\/it\/wp-json\/wp\/v2\/posts\/16830\/revisions\/16854"}],"wp:featuredmedia":[{"embeddable":true,"href":"https:\/\/www.thesignspeaking.com\/it\/wp-json\/wp\/v2\/media\/16831"}],"wp:attachment":[{"href":"https:\/\/www.thesignspeaking.com\/it\/wp-json\/wp\/v2\/media?parent=16830"}],"wp:term":[{"taxonomy":"category","embeddable":true,"href":"https:\/\/www.thesignspeaking.com\/it\/wp-json\/wp\/v2\/categories?post=16830"},{"taxonomy":"post_tag","embeddable":true,"href":"https:\/\/www.thesignspeaking.com\/it\/wp-json\/wp\/v2\/tags?post=16830"}],"curies":[{"name":"wp","href":"https:\/\/api.w.org\/{rel}","templated":true}]}}