{"id":16893,"date":"2024-12-13T17:53:20","date_gmt":"2024-12-13T16:53:20","guid":{"rendered":"https:\/\/www.thesignspeaking.com\/?p=16893"},"modified":"2024-12-13T18:03:59","modified_gmt":"2024-12-13T17:03:59","slug":"a-dream-project-in-the-cuadrat-dor-that-blends-history-and-modernity","status":"publish","type":"post","link":"https:\/\/www.thesignspeaking.com\/it\/a-dream-project-in-the-cuadrat-dor-that-blends-history-and-modernity\/","title":{"rendered":"UN PROGETTO DA SOGNO NEL &#8220;CUADRAT D&#8217;OR&#8221; CHE FONDE STORIA E MODERNIT\u00c0"},"content":{"rendered":"<span class=\"cb-itemprop\" itemprop=\"reviewBody\">\n<h2 class=\"wp-block-heading\"><strong>In una zona emblematica del distretto dell&#8217;Eixample della capitale catalana, l&#8217;architetta italiana Vania Gaetti ha dato vita a una ristrutturazione che non solo rispetta la storia di Barcellona, ma celebra anche il suo vivace presente e futuro. Un progetto in cui l\u2019eleganza porta la firma del Made in Italy, grazie anche alla selezione di mobili e accessori delle migliori marche italiane.<\/strong><\/h2>\n\n\n\n<p><\/p>\n\n\n\n<p>All&#8217;angolo con il vivace Paseo de Gracia, proprio di fronte all&#8217;emblematica Casa Mil\u00e0 (La Pedrera) di Antoni Gaud\u00ed, si trova l&#8217;ultimo progetto di Vania Gaetti, architetta italiana con sede a Barcellona da pi\u00f9 di 20 anni, specializzata nel design e nella gestione di progetti di interior e retail: la ristrutturazione integrale di un piano di un edificio storico nel Cuadrat d&#8217;Or, in catalano, &#8220;Cuadrado de Oro&#8221; in spagnolo, zona dell&#8217;Eixample di Barcellona che ospita una delle pi\u00f9 grandi concentrazioni di architettura modernista al mondo. Delimitato approssimativamente dalla Calle Aribau e dal Paseo de Sant Joan, dall&#8217;Avenida Diagonal nella parte superiore e dalla Pla\u00e7a de Catalunya in quella inferiore, il Cuadrat d&#8217;Or contiene opere maestre di grandi architetti della fine del XIX e dell&#8217;inizio del XX secolo, come Gaud\u00ed, Llu\u00eds Dom\u00e8nech i Montaner e Josep Puig i Cadafalch. <\/p>\n\n\n\n<p><\/p>\n\n\n\n<p>La zona \u00e8 famosa per i suoi edifici dalle facciate ornamentali e ricche di dettagli, con caratteristiche tipiche del modernismo catalano, come motivi naturali, curve, mosaici di ceramica, ferro battuto e vetrate colorate. <\/p>\n\n\n\n<p><\/p>\n\n\n\n<p>Oggi, il Cuadrat d&#8217;Or \u00e8 un&#8217;attrazione turistica e culturale di Barcellona, dove i visitatori possono passeggiare e scoprire la ricchezza del modernismo nella sua massima espressione, godendo sia degli esterni che dell&#8217;accesso ad alcuni degli interni di questi edifici unici.<\/p>\n\n\n<div class=\"wp-block-image\">\n<figure class=\"aligncenter size-full\"><img decoding=\"async\" width=\"1024\" height=\"683\" src=\"https:\/\/www.thesignspeaking.com\/wp-content\/uploads\/2024\/12\/Vania-Interior-Design-Provenca-255-Apartments-Ignasi-Rodriguez-03-low.jpg\" alt=\"\" class=\"wp-image-16900\" srcset=\"https:\/\/www.thesignspeaking.com\/wp-content\/uploads\/2024\/12\/Vania-Interior-Design-Provenca-255-Apartments-Ignasi-Rodriguez-03-low.jpg 1024w, https:\/\/www.thesignspeaking.com\/wp-content\/uploads\/2024\/12\/Vania-Interior-Design-Provenca-255-Apartments-Ignasi-Rodriguez-03-low-300x200.jpg 300w, https:\/\/www.thesignspeaking.com\/wp-content\/uploads\/2024\/12\/Vania-Interior-Design-Provenca-255-Apartments-Ignasi-Rodriguez-03-low-768x512.jpg 768w, https:\/\/www.thesignspeaking.com\/wp-content\/uploads\/2024\/12\/Vania-Interior-Design-Provenca-255-Apartments-Ignasi-Rodriguez-03-low-360x240.jpg 360w\" sizes=\"(max-width: 1024px) 100vw, 1024px\" \/><figcaption class=\"wp-element-caption\">Vania Gaetti Interior Design &#8211; foto Ignasi Rodriguez<\/figcaption><\/figure><\/div>\n\n\n<p>Come il palazzo dove si trova questa gemma architettonica, acquistata da una donna di spicco del mondo bancario e da suo marito, general manager di una casa farmaceutica. La coppia, di successo e amante dell\u2019arte e della cultura, residente a Singapore, ha scelto Barcellona come nuova casa per le sue due figlie, attratta dalla qualit\u00e0 della vita e dal fascino storico-culturale della citt\u00e0.<\/p>\n\n\n\n<p>Vania Gaetti ha dato vita a un appartamento che non solo rispetta la storia di Barcellona, ma ne celebra anche il presente e il futuro vibrante. Il risultato di questa sinergia \u00e8 una sinfonia di elementi storici e moderni che trasformano l&#8217;appartamento in un&#8217;esperienza unica e indimenticabile, dove l&#8217;eleganza porta la firma del Made in Italy, anche grazie alla selezione di mobili e accessori di alcune tra le migliori marche italiane.<\/p>\n\n\n<div class=\"wp-block-image\">\n<figure class=\"aligncenter size-large\"><img decoding=\"async\" width=\"694\" height=\"1024\" src=\"https:\/\/www.thesignspeaking.com\/wp-content\/uploads\/2024\/12\/Vania-Interior-Design-Provenca-255-Apartments-Ignasi-Rodriguez-32-low-694x1024.jpg\" alt=\"\" class=\"wp-image-16897\" srcset=\"https:\/\/www.thesignspeaking.com\/wp-content\/uploads\/2024\/12\/Vania-Interior-Design-Provenca-255-Apartments-Ignasi-Rodriguez-32-low-694x1024.jpg 694w, https:\/\/www.thesignspeaking.com\/wp-content\/uploads\/2024\/12\/Vania-Interior-Design-Provenca-255-Apartments-Ignasi-Rodriguez-32-low-203x300.jpg 203w, https:\/\/www.thesignspeaking.com\/wp-content\/uploads\/2024\/12\/Vania-Interior-Design-Provenca-255-Apartments-Ignasi-Rodriguez-32-low-768x1133.jpg 768w, https:\/\/www.thesignspeaking.com\/wp-content\/uploads\/2024\/12\/Vania-Interior-Design-Provenca-255-Apartments-Ignasi-Rodriguez-32-low.jpg 1024w\" sizes=\"(max-width: 694px) 100vw, 694px\" \/><\/figure><\/div>\n\n\n<h2 class=\"wp-block-heading\"><strong><strong>Un viaggio di conservazione e rinnovamento<\/strong><\/strong><\/h2>\n\n\n\n<p>\u201c<em>La prima domanda che sorge in ogni ristrutturazione di un edificio d\u2019epoca \u00e8: cosa conservare? La risposta naturale \u00e8 stata mantenere tutti gli elementi storici significativi\u201d<\/em> afferma l&#8217;architetta Vania Gaetti. \u201c<em>Tra questi spiccano pi\u00f9 di 10.000 pezzi di mosaici Nolla, che sono stati accuratamente restaurati da artigiani locali. Le porte e le finestre in legno originale sono state restaurate e aggiornate con maniglie contemporanee, conferendo un aspetto fresco e confortevole agli spazi<\/em>\u201d.<\/p>\n\n\n\n<p>L&#8217;illuminazione, progettata con cura, esalta i soffitti e le pareti decorate con modanature di alta gamma che riproducono le geometrie tipiche dell&#8217;Eixample barcellonese. La collezione di lampade utilizzate nel progetto include pezzi di marchi e artigiani locali, come la collezione di illuminazione Nightbloom creata da <strong>Marcel Wanders<\/strong> per l\u2019azienda valenciana <strong>Lladr\u00f3<\/strong>, che domina il corridoio d&#8217;ingresso, ma anche della veneziana <strong>Lodes<\/strong>, con i sei globi di vetro soffiato della lampada da sospesione Random Solo, disegnata da <strong>Chia-Ying Lee<\/strong>, che sembrano fluttuare sopra l\u2019isola della cucina. In una delle eleganti suite, la lampada Minigiogali, design di <strong>Angelo Mangiarotti<\/strong>, della cristalleria <strong>Vistosi<\/strong> aggiunge un tocco sofisticato.<\/p>\n\n\n<div class=\"wp-block-image\">\n<figure class=\"aligncenter size-full\"><img decoding=\"async\" width=\"1024\" height=\"683\" src=\"https:\/\/www.thesignspeaking.com\/wp-content\/uploads\/2024\/12\/Vania-Interior-Design-Provenca-255-Apartments-Ignasi-Rodriguez-43-low.jpg\" alt=\"\" class=\"wp-image-16898\" srcset=\"https:\/\/www.thesignspeaking.com\/wp-content\/uploads\/2024\/12\/Vania-Interior-Design-Provenca-255-Apartments-Ignasi-Rodriguez-43-low.jpg 1024w, https:\/\/www.thesignspeaking.com\/wp-content\/uploads\/2024\/12\/Vania-Interior-Design-Provenca-255-Apartments-Ignasi-Rodriguez-43-low-300x200.jpg 300w, https:\/\/www.thesignspeaking.com\/wp-content\/uploads\/2024\/12\/Vania-Interior-Design-Provenca-255-Apartments-Ignasi-Rodriguez-43-low-768x512.jpg 768w, https:\/\/www.thesignspeaking.com\/wp-content\/uploads\/2024\/12\/Vania-Interior-Design-Provenca-255-Apartments-Ignasi-Rodriguez-43-low-360x240.jpg 360w\" sizes=\"(max-width: 1024px) 100vw, 1024px\" \/><\/figure><\/div>\n\n\n<p>In una delle camere, spiccano due lampade Parentesi, progettate dai designer italiani <strong>Achille Castiglioni<\/strong> e <strong>Pio Manz\u00f9<\/strong>, prodotte dall&#8217;azienda italiana <strong>Flos<\/strong> dal 1971.<\/p>\n\n\n\n<p>La raffinata ricerca di complementi originali ed eleganti ha portato alla scelta, per la testiera del letto della suite, delle applique Poudrier firmate da <strong>Philippe Nigro<\/strong> per <strong>DCW\u00e9ditions<\/strong>: uno sportello in ottone lucido funge da specchio girevole e, come un otturatore, si apre o si chiude per regolare l&#8217;intensit\u00e0 luminosa.<\/p>\n\n\n<div class=\"wp-block-image\">\n<figure class=\"aligncenter size-full\"><img decoding=\"async\" width=\"1024\" height=\"683\" src=\"https:\/\/www.thesignspeaking.com\/wp-content\/uploads\/2024\/12\/Vania-Interior-Design-Provenca-255-Apartments-Ignasi-Rodriguez-33-low.jpg\" alt=\"\" class=\"wp-image-16899\" srcset=\"https:\/\/www.thesignspeaking.com\/wp-content\/uploads\/2024\/12\/Vania-Interior-Design-Provenca-255-Apartments-Ignasi-Rodriguez-33-low.jpg 1024w, https:\/\/www.thesignspeaking.com\/wp-content\/uploads\/2024\/12\/Vania-Interior-Design-Provenca-255-Apartments-Ignasi-Rodriguez-33-low-300x200.jpg 300w, https:\/\/www.thesignspeaking.com\/wp-content\/uploads\/2024\/12\/Vania-Interior-Design-Provenca-255-Apartments-Ignasi-Rodriguez-33-low-768x512.jpg 768w, https:\/\/www.thesignspeaking.com\/wp-content\/uploads\/2024\/12\/Vania-Interior-Design-Provenca-255-Apartments-Ignasi-Rodriguez-33-low-360x240.jpg 360w\" sizes=\"(max-width: 1024px) 100vw, 1024px\" \/><\/figure><\/div>\n\n\n<h2 class=\"wp-block-heading\"><strong><strong>Materiali di lusso e tecnologia all&#8217;avanguardia<\/strong><\/strong><\/h2>\n\n\n\n<p>Per i marmi della cucina e dei bagni sono state scelte le eleganti venature del Calacatta dorato e Montblanc dell&#8217;italiana <strong>ABK Stone<\/strong>, che dialogano perfettamente con il mosaico di eleganza orientale Phenomenon, disegnato dal giapponese <strong>Tokujin Yoshioka<\/strong> per l&#8217;italiana <strong>Mutina<\/strong>. I bagni sono completi di vasche da bagno immerse in un&#8217;illuminazione cromoterapica che consente il massimo relax. Le collezioni Ingranaggio e Hi-Fi dell&#8217;italiana <strong>Gessi<\/strong> aggiungono un tocco di lusso e modernit\u00e0 ai bagni.<\/p>\n\n\n\n<p>L&#8217;appartamento, dai toni eleganti e retro, \u00e8 dotato di tecnologia contemporanea che garantisce comfort ed efficienza energetica. Il sistema di aria condizionata <strong>Airzone<\/strong> permette di scegliere temperature diverse a seconda dell&#8217;uso di ogni stanza, mentre la qualit\u00e0 dei vetri accuratamente selezionati offre privacy acustica e isolamento termico in ogni finestra.<\/p>\n\n\n<div class=\"wp-block-image\">\n<figure class=\"aligncenter size-full\"><img decoding=\"async\" width=\"1024\" height=\"683\" src=\"https:\/\/www.thesignspeaking.com\/wp-content\/uploads\/2024\/12\/Vania-Interior-Design-Provenca-255-Apartments-Ignasi-Rodriguez-48-low.jpg\" alt=\"\" class=\"wp-image-16895\" srcset=\"https:\/\/www.thesignspeaking.com\/wp-content\/uploads\/2024\/12\/Vania-Interior-Design-Provenca-255-Apartments-Ignasi-Rodriguez-48-low.jpg 1024w, https:\/\/www.thesignspeaking.com\/wp-content\/uploads\/2024\/12\/Vania-Interior-Design-Provenca-255-Apartments-Ignasi-Rodriguez-48-low-300x200.jpg 300w, https:\/\/www.thesignspeaking.com\/wp-content\/uploads\/2024\/12\/Vania-Interior-Design-Provenca-255-Apartments-Ignasi-Rodriguez-48-low-768x512.jpg 768w, https:\/\/www.thesignspeaking.com\/wp-content\/uploads\/2024\/12\/Vania-Interior-Design-Provenca-255-Apartments-Ignasi-Rodriguez-48-low-360x240.jpg 360w\" sizes=\"(max-width: 1024px) 100vw, 1024px\" \/><\/figure><\/div>\n\n\n<h2 class=\"wp-block-heading\"><strong><strong>Mobili di eccellenza e arte contemporanea<\/strong><\/strong><\/h2>\n\n\n\n<p>L\u2019arredamento dell\u2019appartamento \u00e8 stato progettato selezionando pezzi di eccellenza, come gli armadi di <strong>Molteni<\/strong> e <strong>Novamobili<\/strong>, i tavolini da salotto di <strong>Roche Bobois<\/strong> e <strong>Vitra<\/strong>, e i divani di <strong>B&#038;B Italia<\/strong>.<\/p>\n\n\n\n<p>Anche la cucina \u00e8 italiana, firmata <strong>Cesar<\/strong>, come gli accessori <strong>Smeg<\/strong>, il cui stile si sposa perfettamente con l\u2019alta qualit\u00e0 degli elettrodomestici tedeschi <strong>Gaggenau<\/strong>.<\/p>\n\n\n<div class=\"wp-block-image\">\n<figure class=\"aligncenter size-full\"><img decoding=\"async\" width=\"1024\" height=\"683\" src=\"https:\/\/www.thesignspeaking.com\/wp-content\/uploads\/2024\/12\/Vania-Interior-Design-Provenca-255-Apartments-Ignasi-Rodriguez-38-low.jpg\" alt=\"\" class=\"wp-image-16896\" srcset=\"https:\/\/www.thesignspeaking.com\/wp-content\/uploads\/2024\/12\/Vania-Interior-Design-Provenca-255-Apartments-Ignasi-Rodriguez-38-low.jpg 1024w, https:\/\/www.thesignspeaking.com\/wp-content\/uploads\/2024\/12\/Vania-Interior-Design-Provenca-255-Apartments-Ignasi-Rodriguez-38-low-300x200.jpg 300w, https:\/\/www.thesignspeaking.com\/wp-content\/uploads\/2024\/12\/Vania-Interior-Design-Provenca-255-Apartments-Ignasi-Rodriguez-38-low-768x512.jpg 768w, https:\/\/www.thesignspeaking.com\/wp-content\/uploads\/2024\/12\/Vania-Interior-Design-Provenca-255-Apartments-Ignasi-Rodriguez-38-low-360x240.jpg 360w\" sizes=\"(max-width: 1024px) 100vw, 1024px\" \/><\/figure><\/div>\n\n\n<h2 class=\"wp-block-heading\"><strong>Alta artigianalit\u00e0 e arte contemporanea<\/strong><\/h2>\n\n\n\n<p>Le testiere dei letti e altri elementi di arredo sono stati realizzati da abili artigiani locali, che hanno contribuito alla sinfonia di design internazionale.<\/p>\n\n\n\n<p>La perfezione del progetto \u00e8 completata da una parte della collezione privata della famiglia, che include opere di artisti contemporanei come la audace <strong>Rajae Qarrou<\/strong> e del fotografo <strong>Pedro Jarque Krebs<\/strong>, le cui foto sottolineano la passione della famiglia per l&#8217;equitazione. Inoltre, la collezione include numerosi artisti provenienti dall&#8217;Asia, riflettendo cos\u00ec il loro profondo apprezzamento per la diversit\u00e0 culturale.<\/p>\n\n\n\n<p>Il progetto \u00e8 una testimonianza di come la conservazione del patrimonio storico possa integrarsi armoniosamente con il design contemporaneo e la tecnologia avanzata, creando uno spazio abitativo che \u00e8 sia un rifugio personale che un&#8217;opera d&#8217;arte a s\u00e9 stante.<\/p>\n\n\n\n<p><\/p>\n\n\n\n<h2 class=\"wp-block-heading\"><strong>Vania Gaetti<\/strong><\/h2>\n\n\n\n<p>Vania Gaetti \u00e8 un&#8217;architetta italiana con oltre 20 anni di esperienza, specializzata in progetti di interior e retail. La sua formazione in Italia e Danimarca le ha fornito una prospettiva cosmopolita e una sensibilit\u00e0 eccezionale verso il rispetto del patrimonio storico e il design contemporaneo. Attualmente residente a Barcellona, Vania Gaetti coordina integralmente progetti di interior design e garantisce l&#8217;esecuzione impeccabile di ogni fase del processo.<\/p>\n\n\n<div class=\"wp-block-image\">\n<figure class=\"aligncenter size-large\"><img decoding=\"async\" width=\"732\" height=\"1024\" src=\"https:\/\/www.thesignspeaking.com\/wp-content\/uploads\/2024\/12\/Retrato_Vania-Gaetti-3-low-732x1024.jpg\" alt=\"\" class=\"wp-image-16901\" srcset=\"https:\/\/www.thesignspeaking.com\/wp-content\/uploads\/2024\/12\/Retrato_Vania-Gaetti-3-low-732x1024.jpg 732w, https:\/\/www.thesignspeaking.com\/wp-content\/uploads\/2024\/12\/Retrato_Vania-Gaetti-3-low-215x300.jpg 215w, https:\/\/www.thesignspeaking.com\/wp-content\/uploads\/2024\/12\/Retrato_Vania-Gaetti-3-low-768x1074.jpg 768w, https:\/\/www.thesignspeaking.com\/wp-content\/uploads\/2024\/12\/Retrato_Vania-Gaetti-3-low.jpg 1024w\" sizes=\"(max-width: 732px) 100vw, 732px\" \/><\/figure><\/div><\/span>","protected":false},"excerpt":{"rendered":"<p>In una zona emblematica del distretto dell&#8217;Eixample della capitale catalana, l&#8217;architetta italiana Vania Gaetti ha dato vita a una ristrutturazione che non solo rispetta la storia di Barcellona, ma celebra anche il suo vivace presente e futuro. Un progetto in cui l\u2019eleganza porta la firma del Made in Italy, grazie anche alla selezione di mobili [&hellip;]<\/p>\n","protected":false},"author":4,"featured_media":16900,"comment_status":"open","ping_status":"open","sticky":false,"template":"","format":"standard","meta":[],"categories":[1,7],"tags":[215,307,6,96],"_links":{"self":[{"href":"https:\/\/www.thesignspeaking.com\/it\/wp-json\/wp\/v2\/posts\/16893"}],"collection":[{"href":"https:\/\/www.thesignspeaking.com\/it\/wp-json\/wp\/v2\/posts"}],"about":[{"href":"https:\/\/www.thesignspeaking.com\/it\/wp-json\/wp\/v2\/types\/post"}],"author":[{"embeddable":true,"href":"https:\/\/www.thesignspeaking.com\/it\/wp-json\/wp\/v2\/users\/4"}],"replies":[{"embeddable":true,"href":"https:\/\/www.thesignspeaking.com\/it\/wp-json\/wp\/v2\/comments?post=16893"}],"version-history":[{"count":8,"href":"https:\/\/www.thesignspeaking.com\/it\/wp-json\/wp\/v2\/posts\/16893\/revisions"}],"predecessor-version":[{"id":16909,"href":"https:\/\/www.thesignspeaking.com\/it\/wp-json\/wp\/v2\/posts\/16893\/revisions\/16909"}],"wp:featuredmedia":[{"embeddable":true,"href":"https:\/\/www.thesignspeaking.com\/it\/wp-json\/wp\/v2\/media\/16900"}],"wp:attachment":[{"href":"https:\/\/www.thesignspeaking.com\/it\/wp-json\/wp\/v2\/media?parent=16893"}],"wp:term":[{"taxonomy":"category","embeddable":true,"href":"https:\/\/www.thesignspeaking.com\/it\/wp-json\/wp\/v2\/categories?post=16893"},{"taxonomy":"post_tag","embeddable":true,"href":"https:\/\/www.thesignspeaking.com\/it\/wp-json\/wp\/v2\/tags?post=16893"}],"curies":[{"name":"wp","href":"https:\/\/api.w.org\/{rel}","templated":true}]}}