{"id":16991,"date":"2025-01-14T12:48:18","date_gmt":"2025-01-14T11:48:18","guid":{"rendered":"https:\/\/www.thesignspeaking.com\/?p=16991"},"modified":"2025-01-14T12:55:20","modified_gmt":"2025-01-14T11:55:20","slug":"enanimated-objects-like-in-a-fairy-tale","status":"publish","type":"post","link":"https:\/\/www.thesignspeaking.com\/it\/enanimated-objects-like-in-a-fairy-tale\/","title":{"rendered":"OGGETTI ANIMATI COME IN UNA FIABA"},"content":{"rendered":"<span class=\"cb-itemprop\" itemprop=\"reviewBody\">\n<h2 class=\"wp-block-heading\">Paola Paronetto presenta le nuove collezioni a Maison&#038;Objet dal 16 al 20 gennaio 2025<\/h2>\n\n\n\n<p>Fin dai primi anni del 2000, quando nacque ,nel suo laboratorio di Porcia, la collezione &#8220;Cartocci&#8221;, il lavoro di <a href=\"http:\/\/www.paolaparonetto.com\/\">Paola Paronetto<\/a>, artista oggi affermata a livello internazionale, \u00e8 caratterizzato da oggetti leggeri come carta e ricchi di imperfezioni poetiche.<\/p>\n\n\n<div class=\"wp-block-image\">\n<figure class=\"aligncenter size-large\"><img decoding=\"async\" width=\"683\" height=\"1024\" src=\"https:\/\/www.thesignspeaking.com\/wp-content\/uploads\/2025\/01\/PAOLA-PARONETTO_BRUCO_07-low-683x1024.jpg\" alt=\"\" class=\"wp-image-16999\" srcset=\"https:\/\/www.thesignspeaking.com\/wp-content\/uploads\/2025\/01\/PAOLA-PARONETTO_BRUCO_07-low-683x1024.jpg 683w, https:\/\/www.thesignspeaking.com\/wp-content\/uploads\/2025\/01\/PAOLA-PARONETTO_BRUCO_07-low-200x300.jpg 200w, https:\/\/www.thesignspeaking.com\/wp-content\/uploads\/2025\/01\/PAOLA-PARONETTO_BRUCO_07-low-768x1152.jpg 768w, https:\/\/www.thesignspeaking.com\/wp-content\/uploads\/2025\/01\/PAOLA-PARONETTO_BRUCO_07-low.jpg 1024w\" sizes=\"(max-width: 683px) 100vw, 683px\" \/><figcaption class=\"wp-element-caption\">Bruco by Paola Paronetto<\/figcaption><\/figure><\/div>\n\n\n<p>Le sue nuove collezioni, sempre ispirate al mondo della natura, ai suoi colori e alla sua leggerezza, vengono presentate in occasione della prossima edizione di Maison&#038;Objet, uno degli eventi internazionali pi\u00f9 prestigiosi nel settore del design e dell&#8217;arredamento, che si svolge dal 16 al 20 gennaio presso il Paris Nord Villepinte Exhibition Centre.<\/p>\n\n\n\n<p>Sono protagonisti dello spazio espositivo i nuovi prodotti &#8220;Bruco&#8221;, &#8220;Flora &#8220;, &#8220;Sfero &#8220;, &#8220;Pino&#8221;, &#8220;Girasoli\u2019 e \u201cCirco\u201d con le loro colorazioni pastello e le texture delicate.<\/p>\n\n\n\n<p>Dall\u2019osservazione della natura nasce Bruco, una nuova ispirazione che trasforma gli elementi organici in un gioco creativo di forme, volumi e suggestioni. Attraverso un accostamento di altezze e diametri diversi, si disegnano percorsi sinuosi che giocano con ombre, texture e cromie. Le interpretazioni sono molteplici: tronchi affiancati, skyline metropolitani, scale vertiginose o canne d&#8217;organo. Bruco \u00e8 un invito all\u2019immaginazione, che si adatta e prende vita nella mente, trasportandoci in un viaggio fantastico.<\/p>\n\n\n<div class=\"wp-block-image\">\n<figure class=\"aligncenter size-large\"><img decoding=\"async\" width=\"683\" height=\"1024\" src=\"https:\/\/www.thesignspeaking.com\/wp-content\/uploads\/2025\/01\/PAOLA-PARONETTO_BRUCO_01-683x1024.jpg\" alt=\"\" class=\"wp-image-16994\" srcset=\"https:\/\/www.thesignspeaking.com\/wp-content\/uploads\/2025\/01\/PAOLA-PARONETTO_BRUCO_01-683x1024.jpg 683w, https:\/\/www.thesignspeaking.com\/wp-content\/uploads\/2025\/01\/PAOLA-PARONETTO_BRUCO_01-200x300.jpg 200w, https:\/\/www.thesignspeaking.com\/wp-content\/uploads\/2025\/01\/PAOLA-PARONETTO_BRUCO_01-768x1152.jpg 768w, https:\/\/www.thesignspeaking.com\/wp-content\/uploads\/2025\/01\/PAOLA-PARONETTO_BRUCO_01.jpg 1024w\" sizes=\"(max-width: 683px) 100vw, 683px\" \/><figcaption class=\"wp-element-caption\">Bruco by Paola Paronetto<\/figcaption><\/figure><\/div>\n\n\n<p>Con la sua forma ampia, circondata da altri volumi pi\u00f9 piccoli, Flora sembra un fiore mai visto prima. Un elemento che emerge con sorpresa nel panorama domestico, catturando l\u2019attenzione di chi sa guardare con sensibilit\u00e0 e curiosit\u00e0. Ma le sue suggestioni non si fermano qui. Per alcuni, Flora pu\u00f2 evocare una torre antica, un\u2019architettura contemporanea, un candelabro elegante o una corona regale. Le associazioni di idee che scaturiscono sono infinite, pronte a sbocciare in ogni ambiente.<\/p>\n\n\n\n<p>La perfezione della sfera si reinventa in Sfero, una figura geometrica che si arricchisce di personalit\u00e0 e significato. La sua forma organica e irregolare nasce dall\u2019incontro di superfici diverse, evocando l\u2019immagine di un frutto dalla buccia rugosa, un pianeta attraversato da intricati canali o un minuscolo granello di polline, ingrandito al microscopio. Sfero \u00e8 un elemento poetico che, trasportato dal vento dell\u2019immaginazione, trova una nuova dimensione all\u2019interno dello spazio domestico.<\/p>\n\n\n<div class=\"wp-block-image\">\n<figure class=\"aligncenter size-large\"><img decoding=\"async\" width=\"683\" height=\"1024\" src=\"https:\/\/www.thesignspeaking.com\/wp-content\/uploads\/2025\/01\/PAOLA-PARONETTO_MIX_07-683x1024.jpg\" alt=\"\" class=\"wp-image-16992\" srcset=\"https:\/\/www.thesignspeaking.com\/wp-content\/uploads\/2025\/01\/PAOLA-PARONETTO_MIX_07-683x1024.jpg 683w, https:\/\/www.thesignspeaking.com\/wp-content\/uploads\/2025\/01\/PAOLA-PARONETTO_MIX_07-200x300.jpg 200w, https:\/\/www.thesignspeaking.com\/wp-content\/uploads\/2025\/01\/PAOLA-PARONETTO_MIX_07-768x1152.jpg 768w, https:\/\/www.thesignspeaking.com\/wp-content\/uploads\/2025\/01\/PAOLA-PARONETTO_MIX_07-1024x1536.jpg 1024w, https:\/\/www.thesignspeaking.com\/wp-content\/uploads\/2025\/01\/PAOLA-PARONETTO_MIX_07-1365x2048.jpg 1365w, https:\/\/www.thesignspeaking.com\/wp-content\/uploads\/2025\/01\/PAOLA-PARONETTO_MIX_07-scaled.jpg 1707w\" sizes=\"(max-width: 683px) 100vw, 683px\" \/><figcaption class=\"wp-element-caption\">Sfero by Paola Paronetto<\/figcaption><\/figure><\/div>\n\n\n<p>La collezione Pino \u00e8 caratterizzata da forme curiose e giocose che stimolano la fantasia. Gli oggetti, realizzati con la tecnica Paper Clay, combinano pasta di carta, fibre naturali e argilla, risultando leggeri ma resistenti. Ogni pezzo invita alla sorpresa e alla composizione di allegri assembramenti. Questa collezione \u201c\u00c8 ispirata a uno straordinario personaggio della mia fiaba preferita da bambina\u201d &#8211; afferma l&#8217;autrice &#8211; \u201cIl mitico Pinocchio, un burattino di legno animato il cui naso cresceva se diceva una bugia. Come in questa fiaba, anche i miei oggetti sono animati. Li creo e poi li immagino muoversi liberamente nel mio studio\u201d.<\/p>\n\n\n\n<p>La personalit\u00e0 unica di questo pezzo si \u00e8 rivelata cos\u00ec forte che Paola ha subito deciso di ripetere la sequenza, creando una nuova serie di opere destinate ad arricchire le sue numerose collezioni. Queste opere hanno trovato un&#8217;eco straordinaria tra collezionisti e acquirenti di tutto il mondo.<\/p>\n\n\n\n<p>Tra i protagonisti anche la collezione Reflections, nata dalla collaborazione tra Paola Paronetto e Giovanni Botticelli, esplorano la dualit\u00e0 tra la matericit\u00e0 della tecnica paper clay e la purezza dello specchio. I Girasoli, con le loro forme delicate e irregolari, evocano la bellezza naturale e simbolica di questi fiori, richiamando la loro connessione con l&#8217;arte.<\/p>\n\n\n\n<p>Partendo dal segno grafico distintivo della collezione Circo, gi\u00e0 parte del repertorio di Paola Paronetto, i due designer hanno riletto i Girasoli attraverso una palette materica dai colori freschi e vivaci. In dialogo continuo con le tonalit\u00e0 degli specchi disponibili, questa nuova interpretazione si ispira alla corrente artistica del Color Field Painting, esaltando le geometrie e la scultoreit\u00e0 dei pezzi, conferendo loro una presenza ancora pi\u00f9 vibrante e dinamica.<\/p>\n\n\n<div class=\"wp-block-image\">\n<figure class=\"aligncenter size-large\"><img decoding=\"async\" width=\"683\" height=\"1024\" src=\"https:\/\/www.thesignspeaking.com\/wp-content\/uploads\/2025\/01\/PAOLA-PARONETTO_GIRASOLI_08-683x1024.jpg\" alt=\"\" class=\"wp-image-16993\" srcset=\"https:\/\/www.thesignspeaking.com\/wp-content\/uploads\/2025\/01\/PAOLA-PARONETTO_GIRASOLI_08-683x1024.jpg 683w, https:\/\/www.thesignspeaking.com\/wp-content\/uploads\/2025\/01\/PAOLA-PARONETTO_GIRASOLI_08-200x300.jpg 200w, https:\/\/www.thesignspeaking.com\/wp-content\/uploads\/2025\/01\/PAOLA-PARONETTO_GIRASOLI_08-768x1152.jpg 768w, https:\/\/www.thesignspeaking.com\/wp-content\/uploads\/2025\/01\/PAOLA-PARONETTO_GIRASOLI_08-1024x1536.jpg 1024w, https:\/\/www.thesignspeaking.com\/wp-content\/uploads\/2025\/01\/PAOLA-PARONETTO_GIRASOLI_08-1365x2048.jpg 1365w, https:\/\/www.thesignspeaking.com\/wp-content\/uploads\/2025\/01\/PAOLA-PARONETTO_GIRASOLI_08-scaled.jpg 1707w\" sizes=\"(max-width: 683px) 100vw, 683px\" \/><figcaption class=\"wp-element-caption\">Reflections by Paola Paronetto and Giovanni Botticelli<\/figcaption><\/figure><\/div>\n\n\n<p>Fin da giovanissima la sua curiosit\u00e0 l\u2019ha spinta a sperimentare la ceramica, apprendendo dai maestri le tecniche di lavorazione dell\u2019argilla, fino all&#8217;incontro con la paper clay, che diventa il cuore del suo lavoro. Il suo mondo \u00e8 raccolto nel libro fotografico &#8220;Paola Paronetto. Metafore&#8221;, presentato in Triennale a Milano.<\/p>\n\n\n\n<p>Le sue opere, che intrecciano arte contemporanea e design, sono esposte in showroom, gallerie e musei internazionali. Tra le mostre personali, spiccano quelle presso Ille Arts a New York e il Contemporary Ceramic Centre a Londra, oltre alla prima antologica italiana al ADI Design Museum nel 2021.<\/p>\n<\/span>","protected":false},"excerpt":{"rendered":"<p>Paola Paronetto presenta le nuove collezioni a Maison&#038;Objet dal 16 al 20 gennaio 2025 Fin dai primi anni del 2000, quando nacque ,nel suo laboratorio di Porcia, la collezione &#8220;Cartocci&#8221;, il lavoro di Paola Paronetto, artista oggi affermata a livello internazionale, \u00e8 caratterizzato da oggetti leggeri come carta e ricchi di imperfezioni poetiche. Le sue [&hellip;]<\/p>\n","protected":false},"author":4,"featured_media":16993,"comment_status":"open","ping_status":"open","sticky":false,"template":"","format":"standard","meta":[],"categories":[7],"tags":[27,207,6,2178,2176],"_links":{"self":[{"href":"https:\/\/www.thesignspeaking.com\/it\/wp-json\/wp\/v2\/posts\/16991"}],"collection":[{"href":"https:\/\/www.thesignspeaking.com\/it\/wp-json\/wp\/v2\/posts"}],"about":[{"href":"https:\/\/www.thesignspeaking.com\/it\/wp-json\/wp\/v2\/types\/post"}],"author":[{"embeddable":true,"href":"https:\/\/www.thesignspeaking.com\/it\/wp-json\/wp\/v2\/users\/4"}],"replies":[{"embeddable":true,"href":"https:\/\/www.thesignspeaking.com\/it\/wp-json\/wp\/v2\/comments?post=16991"}],"version-history":[{"count":4,"href":"https:\/\/www.thesignspeaking.com\/it\/wp-json\/wp\/v2\/posts\/16991\/revisions"}],"predecessor-version":[{"id":17004,"href":"https:\/\/www.thesignspeaking.com\/it\/wp-json\/wp\/v2\/posts\/16991\/revisions\/17004"}],"wp:featuredmedia":[{"embeddable":true,"href":"https:\/\/www.thesignspeaking.com\/it\/wp-json\/wp\/v2\/media\/16993"}],"wp:attachment":[{"href":"https:\/\/www.thesignspeaking.com\/it\/wp-json\/wp\/v2\/media?parent=16991"}],"wp:term":[{"taxonomy":"category","embeddable":true,"href":"https:\/\/www.thesignspeaking.com\/it\/wp-json\/wp\/v2\/categories?post=16991"},{"taxonomy":"post_tag","embeddable":true,"href":"https:\/\/www.thesignspeaking.com\/it\/wp-json\/wp\/v2\/tags?post=16991"}],"curies":[{"name":"wp","href":"https:\/\/api.w.org\/{rel}","templated":true}]}}