{"id":1705,"date":"2017-11-07T16:48:06","date_gmt":"2017-11-07T15:48:06","guid":{"rendered":"http:\/\/thesignspeaking.com\/2018\/02\/02\/fod-future-of-design-barcelona-november-11-12\/"},"modified":"2018-06-02T11:46:44","modified_gmt":"2018-06-02T09:46:44","slug":"fod-future-of-design-barcelona-november-11-12","status":"publish","type":"post","link":"https:\/\/www.thesignspeaking.com\/it\/fod-future-of-design-barcelona-november-11-12\/","title":{"rendered":"FOD &#8211; FUTURE OF DESIGN, Barcelona November 11-12"},"content":{"rendered":"<span class=\"cb-itemprop\" itemprop=\"reviewBody\"><p>Qual \u00e8 il Futuro del Design? Quali sfide devono affrontare i designer indipendenti?\u00a0E\u2019 con questa premessa che si celebrer\u00e0 a Barcellona l\u201911 e 12 novembre, presso il MazdaSpace in C\/Comerc 60, la seconda edizione di\u00a0<b><a href=\"https:\/\/www.piscolabisdesigners.org\/fod\/\" target=\"_blank\" rel=\"noopener\">FOD &#8211; Future of Design<\/a><\/b>. L&#8217;evento riunisce prestigiosi professionisti, scienziati, creativi ed esperti di marketing che, attraverso una serie di conferenze e workshop, aiuteranno i professionisti a differenziarsi nella loro proposta, avere una visione del futuro, sviluppare strategie creando uno spazio di dibattito e networking.<\/p>\n<p>Oltre 300 prodotti unici di 40 designer indipendenti saranno esposti in una installazione effimera creata per l\u2019occasione dall\u2019architetto di interni Luca Hugo Brucculeri, con la preziosa collaborazione di Marcelo Vil\u00e1 y Compl\u00e1s.<\/p>\n<p>FOD &#8211;\u00a0Future of Design sar\u00e0 quindi un luogo in cui designer, studenti, creativi e amanti del design si riuniranno per trovare soluzioni, strategie, ispirazione e per condividere conoscenze ed esperienze sia a livello creativo sia commerciale.<\/p>\n<p>FOD \u00e8 un&#8217;iniziativa di\u00a0<a href=\"https:\/\/www.piscolabisdesigners.org\/\" target=\"_blank\" rel=\"noopener\"><b>Piscolabis Designers<\/b><\/a>, piattaforma per la promozione e il sostegno ai designer indipendenti di Barcellona \u200b\u200bche conta con la collaborazione del marchio automobilistico MAZDA e con il sostegno del governo della Catalogna e del Comune di Barcellona.<\/p>\n<p><b>Designer Partecipanti:<\/b><\/p>\n<p><b>Design Industriale:\u00a0<\/b>Fragments \u2013 Obvious \u2013 Tcherassi Vilat\u00f3 \u2013 Volto \u2013 Aparentment \u2013 Oggetto \u2013 Hidraulik \u2013Octagon \u2013 Bibu \u2013 Working in the redwoods \u2013 Softheads \u2013 AG Ceramics\u00a0<b><br \/>\n<\/b><\/p>\n<p><b>Moda:\u00a0<\/b>Juanmabyelcuco \u2013 Amos Tranque\u2013 Elena Estaun &#8211; Daniel Rosa \u2013L\u2019Nena &#8211; Less Filling \u2013 Composite \u2013 Ester Ferrando \u2013 Modest Apparel \u2013 Loidi \u2013Weneedle \u2013 Pau Esteve \u2013 Marymood \u2013 Chouchoucouture &#8211; Composite<\/p>\n<p><b>Accessori:\u00a0<\/b>Arrels Bcn \u2013 Pr\u00f3gono \u2013 Andrea Vi\u00eant\u00ebc \u2013Folc Eyewear \u2013Ona Boix \u2013 Amalia Vermell \u2013 B\u00b7tie \u2013 Valentina Falchi \u2013 Lavs jewels \u2013 Xtellar \u2013 Gonzalo Cutrina \u2013 Veronica Villalon<\/p>\n<p><b>Attivit\u00e0<\/b><\/p>\n<p><b>Mostra Fotografica &#8211; <\/b>Il processo creativo.<\/p>\n<p><b>Mostra &#8211;\u00a0<\/b>Shoot fotografico di moda, accessori, design. Coordinamento: Raquel Troch \u2013 Styling: Jaume Vidiella \u2013 Fotografia: Xenia Lau Modelos: 5th Models &#8211; Trucco&#038;Parrucco: Marta Ruiz.<\/p>\n<p><b>FOD Awards &#8211;\u00a0<\/b>Un premio per categoria (Moda &#8211; Accessori &#8211; Design industriale) oltre ad una menzione speciale. La giuria sar\u00e0 composta dal consiglio di amministrazione di\u00a0<b><a href=\"https:\/\/www.piscolabisdesigners.org\/\" target=\"_blank\" rel=\"noopener\">Piscolabis Designers<\/a>\u00a0<\/b>e da altre figure di rilievo. Presenter\u00e0 il premio Flora Saura, ospite del programma culturale ARTIC di\u00a0betev\u00e9. Il premio moda sar\u00e0 consegnato da Manuel Bola\u00f1o.<\/p>\n<p><b>Fashion Film<\/b> &#8211; \u00a0I film vincitori del 1\u00ba Fashion Film festival di Barcellona, che si \u00e8 tenuto lo scorso 5 ottobre, saranno proiettati e presentati dai rispettivi creatori.<\/p>\n<p><b>Tavola Rotonda <\/b>&#8211;\u00a0Domenica, a partire dalle 17:45, si organizzer\u00e0 una tavola rotonda a cui prenderanno parte alcuni designer, negozi monomarca e concept store, per discutere sul futuro del design catalano.<\/p>\n<p>Infine verr\u00e0 presentata\u00a0<b>Barter Design<\/b>, speciale iniziativa che vedr\u00e0 il confronto tra i partecipanti e professionisti del marketing, creativi, grafici, illustratori, giornalisti in un intercambio volto al raggiungimento di un accordo per la commercializzazione di uno dei progetti esposti.<\/p>\n<p>Il programma completo \u00e8 disponibile al link\u00a0<b><a href=\"https:\/\/www.piscolabisdesigners.org\/fod\/\" target=\"_blank\" rel=\"noopener\">FOD &#8211; Future of Design<\/a><\/b><img decoding=\"async\" class=\"alignnone size-large wp-image-7796\" src=\"http:\/\/www.thesignspeaking.com\/wp-content\/uploads\/2017\/11\/fod-1024x547.jpg\" alt=\"\" width=\"1024\" height=\"547\" srcset=\"https:\/\/www.thesignspeaking.com\/wp-content\/uploads\/2017\/11\/fod-1024x547.jpg 1024w, https:\/\/www.thesignspeaking.com\/wp-content\/uploads\/2017\/11\/fod-300x160.jpg 300w, https:\/\/www.thesignspeaking.com\/wp-content\/uploads\/2017\/11\/fod-768x410.jpg 768w, https:\/\/www.thesignspeaking.com\/wp-content\/uploads\/2017\/11\/fod.jpg 2048w\" sizes=\"(max-width: 1024px) 100vw, 1024px\" \/><\/p>\n<div id=\"attachment_7797\" style=\"width: 976px\"  class=\"wp-caption alignnone\"><img decoding=\"async\" class=\"size-large wp-image-7797\" src=\"http:\/\/www.thesignspeaking.com\/wp-content\/uploads\/2017\/11\/horizontal_calendar_2016_octagon_design_od_cl1257-3-copy.jpg\" alt=\"\" width=\"966\" height=\"644\" srcset=\"https:\/\/www.thesignspeaking.com\/wp-content\/uploads\/2017\/11\/horizontal_calendar_2016_octagon_design_od_cl1257-3-copy.jpg 966w, https:\/\/www.thesignspeaking.com\/wp-content\/uploads\/2017\/11\/horizontal_calendar_2016_octagon_design_od_cl1257-3-copy-300x200.jpg 300w, https:\/\/www.thesignspeaking.com\/wp-content\/uploads\/2017\/11\/horizontal_calendar_2016_octagon_design_od_cl1257-3-copy-768x512.jpg 768w, https:\/\/www.thesignspeaking.com\/wp-content\/uploads\/2017\/11\/horizontal_calendar_2016_octagon_design_od_cl1257-3-copy-360x240.jpg 360w\" sizes=\"(max-width: 966px) 100vw, 966px\" \/><p class=\"wp-caption-text\">Horizontal_calendar_2016<\/p><\/div>\n<p><img decoding=\"async\" class=\"alignnone size-large wp-image-7798\" src=\"http:\/\/www.thesignspeaking.com\/wp-content\/uploads\/2017\/11\/obvious-lamp-1024x1024.jpg\" alt=\"\" width=\"1024\" height=\"1024\" srcset=\"https:\/\/www.thesignspeaking.com\/wp-content\/uploads\/2017\/11\/obvious-lamp-1024x1024.jpg 1024w, https:\/\/www.thesignspeaking.com\/wp-content\/uploads\/2017\/11\/obvious-lamp-150x150.jpg 150w, https:\/\/www.thesignspeaking.com\/wp-content\/uploads\/2017\/11\/obvious-lamp-300x300.jpg 300w, https:\/\/www.thesignspeaking.com\/wp-content\/uploads\/2017\/11\/obvious-lamp-768x768.jpg 768w, https:\/\/www.thesignspeaking.com\/wp-content\/uploads\/2017\/11\/obvious-lamp-125x125.jpg 125w, https:\/\/www.thesignspeaking.com\/wp-content\/uploads\/2017\/11\/obvious-lamp.jpg 1200w\" sizes=\"(max-width: 1024px) 100vw, 1024px\" \/><\/p>\n<div id=\"attachment_7799\" style=\"width: 1034px\"  class=\"wp-caption alignnone\"><img decoding=\"async\" class=\"size-large wp-image-7799\" src=\"http:\/\/www.thesignspeaking.com\/wp-content\/uploads\/2017\/11\/angle.planter-working-1024x768.jpg\" alt=\"\" width=\"1024\" height=\"768\" srcset=\"https:\/\/www.thesignspeaking.com\/wp-content\/uploads\/2017\/11\/angle.planter-working-1024x768.jpg 1024w, https:\/\/www.thesignspeaking.com\/wp-content\/uploads\/2017\/11\/angle.planter-working-300x225.jpg 300w, https:\/\/www.thesignspeaking.com\/wp-content\/uploads\/2017\/11\/angle.planter-working-768x576.jpg 768w\" sizes=\"(max-width: 1024px) 100vw, 1024px\" \/><p class=\"wp-caption-text\">OLYMPUS DIGITAL CAMERA<\/p><\/div>\n<p><img decoding=\"async\" class=\"alignnone size-large wp-image-7800\" src=\"http:\/\/www.thesignspeaking.com\/wp-content\/uploads\/2017\/11\/fragments2-1024x1024.jpg\" alt=\"\" width=\"1024\" height=\"1024\" srcset=\"https:\/\/www.thesignspeaking.com\/wp-content\/uploads\/2017\/11\/fragments2-1024x1024.jpg 1024w, https:\/\/www.thesignspeaking.com\/wp-content\/uploads\/2017\/11\/fragments2-150x150.jpg 150w, https:\/\/www.thesignspeaking.com\/wp-content\/uploads\/2017\/11\/fragments2-300x300.jpg 300w, https:\/\/www.thesignspeaking.com\/wp-content\/uploads\/2017\/11\/fragments2-768x768.jpg 768w, https:\/\/www.thesignspeaking.com\/wp-content\/uploads\/2017\/11\/fragments2-125x125.jpg 125w, https:\/\/www.thesignspeaking.com\/wp-content\/uploads\/2017\/11\/fragments2.jpg 2000w\" sizes=\"(max-width: 1024px) 100vw, 1024px\" \/> <img decoding=\"async\" class=\"alignnone size-large wp-image-7801\" src=\"http:\/\/www.thesignspeaking.com\/wp-content\/uploads\/2017\/11\/bibu2-1024x704.jpg\" alt=\"\" width=\"1024\" height=\"704\" srcset=\"https:\/\/www.thesignspeaking.com\/wp-content\/uploads\/2017\/11\/bibu2-1024x704.jpg 1024w, https:\/\/www.thesignspeaking.com\/wp-content\/uploads\/2017\/11\/bibu2-300x206.jpg 300w, https:\/\/www.thesignspeaking.com\/wp-content\/uploads\/2017\/11\/bibu2-768x528.jpg 768w, https:\/\/www.thesignspeaking.com\/wp-content\/uploads\/2017\/11\/bibu2.jpg 1500w\" sizes=\"(max-width: 1024px) 100vw, 1024px\" \/> <img decoding=\"async\" class=\"alignnone size-large wp-image-7802\" src=\"http:\/\/www.thesignspeaking.com\/wp-content\/uploads\/2017\/11\/hidraulik-1-corremesa_modernista_viladomat-777x1024.jpg\" alt=\"\" width=\"777\" height=\"1024\" srcset=\"https:\/\/www.thesignspeaking.com\/wp-content\/uploads\/2017\/11\/hidraulik-1-corremesa_modernista_viladomat-777x1024.jpg 777w, https:\/\/www.thesignspeaking.com\/wp-content\/uploads\/2017\/11\/hidraulik-1-corremesa_modernista_viladomat-228x300.jpg 228w, https:\/\/www.thesignspeaking.com\/wp-content\/uploads\/2017\/11\/hidraulik-1-corremesa_modernista_viladomat-768x1012.jpg 768w, https:\/\/www.thesignspeaking.com\/wp-content\/uploads\/2017\/11\/hidraulik-1-corremesa_modernista_viladomat.jpg 850w\" sizes=\"(max-width: 777px) 100vw, 777px\" \/> <img decoding=\"async\" class=\"alignnone size-large wp-image-7803\" src=\"http:\/\/www.thesignspeaking.com\/wp-content\/uploads\/2017\/11\/juanmabyelcuco5-683x1024.jpg\" alt=\"\" width=\"683\" height=\"1024\" srcset=\"https:\/\/www.thesignspeaking.com\/wp-content\/uploads\/2017\/11\/juanmabyelcuco5-683x1024.jpg 683w, https:\/\/www.thesignspeaking.com\/wp-content\/uploads\/2017\/11\/juanmabyelcuco5-200x300.jpg 200w, https:\/\/www.thesignspeaking.com\/wp-content\/uploads\/2017\/11\/juanmabyelcuco5-768x1152.jpg 768w, https:\/\/www.thesignspeaking.com\/wp-content\/uploads\/2017\/11\/juanmabyelcuco5.jpg 1000w\" sizes=\"(max-width: 683px) 100vw, 683px\" \/> <img decoding=\"async\" class=\"alignnone size-large wp-image-7804\" src=\"http:\/\/www.thesignspeaking.com\/wp-content\/uploads\/2017\/11\/andrea-vientec-aw1-1024x683.jpg\" alt=\"\" width=\"1024\" height=\"683\" srcset=\"https:\/\/www.thesignspeaking.com\/wp-content\/uploads\/2017\/11\/andrea-vientec-aw1-1024x683.jpg 1024w, https:\/\/www.thesignspeaking.com\/wp-content\/uploads\/2017\/11\/andrea-vientec-aw1-300x200.jpg 300w, https:\/\/www.thesignspeaking.com\/wp-content\/uploads\/2017\/11\/andrea-vientec-aw1-768x512.jpg 768w, https:\/\/www.thesignspeaking.com\/wp-content\/uploads\/2017\/11\/andrea-vientec-aw1-360x240.jpg 360w, https:\/\/www.thesignspeaking.com\/wp-content\/uploads\/2017\/11\/andrea-vientec-aw1.jpg 1500w\" sizes=\"(max-width: 1024px) 100vw, 1024px\" \/> <img decoding=\"async\" class=\"alignnone size-large wp-image-7805\" src=\"http:\/\/www.thesignspeaking.com\/wp-content\/uploads\/2017\/11\/xtellar-8-711x1024.jpg\" alt=\"\" width=\"711\" height=\"1024\" srcset=\"https:\/\/www.thesignspeaking.com\/wp-content\/uploads\/2017\/11\/xtellar-8-711x1024.jpg 711w, https:\/\/www.thesignspeaking.com\/wp-content\/uploads\/2017\/11\/xtellar-8-208x300.jpg 208w, https:\/\/www.thesignspeaking.com\/wp-content\/uploads\/2017\/11\/xtellar-8-768x1107.jpg 768w, https:\/\/www.thesignspeaking.com\/wp-content\/uploads\/2017\/11\/xtellar-8.jpg 1041w\" sizes=\"(max-width: 711px) 100vw, 711px\" \/> <img decoding=\"async\" class=\"alignnone size-large wp-image-7806\" src=\"http:\/\/www.thesignspeaking.com\/wp-content\/uploads\/2017\/11\/valentina-falchi-1-my-dot-twin-collection-1024x683.jpg\" alt=\"\" width=\"1024\" height=\"683\" srcset=\"https:\/\/www.thesignspeaking.com\/wp-content\/uploads\/2017\/11\/valentina-falchi-1-my-dot-twin-collection-1024x683.jpg 1024w, https:\/\/www.thesignspeaking.com\/wp-content\/uploads\/2017\/11\/valentina-falchi-1-my-dot-twin-collection-300x200.jpg 300w, https:\/\/www.thesignspeaking.com\/wp-content\/uploads\/2017\/11\/valentina-falchi-1-my-dot-twin-collection-768x512.jpg 768w, https:\/\/www.thesignspeaking.com\/wp-content\/uploads\/2017\/11\/valentina-falchi-1-my-dot-twin-collection-360x240.jpg 360w, https:\/\/www.thesignspeaking.com\/wp-content\/uploads\/2017\/11\/valentina-falchi-1-my-dot-twin-collection.jpg 1500w\" sizes=\"(max-width: 1024px) 100vw, 1024px\" \/> <img decoding=\"async\" class=\"alignnone size-large wp-image-7807\" src=\"http:\/\/www.thesignspeaking.com\/wp-content\/uploads\/2017\/11\/arrels-8-bootie-black-gym-x-batabastas-1024x1024.jpg\" alt=\"\" width=\"1024\" height=\"1024\" srcset=\"https:\/\/www.thesignspeaking.com\/wp-content\/uploads\/2017\/11\/arrels-8-bootie-black-gym-x-batabastas-1024x1024.jpg 1024w, https:\/\/www.thesignspeaking.com\/wp-content\/uploads\/2017\/11\/arrels-8-bootie-black-gym-x-batabastas-150x150.jpg 150w, https:\/\/www.thesignspeaking.com\/wp-content\/uploads\/2017\/11\/arrels-8-bootie-black-gym-x-batabastas-300x300.jpg 300w, https:\/\/www.thesignspeaking.com\/wp-content\/uploads\/2017\/11\/arrels-8-bootie-black-gym-x-batabastas-768x768.jpg 768w, https:\/\/www.thesignspeaking.com\/wp-content\/uploads\/2017\/11\/arrels-8-bootie-black-gym-x-batabastas-125x125.jpg 125w, https:\/\/www.thesignspeaking.com\/wp-content\/uploads\/2017\/11\/arrels-8-bootie-black-gym-x-batabastas.jpg 1500w\" sizes=\"(max-width: 1024px) 100vw, 1024px\" \/><b><\/b><\/p>\n<\/span>","protected":false},"excerpt":{"rendered":"<p>What will be the Future of Design? What challenges do independent designers face?<\/p>\n","protected":false},"author":3,"featured_media":7796,"comment_status":"open","ping_status":"open","sticky":false,"template":"","format":"standard","meta":[],"categories":[7,24],"tags":[],"_links":{"self":[{"href":"https:\/\/www.thesignspeaking.com\/it\/wp-json\/wp\/v2\/posts\/1705"}],"collection":[{"href":"https:\/\/www.thesignspeaking.com\/it\/wp-json\/wp\/v2\/posts"}],"about":[{"href":"https:\/\/www.thesignspeaking.com\/it\/wp-json\/wp\/v2\/types\/post"}],"author":[{"embeddable":true,"href":"https:\/\/www.thesignspeaking.com\/it\/wp-json\/wp\/v2\/users\/3"}],"replies":[{"embeddable":true,"href":"https:\/\/www.thesignspeaking.com\/it\/wp-json\/wp\/v2\/comments?post=1705"}],"version-history":[{"count":0,"href":"https:\/\/www.thesignspeaking.com\/it\/wp-json\/wp\/v2\/posts\/1705\/revisions"}],"wp:featuredmedia":[{"embeddable":true,"href":"https:\/\/www.thesignspeaking.com\/it\/wp-json\/wp\/v2\/media\/7796"}],"wp:attachment":[{"href":"https:\/\/www.thesignspeaking.com\/it\/wp-json\/wp\/v2\/media?parent=1705"}],"wp:term":[{"taxonomy":"category","embeddable":true,"href":"https:\/\/www.thesignspeaking.com\/it\/wp-json\/wp\/v2\/categories?post=1705"},{"taxonomy":"post_tag","embeddable":true,"href":"https:\/\/www.thesignspeaking.com\/it\/wp-json\/wp\/v2\/tags?post=1705"}],"curies":[{"name":"wp","href":"https:\/\/api.w.org\/{rel}","templated":true}]}}