{"id":17098,"date":"2025-02-27T14:45:11","date_gmt":"2025-02-27T13:45:11","guid":{"rendered":"https:\/\/www.thesignspeaking.com\/?p=17098"},"modified":"2025-03-04T17:57:26","modified_gmt":"2025-03-04T16:57:26","slug":"the-if-design-award-jury-selects-the-2025-winners","status":"publish","type":"post","link":"https:\/\/www.thesignspeaking.com\/it\/the-if-design-award-jury-selects-the-2025-winners\/","title":{"rendered":"LA GIURIA DELL&#8217;iF DESIGN AWARD DESIGNA I VINCITORI DEL 2025"},"content":{"rendered":"<span class=\"cb-itemprop\" itemprop=\"reviewBody\">\n<h2 class=\"wp-block-heading\">Un&#8217;edizione record per l&#8217;iF DESIGN AWARD: quasi 11.000 candidature da 66 nazioni, una giuria internazionale di 131 esperti e un forte focus su sostenibilit\u00e0 e intelligenza artificiale<\/h2>\n\n\n\n<p>La fase finale di valutazione dell&#8217;iF DESIGN AWARD 2025 da parte della giuria \u00e8 durata tre giorni e si \u00e8 svolta allo Schuppen 52 di Amburgo, con un numero record di 102 esperti di design provenienti da 23 nazioni.<\/p>\n\n\n\n<p>L&#8217;obiettivo era quello di assegnare un riconoscimento a tutti i vincitori di un iF DESIGN AWARD 2025 e ai 75 vincitori del pi\u00f9 alto riconoscimento, il Gold Award 2025. <\/p>\n\n\n<div class=\"wp-block-image\">\n<figure class=\"aligncenter size-full\"><img decoding=\"async\" width=\"907\" height=\"605\" src=\"https:\/\/www.thesignspeaking.com\/wp-content\/uploads\/2025\/02\/Schuppen-52.jpg\" alt=\"\" class=\"wp-image-17105\" srcset=\"https:\/\/www.thesignspeaking.com\/wp-content\/uploads\/2025\/02\/Schuppen-52.jpg 907w, https:\/\/www.thesignspeaking.com\/wp-content\/uploads\/2025\/02\/Schuppen-52-300x200.jpg 300w, https:\/\/www.thesignspeaking.com\/wp-content\/uploads\/2025\/02\/Schuppen-52-768x512.jpg 768w, https:\/\/www.thesignspeaking.com\/wp-content\/uploads\/2025\/02\/Schuppen-52-360x240.jpg 360w\" sizes=\"(max-width: 907px) 100vw, 907px\" \/><\/figure><\/div>\n\n\n<p>Dopo il primo round di valutazione durante la preselezione online di dicembre, il 50 per cento dei quasi 11.000 progetti presentati si \u00e8 qualificato per la giuria finale di Amburgo.<\/p>\n\n\n\n<p>La valutazione si \u00e8 basata su cinque criteri: idea, forma, funzione, differenziazione e sostenibilit\u00e0.<\/p>\n\n\n<div class=\"wp-block-image\">\n<figure class=\"aligncenter size-full\"><img decoding=\"async\" width=\"907\" height=\"605\" src=\"https:\/\/www.thesignspeaking.com\/wp-content\/uploads\/2025\/02\/Jurors-at-work-2.jpg\" alt=\"\" class=\"wp-image-17102\" srcset=\"https:\/\/www.thesignspeaking.com\/wp-content\/uploads\/2025\/02\/Jurors-at-work-2.jpg 907w, https:\/\/www.thesignspeaking.com\/wp-content\/uploads\/2025\/02\/Jurors-at-work-2-300x200.jpg 300w, https:\/\/www.thesignspeaking.com\/wp-content\/uploads\/2025\/02\/Jurors-at-work-2-768x512.jpg 768w, https:\/\/www.thesignspeaking.com\/wp-content\/uploads\/2025\/02\/Jurors-at-work-2-360x240.jpg 360w\" sizes=\"(max-width: 907px) 100vw, 907px\" \/><figcaption class=\"wp-element-caption\">Jurors at work<\/figcaption><\/figure><\/div>\n\n\n<p>Come negli anni precedenti, ogni proposta \u00e8 stata analizzata approfonditamente e discussa. Ogni prodotto \u00e8 stato esaminato da tre esperti di design. Da sottolineare, la collaborazione molto proficua tra i giurati e il gruppo di lavoro iF sulla sostenibilit\u00e0, al fine di integrare nella giudizio elementi fondamentali di sostenibilit\u00e0, ecologica e sociale in particolare. Questo ha permesso ai giurati di effettuare una valutazione ancora pi\u00f9 esperta e olistica.<\/p>\n\n\n<div class=\"wp-block-image\">\n<figure class=\"aligncenter size-full\"><img decoding=\"async\" width=\"907\" height=\"605\" src=\"https:\/\/www.thesignspeaking.com\/wp-content\/uploads\/2025\/02\/Jurors-at-work.jpg\" alt=\"\" class=\"wp-image-17103\" srcset=\"https:\/\/www.thesignspeaking.com\/wp-content\/uploads\/2025\/02\/Jurors-at-work.jpg 907w, https:\/\/www.thesignspeaking.com\/wp-content\/uploads\/2025\/02\/Jurors-at-work-300x200.jpg 300w, https:\/\/www.thesignspeaking.com\/wp-content\/uploads\/2025\/02\/Jurors-at-work-768x512.jpg 768w, https:\/\/www.thesignspeaking.com\/wp-content\/uploads\/2025\/02\/Jurors-at-work-360x240.jpg 360w\" sizes=\"(max-width: 907px) 100vw, 907px\" \/><figcaption class=\"wp-element-caption\">Jurors at work<\/figcaption><\/figure><\/div>\n\n\n<p>Tutti i vincitori saranno premiati luned\u00ec 28 aprile 2025, in occasione della cerimonia di premiazione dell&#8217;iF DESIGN AWARD NIGHT al Friedrichstadt-Palast di Berlino.<\/p>\n\n\n<div class=\"wp-block-image\">\n<figure class=\"aligncenter size-full\"><img decoding=\"async\" width=\"907\" height=\"605\" src=\"https:\/\/www.thesignspeaking.com\/wp-content\/uploads\/2025\/02\/iF-Design-CEO-Uwe-Cremering.jpg\" alt=\"\" class=\"wp-image-17100\" srcset=\"https:\/\/www.thesignspeaking.com\/wp-content\/uploads\/2025\/02\/iF-Design-CEO-Uwe-Cremering.jpg 907w, https:\/\/www.thesignspeaking.com\/wp-content\/uploads\/2025\/02\/iF-Design-CEO-Uwe-Cremering-300x200.jpg 300w, https:\/\/www.thesignspeaking.com\/wp-content\/uploads\/2025\/02\/iF-Design-CEO-Uwe-Cremering-768x512.jpg 768w, https:\/\/www.thesignspeaking.com\/wp-content\/uploads\/2025\/02\/iF-Design-CEO-Uwe-Cremering-360x240.jpg 360w\" sizes=\"(max-width: 907px) 100vw, 907px\" \/><figcaption class=\"wp-element-caption\">iF Design CEO Uwe Cremering<\/figcaption><\/figure><\/div>\n\n\n<p>Uwe Cremering, CEO di iF Design, \u00e8 pi\u00f9 che soddisfatto di questa edizione del premio: \u201c<em>L&#8217;iF DESIGN AWARD 2025 riflette in modo impressionante gli attuali sviluppi nel mondo del design e le tendenze sociali: gli sviluppi nelle aree della sostenibilit\u00e0 e dell&#8217;intelligenza artificiale sono visibili in quasi tutte le discipline del design. Ringrazio in modo particolare i nostri giurati per l&#8217;impegno e la valutazione esperta di ogni singolo progetto. Vorrei anche sottolineare il lavoro dei nostri esperti di sostenibilit\u00e0, che hanno contribuito in modo significativo a integrare ancora di pi\u00f9 gli aspetti ambientali e sociali nei criteri di valutazione<\/em>\u201d.<\/p>\n\n\n<div class=\"wp-block-image\">\n<figure class=\"aligncenter size-full\"><img decoding=\"async\" width=\"907\" height=\"605\" src=\"https:\/\/www.thesignspeaking.com\/wp-content\/uploads\/2025\/02\/Jurors-at-work3.jpg\" alt=\"\" class=\"wp-image-17104\" srcset=\"https:\/\/www.thesignspeaking.com\/wp-content\/uploads\/2025\/02\/Jurors-at-work3.jpg 907w, https:\/\/www.thesignspeaking.com\/wp-content\/uploads\/2025\/02\/Jurors-at-work3-300x200.jpg 300w, https:\/\/www.thesignspeaking.com\/wp-content\/uploads\/2025\/02\/Jurors-at-work3-768x512.jpg 768w, https:\/\/www.thesignspeaking.com\/wp-content\/uploads\/2025\/02\/Jurors-at-work3-360x240.jpg 360w\" sizes=\"(max-width: 907px) 100vw, 907px\" \/><figcaption class=\"wp-element-caption\">iF Design Awards jurors at work<\/figcaption><\/figure><\/div>\n\n\n<p>All&#8217;iF DESIGN AWARD 2025 potevano partecipare prodotti, progetti e concetti in nove diverse discipline: Product, Communication, Packaging and Service Design, Architecture and Interior Design, User Experience (UX), User Interface (UI) e Professional Concept.<\/p>\n\n\n<div class=\"wp-block-image\">\n<figure class=\"aligncenter size-full\"><img decoding=\"async\" width=\"907\" height=\"605\" src=\"https:\/\/www.thesignspeaking.com\/wp-content\/uploads\/2025\/02\/Jurors-at-work-1.jpg\" alt=\"\" class=\"wp-image-17101\" srcset=\"https:\/\/www.thesignspeaking.com\/wp-content\/uploads\/2025\/02\/Jurors-at-work-1.jpg 907w, https:\/\/www.thesignspeaking.com\/wp-content\/uploads\/2025\/02\/Jurors-at-work-1-300x200.jpg 300w, https:\/\/www.thesignspeaking.com\/wp-content\/uploads\/2025\/02\/Jurors-at-work-1-768x512.jpg 768w, https:\/\/www.thesignspeaking.com\/wp-content\/uploads\/2025\/02\/Jurors-at-work-1-360x240.jpg 360w\" sizes=\"(max-width: 907px) 100vw, 907px\" \/><figcaption class=\"wp-element-caption\">Jury member Werner Aisslinger<\/figcaption><\/figure><\/div>\n\n\n<p><strong>Clicca qui per vedere i vincitori<\/strong> <strong>e la giuria al lavoro:<\/strong><\/p>\n\n\n\n<ul>\n<li><a href=\"https:\/\/ifdesign.com\/en\/winner-ranking\/winner-overview\/?awardId=2&#038;sort=random&#038;yearId=0\"><strong>All winners of the iF DESIGN AWARD 2025 at a glance<\/strong><\/a><br><\/li>\n\n\n\n<li><a href=\"https:\/\/www.youtube.com\/shorts\/X2kMHGfSIew\"><strong>Video: The iF Jury at work<\/strong><\/a><strong><\/strong><\/li>\n<\/ul>\n\n\n<div class=\"wp-block-image\">\n<figure class=\"aligncenter size-full\"><img decoding=\"async\" width=\"907\" height=\"605\" src=\"https:\/\/www.thesignspeaking.com\/wp-content\/uploads\/2025\/02\/All_jurors-1.jpg\" alt=\"\" class=\"wp-image-17108\" srcset=\"https:\/\/www.thesignspeaking.com\/wp-content\/uploads\/2025\/02\/All_jurors-1.jpg 907w, https:\/\/www.thesignspeaking.com\/wp-content\/uploads\/2025\/02\/All_jurors-1-300x200.jpg 300w, https:\/\/www.thesignspeaking.com\/wp-content\/uploads\/2025\/02\/All_jurors-1-768x512.jpg 768w, https:\/\/www.thesignspeaking.com\/wp-content\/uploads\/2025\/02\/All_jurors-1-360x240.jpg 360w\" sizes=\"(max-width: 907px) 100vw, 907px\" \/><\/figure><\/div>\n\n\n<p><\/p>\n\n\n\n<h2 class=\"wp-block-heading\"><strong>The iF DESIGN AWARD 2025 in numbers:<\/strong><\/h2>\n\n\n\n<ul>\n<li>quasi 11.000 candidature da 66 nazioni<\/li>\n\n\n\n<li>131 giurati da 23 Paesi<\/li>\n\n\n\n<li>9 discipline \/ 82 categorie<\/li>\n\n\n\n<li>2.211 vincitori da 50 Paesi<\/li>\n\n\n\n<li>75 iF DESIGN AWARD 2025 Gold<\/li>\n\n\n\n<li>28 aprile, Berlino: iF DESIGN AWARD NIGHT 2025<\/li>\n\n\n\n<li>29 april, Berlino: iF Design Trend Conference 2025<\/li>\n<\/ul>\n\n\n\n<p><\/p>\n\n\n\n<h2 class=\"wp-block-heading\"><strong><strong>Le opinioni dei presidenti della giuria iF sulle tendenze e sugli sviluppi del design:<\/strong><\/strong><\/h2>\n\n\n\n<p><strong>Lisa Gralnek<\/strong> (responsabile globale sostenibilit\u00e0 e impatto di iF Design)<\/p>\n\n\n\n<p>\u201c<em>Quando guardo tutte queste candidature, vedo una cosa molto chiara: iF Design e l&#8217;industria del design sono sulla buona strada quando si tratta di sostenibilit\u00e0. Stiamo assistendo a progressi e quest&#8217;anno abbiamo fatto un passo importante nella giusta direzione. Per noi il design sostenibile comprende aspetti sociali e ambientali. Quasi ogni Paese ha le proprie regole e definizioni in materia di design sostenibile. Qui cerchiamo di chiudere un cerchio tra la durata per tutta la vita di un prodotto e la riparabilit\u00e0. Tuttavia, il nostro motto \u00e8: noi facciamo lavori per premiare il bene, non per punire il male<\/em>\u201d.<br>&nbsp;<\/p>\n\n\n\n<p><strong>Lidan Liu<\/strong> (Hoto) Cina<\/p>\n\n\n\n<p>\u201c<em>\u00c8 impressionante vedere come l&#8217;IA abbia introdotto numerose nuove opportunit\u00e0 per i prodotti. In aree in cui i prodotti stavano diventando pi\u00f9 omogenei, l&#8217;arrivo della tecnologia AI sta creando nuove opportunit\u00e0 e innovazioni. Anche se molti prodotti appaiono ancora nelle fasi iniziali, essi daranno vita a un&#8217;esperienza di design completamente diversa<\/em>\u201d.<br><br><br><strong>Friederike Faller<\/strong> (Holscher Design) Danimarca<br><br>\u201c<em>Credo che il termine sostenibilit\u00e0 sia ora utilizzato in modo pi\u00f9 differenziato nel campo del design. Molti prodotti contengono ancora materiali non appropriati. C&#8217;\u00e8 ancora un grande bisogno di formazione da parte dei designer e delle aziende in materia di sostenibilit\u00e0. \u00c8 positivo che iF Design stia richiamando sempre pi\u00f9 l&#8217;attenzione su questo tema, contribuendo in modo massiccio alla sensibilizzazione. Anche la qualit\u00e0 di molti dei prodotti che vediamo qui nella giuria finale \u00e8 migliorata di conseguenza. Nel complesso, lo sviluppo sta andando nella giusta direzione<\/em>\u201d.<br><br><\/p>\n\n\n\n<p><strong>Andy Payne<\/strong> (Interbrand) Regno Unito<\/p>\n\n\n\n<p>\u201c<em>L&#8217;uso dell&#8217;IA sta crescendo in modo esponenziale. Anche la diversit\u00e0 delle aree di applicazione sta aumentando. I vantaggi diventano ogni giorno pi\u00f9 grandi. Nell&#8217;utilizzo dell&#8217;IA facciamo ora una distinzione tra piattaforme sociali e piattaforme di propriet\u00e0. Le piattaforme social possono essere utilizzate da tutti. Le piattaforme di propriet\u00e0 di aziende e marchi sono solo per uso interno, addestrate con i dati propri dell&#8217;azienda. Le aziende stanno cominciando a darsi da fare da sole. Lo dimostrano in modo impressionante i progetti presenti nella giuria finale. Sanno che devono farlo in questo modo e usarlo in questo modo. Altrimenti saranno lasciate indietro dai loro concorrenti<\/em>\u201c.<br><br><\/p>\n\n\n\n<p><strong>Achim Nagel<\/strong> (PRIMUS developments GmbH) Germania<\/p>\n\n\n\n<p>\u201c<em>Abbiamo superato di gran lunga l&#8217;idea di trattare la sostenibilit\u00e0 solo come un&#8217;etichetta.<\/em> <em>I progetti hanno una sostenibilit\u00e0 eccezionale. Sono una sintesi di requisiti, di aspetti sociali e aziendali. Con il nostro lavoro qui, stiamo riconoscendo i progetti leader a livello mondiale nel campo dell&#8217;architettura, per i quali la sostenibilit\u00e0 \u00e8 una questione ovvia. Ci occupiamo del concetto olistico di sostenibilit\u00e0 su base artistica e tecnica<\/em>\u201d.<\/p>\n\n\n\n<h2 class=\"wp-block-heading\">Put it on the agenda!<\/h2>\n\n\n\n<p><strong>28 aprile: iF DESIGN AWARD NIGHT 2025, Friedrichstadt-Palast<\/strong><\/p>\n\n\n\n<p>Tutti i vincitori dell&#8217;iF DESIGN AWARD 2025 saranno celebrati durante l&#8217;elegante cerimonia di premiazione con 2.000 ospiti il 28 aprile a Berlino. Tutti i 75 vincitori dell&#8217;iF DESIGN AWARD 2025 riceveranno l&#8217;ambita scultura d&#8217;oro dal CEO di iF Design Uwe Cremering sul grande palco del Friedrichstadt-Palast.<\/p>\n\n\n\n<p><\/p>\n\n\n\n<p><strong>29 aprile: iF Design Trend Conference 2025, AXICA<\/strong><\/p>\n\n\n\n<p>\u201cCome pu\u00f2 il design contribuire alla trasformazione verso un futuro degno di essere vissuto?\u201d \u00e8 il motto della seconda iF Design Trend Conference. Il 29 aprile, un giorno dopo la cerimonia di premiazione, la iF Design Trend Conference si terr\u00e0 nello spettacolare edificio AXICA presso la Porta di Brandeburgo. La conferenza \u00e8 un evento per designer ed esperti del settore per scambiare idee e informazioni sulle tendenze globali e interdisciplinari del design e sul loro significato per il futuro. Esperti internazionali di design interverranno su questo tema. Tutti i partecipanti alla conferenza riceveranno inoltre l&#8217;iF Design Trend Report 2025.<\/p>\n\n\n\n<p><\/p>\n\n\n\n<h2 class=\"wp-block-heading\"><strong>About the iF DESIGN AWARD<\/strong><\/h2>\n\n\n\n<p>Dal 1954, l&#8217;iF DESIGN AWARD, uno dei pi\u00f9 importanti premi di design al mondo, \u00e8 riconosciuto a livello internazionale per quanto riguarda l&#8217;eccellenza del design. Viene riconosciuto come marchio ed \u00e8 simbolo di risultati eccellenti nel campo del design. Premia i risultati del design in tutte le discipline: design di prodotti, imballaggi, comunicazione e servizi, architettura e interior design, nonch\u00e9 interfaccia utente (UI), esperienza utente (UX) e concetti professionali. Tutti i lavori premiati sono presentati su <a href=\"https:\/\/ifdesign.com\/en\/\">ifdesign.com<\/a>.<\/p>\n<\/span>","protected":false},"excerpt":{"rendered":"<p>Un&#8217;edizione record per l&#8217;iF DESIGN AWARD: quasi 11.000 candidature da 66 nazioni, una giuria internazionale di 131 esperti e un forte focus su sostenibilit\u00e0 e intelligenza artificiale La fase finale di valutazione dell&#8217;iF DESIGN AWARD 2025 da parte della giuria \u00e8 durata tre giorni e si \u00e8 svolta allo Schuppen 52 di Amburgo, con un [&hellip;]<\/p>\n","protected":false},"author":4,"featured_media":17105,"comment_status":"open","ping_status":"open","sticky":false,"template":"","format":"standard","meta":[],"categories":[11],"tags":[870,233,27,908,94],"_links":{"self":[{"href":"https:\/\/www.thesignspeaking.com\/it\/wp-json\/wp\/v2\/posts\/17098"}],"collection":[{"href":"https:\/\/www.thesignspeaking.com\/it\/wp-json\/wp\/v2\/posts"}],"about":[{"href":"https:\/\/www.thesignspeaking.com\/it\/wp-json\/wp\/v2\/types\/post"}],"author":[{"embeddable":true,"href":"https:\/\/www.thesignspeaking.com\/it\/wp-json\/wp\/v2\/users\/4"}],"replies":[{"embeddable":true,"href":"https:\/\/www.thesignspeaking.com\/it\/wp-json\/wp\/v2\/comments?post=17098"}],"version-history":[{"count":11,"href":"https:\/\/www.thesignspeaking.com\/it\/wp-json\/wp\/v2\/posts\/17098\/revisions"}],"predecessor-version":[{"id":17168,"href":"https:\/\/www.thesignspeaking.com\/it\/wp-json\/wp\/v2\/posts\/17098\/revisions\/17168"}],"wp:featuredmedia":[{"embeddable":true,"href":"https:\/\/www.thesignspeaking.com\/it\/wp-json\/wp\/v2\/media\/17105"}],"wp:attachment":[{"href":"https:\/\/www.thesignspeaking.com\/it\/wp-json\/wp\/v2\/media?parent=17098"}],"wp:term":[{"taxonomy":"category","embeddable":true,"href":"https:\/\/www.thesignspeaking.com\/it\/wp-json\/wp\/v2\/categories?post=17098"},{"taxonomy":"post_tag","embeddable":true,"href":"https:\/\/www.thesignspeaking.com\/it\/wp-json\/wp\/v2\/tags?post=17098"}],"curies":[{"name":"wp","href":"https:\/\/api.w.org\/{rel}","templated":true}]}}