{"id":17121,"date":"2025-02-27T16:31:02","date_gmt":"2025-02-27T15:31:02","guid":{"rendered":"https:\/\/www.thesignspeaking.com\/?p=17121"},"modified":"2025-02-27T16:56:31","modified_gmt":"2025-02-27T15:56:31","slug":"uprooted","status":"publish","type":"post","link":"https:\/\/www.thesignspeaking.com\/it\/uprooted\/","title":{"rendered":"Uprooted by Jorge Penad\u00e9s"},"content":{"rendered":"<span class=\"cb-itemprop\" itemprop=\"reviewBody\">\n<h2 class=\"wp-block-heading\">Dall&#8217;8 al 22 febbraio 2025, durante il Madrid Design Festival, una mostra ha messo in luce le riflessioni del designer andaluso sull&#8217;industria dell&#8217;olio d&#8217;oliva in Spagna<\/h2>\n\n\n\n<p>Dall&#8217;8 al 22 febbraio 2025, presso Espacio Gaviota durante il Madrid Design Festival, il designer <a href=\"https:\/\/penades.xyz\/\">Jorge Penad\u00e9s<\/a> ha presentato la mostra Uprooted, una sua personale riflessione sull&#8217;industria dell&#8217;olio d&#8217;oliva in Spagna.<\/p>\n\n\n\n<p>Curata da <a href=\"https:\/\/www.instagram.com\/seetalsolanki\/\">Seetal Solanki<\/a>, l\u2019esposizione si \u00e8 sviluppata in tre fasi distinte. La prima, che si \u00e8 svolta tra il 2015 e il 2024 attraverso diverse tappe, si \u00e8 concentrata su una ricerca approfondita sui sistemi di produzione dell&#8217;olio d&#8217;oliva in Andalusia, terra natale di Penad\u00e9s e il pi\u00f9 grande produttore mondiale di olio d&#8217;oliva, responsabile di oltre il 20-25% della produzione globale e dell&#8217;80% di quella spagnola.<\/p>\n\n\n<div class=\"wp-block-image\">\n<figure class=\"aligncenter size-large\"><img decoding=\"async\" width=\"1024\" height=\"683\" src=\"https:\/\/www.thesignspeaking.com\/wp-content\/uploads\/2025\/02\/7d6e47ca-ba2d-d4ba-d21d-8fe247652076-1024x683.jpg\" alt=\"\" class=\"wp-image-17122\" srcset=\"https:\/\/www.thesignspeaking.com\/wp-content\/uploads\/2025\/02\/7d6e47ca-ba2d-d4ba-d21d-8fe247652076-1024x683.jpg 1024w, https:\/\/www.thesignspeaking.com\/wp-content\/uploads\/2025\/02\/7d6e47ca-ba2d-d4ba-d21d-8fe247652076-300x200.jpg 300w, https:\/\/www.thesignspeaking.com\/wp-content\/uploads\/2025\/02\/7d6e47ca-ba2d-d4ba-d21d-8fe247652076-768x512.jpg 768w, https:\/\/www.thesignspeaking.com\/wp-content\/uploads\/2025\/02\/7d6e47ca-ba2d-d4ba-d21d-8fe247652076-1536x1024.jpg 1536w, https:\/\/www.thesignspeaking.com\/wp-content\/uploads\/2025\/02\/7d6e47ca-ba2d-d4ba-d21d-8fe247652076-360x240.jpg 360w, https:\/\/www.thesignspeaking.com\/wp-content\/uploads\/2025\/02\/7d6e47ca-ba2d-d4ba-d21d-8fe247652076.jpg 1932w\" sizes=\"(max-width: 1024px) 100vw, 1024px\" \/><\/figure><\/div>\n\n\n<p>La prima parte della mostra ha messo in luce l\u2019estrema industrializzazione della natura, in particolare il passaggio dalla raccolta manuale tradizionale delle olive ai metodi super-intensivi. Questo processo \u00e8 stato documentato dal fotografo di architettura con sede a Berlino, <a href=\"https:\/\/maxcreasy.com\/\">Max Creasy<\/a>, durante un viaggio di ricerca a Ja\u00e9n, C\u00f3rdoba e Granada, nel settembre 2024.<\/p>\n\n\n<div class=\"wp-block-image\">\n<figure class=\"aligncenter size-large\"><img decoding=\"async\" width=\"1024\" height=\"1024\" src=\"https:\/\/www.thesignspeaking.com\/wp-content\/uploads\/2025\/02\/Collage_Jorge-Penades-1024x1024.jpg\" alt=\"\" class=\"wp-image-17126\" srcset=\"https:\/\/www.thesignspeaking.com\/wp-content\/uploads\/2025\/02\/Collage_Jorge-Penades-1024x1024.jpg 1024w, https:\/\/www.thesignspeaking.com\/wp-content\/uploads\/2025\/02\/Collage_Jorge-Penades-300x300.jpg 300w, https:\/\/www.thesignspeaking.com\/wp-content\/uploads\/2025\/02\/Collage_Jorge-Penades-150x150.jpg 150w, https:\/\/www.thesignspeaking.com\/wp-content\/uploads\/2025\/02\/Collage_Jorge-Penades-768x768.jpg 768w, https:\/\/www.thesignspeaking.com\/wp-content\/uploads\/2025\/02\/Collage_Jorge-Penades-125x125.jpg 125w, https:\/\/www.thesignspeaking.com\/wp-content\/uploads\/2025\/02\/Collage_Jorge-Penades.jpg 1383w\" sizes=\"(max-width: 1024px) 100vw, 1024px\" \/><\/figure><\/div>\n\n\n<p>La seconda fase si \u00e8 concentrata su esperimenti fisici con le radici degli ulivi, per comprenderne il potenziale, visto che questa parte dell&#8217;albero viene solitamente scartata. <\/p>\n\n\n<div class=\"wp-block-image\">\n<figure class=\"aligncenter size-large\"><img decoding=\"async\" width=\"1024\" height=\"1024\" src=\"https:\/\/www.thesignspeaking.com\/wp-content\/uploads\/2025\/02\/Collage_trees-1024x1024.jpg\" alt=\"\" class=\"wp-image-17127\" srcset=\"https:\/\/www.thesignspeaking.com\/wp-content\/uploads\/2025\/02\/Collage_trees-1024x1024.jpg 1024w, https:\/\/www.thesignspeaking.com\/wp-content\/uploads\/2025\/02\/Collage_trees-300x300.jpg 300w, https:\/\/www.thesignspeaking.com\/wp-content\/uploads\/2025\/02\/Collage_trees-150x150.jpg 150w, https:\/\/www.thesignspeaking.com\/wp-content\/uploads\/2025\/02\/Collage_trees-768x768.jpg 768w, https:\/\/www.thesignspeaking.com\/wp-content\/uploads\/2025\/02\/Collage_trees-125x125.jpg 125w, https:\/\/www.thesignspeaking.com\/wp-content\/uploads\/2025\/02\/Collage_trees.jpg 1100w\" sizes=\"(max-width: 1024px) 100vw, 1024px\" \/><\/figure><\/div>\n\n\n<p>Durante questo periodo, Penad\u00e9s si \u00e8 confrontato con diverse sfide tecniche dovute alla crescita imprevedibile delle radici: a differenza dei tronchi, che crescono in direzione lineare alla ricerca della luce solare, le radici si sviluppano in tutte le direzioni alla ricerca di acqua e nutrienti, rendendo quasi impossibile prevedere il comportamento delle venature del legno. Di conseguenza, le radici vengono spesso tagliate con la motosega e vendute come legna da ardere al prezzo di 0,10\u20ac\/kg.<\/p>\n\n\n<div class=\"wp-block-image\">\n<figure class=\"aligncenter size-large\"><img decoding=\"async\" width=\"1024\" height=\"1024\" src=\"https:\/\/www.thesignspeaking.com\/wp-content\/uploads\/2025\/02\/Collage_chair-1024x1024.jpg\" alt=\"\" class=\"wp-image-17124\" srcset=\"https:\/\/www.thesignspeaking.com\/wp-content\/uploads\/2025\/02\/Collage_chair-1024x1024.jpg 1024w, https:\/\/www.thesignspeaking.com\/wp-content\/uploads\/2025\/02\/Collage_chair-300x300.jpg 300w, https:\/\/www.thesignspeaking.com\/wp-content\/uploads\/2025\/02\/Collage_chair-150x150.jpg 150w, https:\/\/www.thesignspeaking.com\/wp-content\/uploads\/2025\/02\/Collage_chair-768x768.jpg 768w, https:\/\/www.thesignspeaking.com\/wp-content\/uploads\/2025\/02\/Collage_chair-125x125.jpg 125w, https:\/\/www.thesignspeaking.com\/wp-content\/uploads\/2025\/02\/Collage_chair.jpg 1383w\" sizes=\"(max-width: 1024px) 100vw, 1024px\" \/><\/figure><\/div>\n\n\n<p>La terza fase della mostra consiste in una collezione di mobili che riflette il continuo processo di sperimentazione e prototipazione. Per l\u2019esposizione, Penad\u00e9s ha realizzato una libreria, un tavolino da caff\u00e8, due sedie, una lampada da parete, due tavolini laterali e due mensole, sottolineando il tema centrale della mostra: una ridefinizione del modo in cui controlliamo l\u2019ambiente.<\/p>\n\n\n<div class=\"wp-block-image\">\n<figure class=\"aligncenter size-large\"><img decoding=\"async\" width=\"1024\" height=\"1024\" src=\"https:\/\/www.thesignspeaking.com\/wp-content\/uploads\/2025\/02\/Collage_Fotor-1024x1024.jpg\" alt=\"\" class=\"wp-image-17125\" srcset=\"https:\/\/www.thesignspeaking.com\/wp-content\/uploads\/2025\/02\/Collage_Fotor-1024x1024.jpg 1024w, https:\/\/www.thesignspeaking.com\/wp-content\/uploads\/2025\/02\/Collage_Fotor-300x300.jpg 300w, https:\/\/www.thesignspeaking.com\/wp-content\/uploads\/2025\/02\/Collage_Fotor-150x150.jpg 150w, https:\/\/www.thesignspeaking.com\/wp-content\/uploads\/2025\/02\/Collage_Fotor-768x768.jpg 768w, https:\/\/www.thesignspeaking.com\/wp-content\/uploads\/2025\/02\/Collage_Fotor-125x125.jpg 125w, https:\/\/www.thesignspeaking.com\/wp-content\/uploads\/2025\/02\/Collage_Fotor.jpg 1383w\" sizes=\"(max-width: 1024px) 100vw, 1024px\" \/><\/figure><\/div>\n\n\n<p>Nato a M\u00e1laga nel 1985, Jorge Penad\u00e9s \u00e8 un progettista guidato dalla ricerca, impegnato nell\u2019esplorazione di nuove possibilit\u00e0 per l\u2019ambiente costruito. Profondamente radicato nel paesaggio mediterraneo, il suo studio si occupa di oggetti, spazi ed ecologie. Spesso inventando nuovi materiali e tecniche, la sua principale ambizione \u00e8 sviluppare lavori che finora non \u00e8 stato possibile realizzare.<\/p>\n\n\n\n<p>Tra i suoi progetti recenti figurano il negozio Camper accanto al Centre Pompidou di Parigi (2023); la mostra <em>The Final (Group) Show<\/em>, co-curata con Matylda Krzykowski a Dropcity, Milano (2023); una collezione di mobili in edizione limitata per Berluti, LVMH (2021); una collezione di vasi per il produttore spagnolo BD Barcelona (2019); e una sedia in vetro per la galleria The Future Perfect di New York (2019).<\/p>\n\n\n\n<p>Jorge ha tenuto conferenze presso importanti istituzioni culturali \u2013 tra cui il Victoria &#038; Albert Museum \u2013 e il suo lavoro ha ottenuto un ampio riconoscimento internazionale sotto forma di premi di design e copertura mediatica. <em>T \/ The New York Times Style Magazine<\/em> lo ha inserito tra le 16 migliori \u201ccose\u201d da vedere durante la Milano Design Week 2017. Il suo progetto <em>Structural Skin<\/em> fa parte della collezione permanente del Vitra Design Museum.<\/p>\n<\/span>","protected":false},"excerpt":{"rendered":"<p>Dall&#8217;8 al 22 febbraio 2025, durante il Madrid Design Festival, una mostra ha messo in luce le riflessioni del designer andaluso sull&#8217;industria dell&#8217;olio d&#8217;oliva in Spagna Dall&#8217;8 al 22 febbraio 2025, presso Espacio Gaviota durante il Madrid Design Festival, il designer Jorge Penad\u00e9s ha presentato la mostra Uprooted, una sua personale riflessione sull&#8217;industria dell&#8217;olio d&#8217;oliva [&hellip;]<\/p>\n","protected":false},"author":4,"featured_media":17122,"comment_status":"open","ping_status":"open","sticky":false,"template":"","format":"standard","meta":[],"categories":[7],"tags":[27,207,215,2191,640,353],"_links":{"self":[{"href":"https:\/\/www.thesignspeaking.com\/it\/wp-json\/wp\/v2\/posts\/17121"}],"collection":[{"href":"https:\/\/www.thesignspeaking.com\/it\/wp-json\/wp\/v2\/posts"}],"about":[{"href":"https:\/\/www.thesignspeaking.com\/it\/wp-json\/wp\/v2\/types\/post"}],"author":[{"embeddable":true,"href":"https:\/\/www.thesignspeaking.com\/it\/wp-json\/wp\/v2\/users\/4"}],"replies":[{"embeddable":true,"href":"https:\/\/www.thesignspeaking.com\/it\/wp-json\/wp\/v2\/comments?post=17121"}],"version-history":[{"count":4,"href":"https:\/\/www.thesignspeaking.com\/it\/wp-json\/wp\/v2\/posts\/17121\/revisions"}],"predecessor-version":[{"id":17136,"href":"https:\/\/www.thesignspeaking.com\/it\/wp-json\/wp\/v2\/posts\/17121\/revisions\/17136"}],"wp:featuredmedia":[{"embeddable":true,"href":"https:\/\/www.thesignspeaking.com\/it\/wp-json\/wp\/v2\/media\/17122"}],"wp:attachment":[{"href":"https:\/\/www.thesignspeaking.com\/it\/wp-json\/wp\/v2\/media?parent=17121"}],"wp:term":[{"taxonomy":"category","embeddable":true,"href":"https:\/\/www.thesignspeaking.com\/it\/wp-json\/wp\/v2\/categories?post=17121"},{"taxonomy":"post_tag","embeddable":true,"href":"https:\/\/www.thesignspeaking.com\/it\/wp-json\/wp\/v2\/tags?post=17121"}],"curies":[{"name":"wp","href":"https:\/\/api.w.org\/{rel}","templated":true}]}}