{"id":17137,"date":"2025-03-02T14:52:22","date_gmt":"2025-03-02T13:52:22","guid":{"rendered":"https:\/\/www.thesignspeaking.com\/?p=17137"},"modified":"2025-03-02T21:06:47","modified_gmt":"2025-03-02T20:06:47","slug":"enfur-play-human-and-animal-bodies-at-play","status":"publish","type":"post","link":"https:\/\/www.thesignspeaking.com\/it\/enfur-play-human-and-animal-bodies-at-play\/","title":{"rendered":"FUR-PLAY, CORPI UMANI ED ANIMALI IN GIOCO"},"content":{"rendered":"<span class=\"cb-itemprop\" itemprop=\"reviewBody\">\n<h2 class=\"wp-block-heading\"><strong>La riflessione di Alessandro Turci sul ritorno delle pellicce sulle passerelle autunno\/inverno 2025-26<\/strong><\/h2>\n\n\n\n<p>\u00c8 veramente impressionante quanto la Moda o per meglio dire il business della moda, riesca a contraddirsi, smentendo scelte che pensavamo giuste per una pi\u00f9 sana considerazione della Natura, uomo incluso.<\/p>\n\n\n<div class=\"wp-block-image\">\n<figure class=\"aligncenter size-large\"><img decoding=\"async\" width=\"1024\" height=\"1024\" src=\"https:\/\/www.thesignspeaking.com\/wp-content\/uploads\/2025\/03\/Collage_Fendi-1024x1024.jpg\" alt=\"\" class=\"wp-image-17149\" srcset=\"https:\/\/www.thesignspeaking.com\/wp-content\/uploads\/2025\/03\/Collage_Fendi-1024x1024.jpg 1024w, https:\/\/www.thesignspeaking.com\/wp-content\/uploads\/2025\/03\/Collage_Fendi-300x300.jpg 300w, https:\/\/www.thesignspeaking.com\/wp-content\/uploads\/2025\/03\/Collage_Fendi-150x150.jpg 150w, https:\/\/www.thesignspeaking.com\/wp-content\/uploads\/2025\/03\/Collage_Fendi-768x768.jpg 768w, https:\/\/www.thesignspeaking.com\/wp-content\/uploads\/2025\/03\/Collage_Fendi-125x125.jpg 125w, https:\/\/www.thesignspeaking.com\/wp-content\/uploads\/2025\/03\/Collage_Fendi.jpg 1383w\" sizes=\"(max-width: 1024px) 100vw, 1024px\" \/><figcaption class=\"wp-element-caption\">Fendi<\/figcaption><\/figure><\/div>\n\n\n<p>Pelliccia no grazie, tutela ambientale, inclusivit\u00e0, body consciousness, magrezze diseducative. Tutto scordato. Addirittura ritorna emblematica la pelliccia di Persiano (Swakara o Karakul) anche nella versione pregiata dal pelo cos\u00ec setoso, perch\u00e9 di agnello prelevato col cesareo prima della nascita. Visoni e volpi allevati in gabbie e uccisi con scariche elettriche (elettrodi, uno in bocca e uno nell\u2019ano).<\/p>\n\n\n<div class=\"wp-block-image\">\n<figure class=\"aligncenter size-large\"><img decoding=\"async\" width=\"683\" height=\"1024\" src=\"https:\/\/www.thesignspeaking.com\/wp-content\/uploads\/2025\/03\/Armani-683x1024.jpeg\" alt=\"\" class=\"wp-image-17143\" srcset=\"https:\/\/www.thesignspeaking.com\/wp-content\/uploads\/2025\/03\/Armani-683x1024.jpeg 683w, https:\/\/www.thesignspeaking.com\/wp-content\/uploads\/2025\/03\/Armani-200x300.jpeg 200w, https:\/\/www.thesignspeaking.com\/wp-content\/uploads\/2025\/03\/Armani-768x1152.jpeg 768w, https:\/\/www.thesignspeaking.com\/wp-content\/uploads\/2025\/03\/Armani.jpeg 1000w\" sizes=\"(max-width: 683px) 100vw, 683px\" \/><figcaption class=\"wp-element-caption\">Armani<\/figcaption><\/figure><\/div>\n\n\n<p>Il desiderio di vincere la lotta con la bestia e sottrarle il suo manto \u00e8 una perversione atavica che purtroppo si perpetra anche con le eco pellicce (petrolio puro in forma di pelo), che non aumenta la responsabilit\u00e0 riguardo alla Natura, ma ne crea un diversivo plausibile.<\/p>\n\n\n<div class=\"wp-block-image\">\n<figure class=\"aligncenter size-large\"><img decoding=\"async\" width=\"683\" height=\"1024\" src=\"https:\/\/www.thesignspeaking.com\/wp-content\/uploads\/2025\/03\/Diesel-1-683x1024.jpeg\" alt=\"\" class=\"wp-image-17148\" srcset=\"https:\/\/www.thesignspeaking.com\/wp-content\/uploads\/2025\/03\/Diesel-1-683x1024.jpeg 683w, https:\/\/www.thesignspeaking.com\/wp-content\/uploads\/2025\/03\/Diesel-1-200x300.jpeg 200w, https:\/\/www.thesignspeaking.com\/wp-content\/uploads\/2025\/03\/Diesel-1-768x1152.jpeg 768w, https:\/\/www.thesignspeaking.com\/wp-content\/uploads\/2025\/03\/Diesel-1-1024x1536.jpeg 1024w, https:\/\/www.thesignspeaking.com\/wp-content\/uploads\/2025\/03\/Diesel-1.jpeg 1365w\" sizes=\"(max-width: 683px) 100vw, 683px\" \/><figcaption class=\"wp-element-caption\">Diesel<\/figcaption><\/figure><\/div>\n\n\n<p>Tornano corpi magrissimi, quasi patiti, emaciati e spariscono quelle forme \u201ccurve\u201d che, appena poche stagioni fa, erano state la conquista di un femminile possibile. Insomma, il post Covid (se vogliamo dare un termine al ripensamento su ci\u00f2 che veramente conta) vede un peggioramento nello stile di vita e nei valori che dovrebbero supportare una visione equa e serena tra Natura e Cultura.<\/p>\n\n\n<div class=\"wp-block-image\">\n<figure class=\"aligncenter size-large\"><img decoding=\"async\" width=\"683\" height=\"1024\" src=\"https:\/\/www.thesignspeaking.com\/wp-content\/uploads\/2025\/03\/Blumarine-683x1024.jpeg\" alt=\"\" class=\"wp-image-17141\" srcset=\"https:\/\/www.thesignspeaking.com\/wp-content\/uploads\/2025\/03\/Blumarine-683x1024.jpeg 683w, https:\/\/www.thesignspeaking.com\/wp-content\/uploads\/2025\/03\/Blumarine-200x300.jpeg 200w, https:\/\/www.thesignspeaking.com\/wp-content\/uploads\/2025\/03\/Blumarine-768x1152.jpeg 768w, https:\/\/www.thesignspeaking.com\/wp-content\/uploads\/2025\/03\/Blumarine-1024x1536.jpeg 1024w, https:\/\/www.thesignspeaking.com\/wp-content\/uploads\/2025\/03\/Blumarine.jpeg 1365w\" sizes=\"(max-width: 683px) 100vw, 683px\" \/><figcaption class=\"wp-element-caption\">Blumarine<\/figcaption><\/figure><\/div>\n\n\n<p>Poco importa se le giovanissime rispolverano la pelliccia vintage della nonna (o dei mercatini dell\u2019usato), senza la minima consapevolezza di quel che vestono, giocando a signorine bene borghesi e sempre insoddisfatte. La mentalit\u00e0 peggiora ad uso di consumi non etici n\u00e9 sostenibili. Pare infatti che nemmeno nei commenti degli esperti e critici del fashion design compaiano osservazioni a riguardo, come se tutto il rispetto che auspicavamo in netta ripresa stesse soccombendo alla ragion di mercato. <\/p>\n\n\n\n<p>Ci\u00f2 che \u00e8 bello \u00e8 anche buono se si vende. Abiti e corpi, umani o animali non fa distinzione, hanno la stessa destinazione, essere merce. Non chiediamo dunque alla Moda quella dignit\u00e0 che non pu\u00f2 pi\u00f9 garantire. Dall\u2019educazione scolastica alle passerelle si vuole creare solo business, concentrando l\u2019attenzione su quel che serve a far spendere e consumare.<\/p>\n\n\n<div class=\"wp-block-image\">\n<figure class=\"aligncenter size-large\"><img decoding=\"async\" width=\"682\" height=\"1024\" src=\"https:\/\/www.thesignspeaking.com\/wp-content\/uploads\/2025\/03\/gucci-682x1024.jpeg\" alt=\"\" class=\"wp-image-17140\" srcset=\"https:\/\/www.thesignspeaking.com\/wp-content\/uploads\/2025\/03\/gucci-682x1024.jpeg 682w, https:\/\/www.thesignspeaking.com\/wp-content\/uploads\/2025\/03\/gucci-200x300.jpeg 200w, https:\/\/www.thesignspeaking.com\/wp-content\/uploads\/2025\/03\/gucci-768x1153.jpeg 768w, https:\/\/www.thesignspeaking.com\/wp-content\/uploads\/2025\/03\/gucci-1023x1536.jpeg 1023w, https:\/\/www.thesignspeaking.com\/wp-content\/uploads\/2025\/03\/gucci.jpeg 1066w\" sizes=\"(max-width: 682px) 100vw, 682px\" \/><figcaption class=\"wp-element-caption\">Gucci<\/figcaption><\/figure><\/div>\n\n\n<p>E la creativit\u00e0? Quella che faceva da contrappeso al potere generando sacche di resistenza ribelli e libere? Quella che non aveva timore di far nascere nuovi linguaggi? Ora \u00e8 asservita ai fatturati in crescita a doppia cifra, alle analisi di mercato, che non distinguono logiche diverse ma accomunano ogni cosa per convenienza.<\/p>\n\n\n<div class=\"wp-block-image\">\n<figure class=\"aligncenter size-large\"><img decoding=\"async\" width=\"683\" height=\"1024\" src=\"https:\/\/www.thesignspeaking.com\/wp-content\/uploads\/2025\/03\/Prada-683x1024.jpeg\" alt=\"\" class=\"wp-image-17144\" srcset=\"https:\/\/www.thesignspeaking.com\/wp-content\/uploads\/2025\/03\/Prada-683x1024.jpeg 683w, https:\/\/www.thesignspeaking.com\/wp-content\/uploads\/2025\/03\/Prada-200x300.jpeg 200w, https:\/\/www.thesignspeaking.com\/wp-content\/uploads\/2025\/03\/Prada-768x1152.jpeg 768w, https:\/\/www.thesignspeaking.com\/wp-content\/uploads\/2025\/03\/Prada-1024x1536.jpeg 1024w, https:\/\/www.thesignspeaking.com\/wp-content\/uploads\/2025\/03\/Prada.jpeg 1365w\" sizes=\"(max-width: 683px) 100vw, 683px\" \/><figcaption class=\"wp-element-caption\">Prada<\/figcaption><\/figure><\/div>\n\n\n<p>Non per ultima una considerazione \u00e8 necessaria sui cambiamenti climatici, sul surriscaldamento globale. Nelle nostre citt\u00e0 non nevica pi\u00f9 da anni, le stagioni fredde si limitano a poche settimane e dunque a che pro tutte queste coperture eccessive? Ricordiamo che storicamente i repentini sconvolgimenti naturali come eruzioni e terremoti hanno causato grandi mutazioni sia nella Natura che nella Cultura. <\/p>\n\n\n\n<p>Quello che sta avvenendo oggi \u00e8 significativo anche sotto questa prospettiva. Il potere nega il problema climatico: Trump ha smantellato ad esempio la NOAA, l\u2019Agenzia federale che si occupa del monitoraggio di mari e oceani, lasciandoci un futuro assai precario e nebuloso senza il dovuto controllo.<\/p>\n\n\n<div class=\"wp-block-image\">\n<figure class=\"aligncenter size-large\"><img decoding=\"async\" width=\"683\" height=\"1024\" src=\"https:\/\/www.thesignspeaking.com\/wp-content\/uploads\/2025\/03\/Dsquared-683x1024.jpeg\" alt=\"\" class=\"wp-image-17142\" srcset=\"https:\/\/www.thesignspeaking.com\/wp-content\/uploads\/2025\/03\/Dsquared-683x1024.jpeg 683w, https:\/\/www.thesignspeaking.com\/wp-content\/uploads\/2025\/03\/Dsquared-200x300.jpeg 200w, https:\/\/www.thesignspeaking.com\/wp-content\/uploads\/2025\/03\/Dsquared-768x1152.jpeg 768w, https:\/\/www.thesignspeaking.com\/wp-content\/uploads\/2025\/03\/Dsquared-1024x1536.jpeg 1024w, https:\/\/www.thesignspeaking.com\/wp-content\/uploads\/2025\/03\/Dsquared.jpeg 1365w\" sizes=\"(max-width: 683px) 100vw, 683px\" \/><figcaption class=\"wp-element-caption\">Dsquared<\/figcaption><\/figure><\/div>\n\n\n<p>In questo modo si crea caos, un ambiente confuso e debole che richiede ordine. Una Moda disattenta e lontana dagli avvenimenti politici e ambientali, che predilige illudere con immagini nostalgiche e assai poco etiche, \u00e8 destinata a cedere il passo alla voce del pi\u00f9 forte.<\/p>\n\n\n\n<p><em>Alessandro Turci speaking<\/em><\/p>\n\n\n\n<p><\/p>\n\n\n\n<p><strong>Alessandro Turci<\/strong><\/p>\n\n\n\n<p>Fashion designer e direttore artistico per brand internazionali, il suo interesse spazia dal design all&#8217;arte contemporanea, dall&#8217;editoria alla curatela. Professore ordinario all&#8217;Accademia di Belle Arti di Frosinone, in precedenza presso l&#8217;Accademia di Belle Arti di Brera a Milano. Fondatore e presidente dell&#8217;associazione per l&#8217;arte contemporanea Risekult (<a href=\"http:\/\/www.risekult.com\/\">www.risekult.com<\/a>) e direttore di <em>Risekult magazine<\/em>, art book di ricerca per collezionisti e amanti dell&#8217;arte. Contributing editor per <em>Flair magazine<\/em>, <em>L\u2019Officiel magazine<\/em> e <em>Thesignspeaking<\/em>.<\/p>\n<\/span>","protected":false},"excerpt":{"rendered":"<p>La riflessione di Alessandro Turci sul ritorno delle pellicce sulle passerelle autunno\/inverno 2025-26 \u00c8 veramente impressionante quanto la Moda o per meglio dire il business della moda, riesca a contraddirsi, smentendo scelte che pensavamo giuste per una pi\u00f9 sana considerazione della Natura, uomo incluso. Pelliccia no grazie, tutela ambientale, inclusivit\u00e0, body consciousness, magrezze diseducative. Tutto [&hellip;]<\/p>\n","protected":false},"author":4,"featured_media":17147,"comment_status":"open","ping_status":"open","sticky":false,"template":"","format":"standard","meta":[],"categories":[4],"tags":[227,33,2192,293,2193,2,389],"_links":{"self":[{"href":"https:\/\/www.thesignspeaking.com\/it\/wp-json\/wp\/v2\/posts\/17137"}],"collection":[{"href":"https:\/\/www.thesignspeaking.com\/it\/wp-json\/wp\/v2\/posts"}],"about":[{"href":"https:\/\/www.thesignspeaking.com\/it\/wp-json\/wp\/v2\/types\/post"}],"author":[{"embeddable":true,"href":"https:\/\/www.thesignspeaking.com\/it\/wp-json\/wp\/v2\/users\/4"}],"replies":[{"embeddable":true,"href":"https:\/\/www.thesignspeaking.com\/it\/wp-json\/wp\/v2\/comments?post=17137"}],"version-history":[{"count":9,"href":"https:\/\/www.thesignspeaking.com\/it\/wp-json\/wp\/v2\/posts\/17137\/revisions"}],"predecessor-version":[{"id":17164,"href":"https:\/\/www.thesignspeaking.com\/it\/wp-json\/wp\/v2\/posts\/17137\/revisions\/17164"}],"wp:featuredmedia":[{"embeddable":true,"href":"https:\/\/www.thesignspeaking.com\/it\/wp-json\/wp\/v2\/media\/17147"}],"wp:attachment":[{"href":"https:\/\/www.thesignspeaking.com\/it\/wp-json\/wp\/v2\/media?parent=17137"}],"wp:term":[{"taxonomy":"category","embeddable":true,"href":"https:\/\/www.thesignspeaking.com\/it\/wp-json\/wp\/v2\/categories?post=17137"},{"taxonomy":"post_tag","embeddable":true,"href":"https:\/\/www.thesignspeaking.com\/it\/wp-json\/wp\/v2\/tags?post=17137"}],"curies":[{"name":"wp","href":"https:\/\/api.w.org\/{rel}","templated":true}]}}