{"id":17188,"date":"2025-03-06T11:07:46","date_gmt":"2025-03-06T10:07:46","guid":{"rendered":"https:\/\/www.thesignspeaking.com\/?p=17188"},"modified":"2025-03-06T11:18:10","modified_gmt":"2025-03-06T10:18:10","slug":"enmatter-and-shape-2025","status":"publish","type":"post","link":"https:\/\/www.thesignspeaking.com\/it\/enmatter-and-shape-2025\/","title":{"rendered":"MATTER and SHAPE 2025"},"content":{"rendered":"<span class=\"cb-itemprop\" itemprop=\"reviewBody\">\n<h2 class=\"wp-block-heading\">Dal 7 al 10 marzo, presso il Jardin des Tuileries, il salone del design torna alla Paris Fashion Week con 50 espositori distribuiti in due padiglioni progettati da Willo Perron.<\/h2>\n\n\n\n<p><a href=\"https:\/\/matterandshape.com\/\">MATTER and SHAPE<\/a>, il salone di design business-oriented guidato da Matthieu Pinet di WSN, con la direzione creativa di Dan Thawley, presenta una selezione prestigiosa di marchi e partner per la sua seconda edizione nel Jardin des Tuileries, dal 7 al 10 marzo 2025.<\/p>\n\n\n\n<p>Con il suo approccio interdisciplinare distintivo al design del XXI secolo, il salone crea un ponte tra architettura, design e moda, offrendo una piattaforma che celebra innovazione ed eccellenza.<\/p>\n\n\n<div class=\"wp-block-image\">\n<figure class=\"aligncenter size-large\"><img decoding=\"async\" width=\"1024\" height=\"683\" src=\"https:\/\/www.thesignspeaking.com\/wp-content\/uploads\/2025\/03\/64_PS_MATTER-and-SHAPE-2024_RDAI-\u00a9-Celia-Spenard-Ko-1024x683.jpg\" alt=\"\" class=\"wp-image-17192\" srcset=\"https:\/\/www.thesignspeaking.com\/wp-content\/uploads\/2025\/03\/64_PS_MATTER-and-SHAPE-2024_RDAI-\u00a9-Celia-Spenard-Ko-1024x683.jpg 1024w, https:\/\/www.thesignspeaking.com\/wp-content\/uploads\/2025\/03\/64_PS_MATTER-and-SHAPE-2024_RDAI-\u00a9-Celia-Spenard-Ko-300x200.jpg 300w, https:\/\/www.thesignspeaking.com\/wp-content\/uploads\/2025\/03\/64_PS_MATTER-and-SHAPE-2024_RDAI-\u00a9-Celia-Spenard-Ko-768x512.jpg 768w, https:\/\/www.thesignspeaking.com\/wp-content\/uploads\/2025\/03\/64_PS_MATTER-and-SHAPE-2024_RDAI-\u00a9-Celia-Spenard-Ko-1536x1024.jpg 1536w, https:\/\/www.thesignspeaking.com\/wp-content\/uploads\/2025\/03\/64_PS_MATTER-and-SHAPE-2024_RDAI-\u00a9-Celia-Spenard-Ko-360x240.jpg 360w, https:\/\/www.thesignspeaking.com\/wp-content\/uploads\/2025\/03\/64_PS_MATTER-and-SHAPE-2024_RDAI-\u00a9-Celia-Spenard-Ko.jpg 1680w\" sizes=\"(max-width: 1024px) 100vw, 1024px\" \/><figcaption class=\"wp-element-caption\">MATTER and SHAPE 2024: RDAI \u00a9 Celia Spenard-Ko<\/figcaption><\/figure><\/div>\n\n\n<p>Di ritorno per la sua seconda edizione, MATTER and SHAPE continua la sua missione di valorizzare e promuovere nuove prospettive nel design, attraversando le discipline del design industriale e di oggetti, l&#8217;interior design, la moda e le arti decorative.<\/p>\n\n\n<div class=\"wp-block-image\">\n<figure class=\"aligncenter size-large\"><img decoding=\"async\" width=\"1024\" height=\"682\" src=\"https:\/\/www.thesignspeaking.com\/wp-content\/uploads\/2025\/03\/55_PS_MATTER-and-SHAPE-2024_Lobmeyr-\u00a9-Celia-Spenard-Ko-1024x682.jpg\" alt=\"\" class=\"wp-image-17190\" srcset=\"https:\/\/www.thesignspeaking.com\/wp-content\/uploads\/2025\/03\/55_PS_MATTER-and-SHAPE-2024_Lobmeyr-\u00a9-Celia-Spenard-Ko-1024x682.jpg 1024w, https:\/\/www.thesignspeaking.com\/wp-content\/uploads\/2025\/03\/55_PS_MATTER-and-SHAPE-2024_Lobmeyr-\u00a9-Celia-Spenard-Ko-300x200.jpg 300w, https:\/\/www.thesignspeaking.com\/wp-content\/uploads\/2025\/03\/55_PS_MATTER-and-SHAPE-2024_Lobmeyr-\u00a9-Celia-Spenard-Ko-768x512.jpg 768w, https:\/\/www.thesignspeaking.com\/wp-content\/uploads\/2025\/03\/55_PS_MATTER-and-SHAPE-2024_Lobmeyr-\u00a9-Celia-Spenard-Ko-360x240.jpg 360w, https:\/\/www.thesignspeaking.com\/wp-content\/uploads\/2025\/03\/55_PS_MATTER-and-SHAPE-2024_Lobmeyr-\u00a9-Celia-Spenard-Ko.jpg 1157w\" sizes=\"(max-width: 1024px) 100vw, 1024px\" \/><figcaption class=\"wp-element-caption\">MATTER and SHAPE 2024: Lobmeyr \u00a9 Celia Spenard-Ko<\/figcaption><\/figure><\/div>\n\n\n<p>Poich\u00e9 il 2025 segna il centenario dell&#8217;Exposition Internationale des Arts D\u00e9coratifs et Industriels Modernes del 1925, MATTER and SHAPE 2025 trae ispirazione da questo momento cruciale nella storia del design. Tenuta a Parigi quasi un secolo fa, l\u2019esposizione non solo rese popolare il movimento Art D\u00e9co, ma gett\u00f2 anche le basi per l\u2019innovazione modernista, fondendo espressione artistica e funzionalit\u00e0 industriale.<\/p>\n\n\n\n<p>Per il 2025, MATTER and SHAPE rinnova la sua collaborazione con Willo Perron dello studio losangelino Perron-Roettinger per progettare lo spazio espositivo del salone. Il concept di quest&#8217;anno celebrer\u00e0 il tema dell\u2019edizione, mettendo in evidenza la caratteristica fusione di eleganza e funzionalit\u00e0 di Perron, gi\u00e0 apprezzata nell&#8217;edizione precedente.<\/p>\n\n\n<div class=\"wp-block-image\">\n<figure class=\"aligncenter size-full\"><img decoding=\"async\" width=\"756\" height=\"593\" src=\"https:\/\/www.thesignspeaking.com\/wp-content\/uploads\/2025\/03\/15_PS_MATTER-and-SHAPE-2025_GRAU_Campfire.jpg\" alt=\"\" class=\"wp-image-17194\" srcset=\"https:\/\/www.thesignspeaking.com\/wp-content\/uploads\/2025\/03\/15_PS_MATTER-and-SHAPE-2025_GRAU_Campfire.jpg 756w, https:\/\/www.thesignspeaking.com\/wp-content\/uploads\/2025\/03\/15_PS_MATTER-and-SHAPE-2025_GRAU_Campfire-300x235.jpg 300w\" sizes=\"(max-width: 756px) 100vw, 756px\" \/><figcaption class=\"wp-element-caption\">MATTER and SHAPE 2025: GRAU Campfire<\/figcaption><\/figure><\/div>\n\n\n<p>Lo studio di cucina creativa con sede a Parigi <a href=\"https:\/\/weareona.co\/\">WE ARE ONA<\/a> torna con un nuovo ristorante pop-up progettato da Willo Perron, che offrir\u00e0 pranzi e cene. Impegnato a garantire un&#8217;esperienza culinaria intima, il men\u00f9 sar\u00e0 curato da uno chef ospite, il cui nome sar\u00e0 presto rivelato.<\/p>\n\n\n\n<p>L&#8217;edizione 2025 accoglier\u00e0 oltre 50 espositori da tutto il mondo, ospitati in due spazi effimeri all&#8217;interno del Jardin des Tuileries.<br>Gli espositori selezionati includono:<\/p>\n\n\n\n<p>Aalvo Gallery (Brazil), Akua Objects (Denmark), Al\u00e9a Workshop (France), Alighieri (UK), Annick Tapernoux (Belgium), Ark Kollekt (Denmark), Byredo (Sweden), cc-tapis ft. India Mahdavi (Italy), Daisuke Yamamoto (Japan), Design Parade Hy\u00e8res (France), Doroth\u00e9e Potocka (Poland), Fassen (France), FLOS (Italy), GRAU (Germany), Heaps &#038; Woods (France), Hosoo (Japan), Hollow Forms (Palestine), Jianze (China), Justine Menard (France), Kiko Kostadinov x Soft Baroque (Bulgaria\/Slovenia), Laguna B (Italy), Lobmeyr ft. Gohar World (Austria), Marbledworks (Germany), Marco Guazzini (Italy), GESTGEST by Maria Jeglinska-Adamczewska (Poland), Moonarij (Germany), Natalia Criado (Colombia), Omniaworks x Payam Askari (Italy), RDAI (France), Sanayi313 (Turkey), Saridis of Athens (Greece), Shaha (Lebanon), SolidNature (Netherlands), Taiwan-Lantern (Netherlands), Transparent (Sweden), Untitled 19 (France), UU Tiles (France), Verre d\u2019Onge x FR\/AR (Canada), VITRA curated by Julie Richoz (Switzerland), We+ x Heiwa Gokin (Japan), 22 System ft. India Mahdavi (Canada).<\/p>\n\n\n\n<p><\/p>\n\n\n\n<p>Tra i partner selezionati, Jil Sander (Italy), KoozArch (Italy), MycoWorks (USA), Pedestal (Denmark), Profirst (Belgium) e ShaSha Movies (UK).<\/p>\n\n\n<div class=\"wp-block-image\">\n<figure class=\"aligncenter size-full\"><img decoding=\"async\" width=\"787\" height=\"525\" src=\"https:\/\/www.thesignspeaking.com\/wp-content\/uploads\/2025\/03\/54_PS_MATTER-and-SHAPE-2024-Jil-Sander-Design-Talks-\u00a9-Mickael-Llorca.png\" alt=\"\" class=\"wp-image-17189\" srcset=\"https:\/\/www.thesignspeaking.com\/wp-content\/uploads\/2025\/03\/54_PS_MATTER-and-SHAPE-2024-Jil-Sander-Design-Talks-\u00a9-Mickael-Llorca.png 787w, https:\/\/www.thesignspeaking.com\/wp-content\/uploads\/2025\/03\/54_PS_MATTER-and-SHAPE-2024-Jil-Sander-Design-Talks-\u00a9-Mickael-Llorca-300x200.png 300w, https:\/\/www.thesignspeaking.com\/wp-content\/uploads\/2025\/03\/54_PS_MATTER-and-SHAPE-2024-Jil-Sander-Design-Talks-\u00a9-Mickael-Llorca-768x512.png 768w, https:\/\/www.thesignspeaking.com\/wp-content\/uploads\/2025\/03\/54_PS_MATTER-and-SHAPE-2024-Jil-Sander-Design-Talks-\u00a9-Mickael-Llorca-360x240.png 360w\" sizes=\"(max-width: 787px) 100vw, 787px\" \/><figcaption class=\"wp-element-caption\">MATTER and SHAPE 2024: Jil Sander Design Talks \u00a9 Mickael Llorca<\/figcaption><\/figure><\/div>\n\n\n<p>Durante il salone, i Jil Sander Design Talks tornano per il secondo anno, invitando designer di spicco, architetti e leader di pensiero a salire sul palco per sessioni registrate che verranno pubblicate come podcast in collaborazione con KoozArch.<\/p>\n\n\n\n<p>Il programma affronter\u00e0 temi chiave che stanno plasmando il mondo del design oggi e nel futuro, tra cui la sostenibilit\u00e0, l\u2019artigianato e l\u2019evoluzione del rapporto tra design e societ\u00e0. Le sessioni, in inglese e francese, saranno aperte a tutti gli ospiti con un accesso libero fino a esaurimento posti.<\/p>\n\n\n\n<p>La programmazione MATTER and SHAPE (hors les murs) prosegue nel 2025 con eventi culturali in tutta Parigi, celebrando il design contemporaneo oltre i confini dell\u2019esposizione. A partire dal 6 marzo 2025, questa serie di eventi off-site rafforza l\u2019impegno del salone nel mettere in mostra le espressioni globali del design in tutta la citt\u00e0.<\/p>\n\n\n\n<p>Accogliendo sia nomi affermati che talenti emergenti, il salone mira a offrire una vetrina senza precedenti della creativit\u00e0 globale e del design d\u2019avanguardia. Combinando espressioni uniche di gusto ed estetica in una cornice contemporanea, MATTER and SHAPE invita buyer, collezionisti, architetti, decoratori, giornalisti, studenti e appassionati di design a esplorare il panorama del design all\u2019intersezione tra industria e artigianato, creativit\u00e0 e commercio.<\/p>\n\n\n\n<p>Sostenuto da WSN, esperti parigini nel settore delle fiere, MATTER and SHAPE beneficia di 30 anni di esperienza nel mondo degli eventi e di un\u2019infrastruttura globale con oltre 8.000 buyer che si recano ogni anno alla Paris Fashion Week. Grazie alla rete internazionale della societ\u00e0 milanese di consulenza strategica P:S e alla direzione creativa di Dan Thawley, MATTER and SHAPE raggiunger\u00e0 un pubblico globale e locale diversificato.<\/p>\n\n\n<div class=\"wp-block-image\">\n<figure class=\"aligncenter size-large\"><img decoding=\"async\" width=\"819\" height=\"1024\" src=\"https:\/\/www.thesignspeaking.com\/wp-content\/uploads\/2025\/03\/61_PS_MATTER-and-SHAPE-2024_Verre-d_Onge-\u00a9-Celia-Spenard-Ko-819x1024.jpg\" alt=\"\" class=\"wp-image-17191\" srcset=\"https:\/\/www.thesignspeaking.com\/wp-content\/uploads\/2025\/03\/61_PS_MATTER-and-SHAPE-2024_Verre-d_Onge-\u00a9-Celia-Spenard-Ko-819x1024.jpg 819w, https:\/\/www.thesignspeaking.com\/wp-content\/uploads\/2025\/03\/61_PS_MATTER-and-SHAPE-2024_Verre-d_Onge-\u00a9-Celia-Spenard-Ko-240x300.jpg 240w, https:\/\/www.thesignspeaking.com\/wp-content\/uploads\/2025\/03\/61_PS_MATTER-and-SHAPE-2024_Verre-d_Onge-\u00a9-Celia-Spenard-Ko-768x960.jpg 768w, https:\/\/www.thesignspeaking.com\/wp-content\/uploads\/2025\/03\/61_PS_MATTER-and-SHAPE-2024_Verre-d_Onge-\u00a9-Celia-Spenard-Ko.jpg 1095w\" sizes=\"(max-width: 819px) 100vw, 819px\" \/><figcaption class=\"wp-element-caption\">MATTER and SHAPE 2024: Verre d&#8217;Onge \u00a9 Celia Spenard-Ko<\/figcaption><\/figure><\/div><\/span>","protected":false},"excerpt":{"rendered":"<p>Dal 7 al 10 marzo, presso il Jardin des Tuileries, il salone del design torna alla Paris Fashion Week con 50 espositori distribuiti in due padiglioni progettati da Willo Perron. MATTER and SHAPE, il salone di design business-oriented guidato da Matthieu Pinet di WSN, con la direzione creativa di Dan Thawley, presenta una selezione prestigiosa [&hellip;]<\/p>\n","protected":false},"author":4,"featured_media":17193,"comment_status":"open","ping_status":"open","sticky":false,"template":"","format":"standard","meta":[],"categories":[7],"tags":[],"_links":{"self":[{"href":"https:\/\/www.thesignspeaking.com\/it\/wp-json\/wp\/v2\/posts\/17188"}],"collection":[{"href":"https:\/\/www.thesignspeaking.com\/it\/wp-json\/wp\/v2\/posts"}],"about":[{"href":"https:\/\/www.thesignspeaking.com\/it\/wp-json\/wp\/v2\/types\/post"}],"author":[{"embeddable":true,"href":"https:\/\/www.thesignspeaking.com\/it\/wp-json\/wp\/v2\/users\/4"}],"replies":[{"embeddable":true,"href":"https:\/\/www.thesignspeaking.com\/it\/wp-json\/wp\/v2\/comments?post=17188"}],"version-history":[{"count":6,"href":"https:\/\/www.thesignspeaking.com\/it\/wp-json\/wp\/v2\/posts\/17188\/revisions"}],"predecessor-version":[{"id":17201,"href":"https:\/\/www.thesignspeaking.com\/it\/wp-json\/wp\/v2\/posts\/17188\/revisions\/17201"}],"wp:featuredmedia":[{"embeddable":true,"href":"https:\/\/www.thesignspeaking.com\/it\/wp-json\/wp\/v2\/media\/17193"}],"wp:attachment":[{"href":"https:\/\/www.thesignspeaking.com\/it\/wp-json\/wp\/v2\/media?parent=17188"}],"wp:term":[{"taxonomy":"category","embeddable":true,"href":"https:\/\/www.thesignspeaking.com\/it\/wp-json\/wp\/v2\/categories?post=17188"},{"taxonomy":"post_tag","embeddable":true,"href":"https:\/\/www.thesignspeaking.com\/it\/wp-json\/wp\/v2\/tags?post=17188"}],"curies":[{"name":"wp","href":"https:\/\/api.w.org\/{rel}","templated":true}]}}