{"id":17202,"date":"2025-03-06T11:31:19","date_gmt":"2025-03-06T10:31:19","guid":{"rendered":"https:\/\/www.thesignspeaking.com\/?p=17202"},"modified":"2025-03-06T11:44:22","modified_gmt":"2025-03-06T10:44:22","slug":"arcomadrid-2025","status":"publish","type":"post","link":"https:\/\/www.thesignspeaking.com\/it\/arcomadrid-2025\/","title":{"rendered":"ARCOmadrid 2025"},"content":{"rendered":"<span class=\"cb-itemprop\" itemprop=\"reviewBody\">\n<h2 class=\"wp-block-heading\">Con una selezione eccezionale di 214 gallerie provenienti da 36 paesi, la 44\u00aa edizione della Fiera Internazionale di Arte Contemporanea organizzata da IFEMA MADRID, si svolge fino a domenica 9 marzo<\/h2>\n\n\n\n<p>La 44\u00aa edizione di ARCOmadrid, la Fiera Internazionale di Arte Contemporanea organizzata da IFEMA MADRID, si svolger\u00e0 fino a domenica 9 marzo. ARCO dedicher\u00e0 le prime tre giornate esclusivamente a collezionisti e professionisti.<\/p>\n\n\n<div class=\"wp-block-image\">\n<figure class=\"aligncenter size-large\"><img decoding=\"async\" width=\"1024\" height=\"683\" src=\"https:\/\/www.thesignspeaking.com\/wp-content\/uploads\/2025\/03\/DN_0397-1024x683.jpg\" alt=\"\" class=\"wp-image-17213\" srcset=\"https:\/\/www.thesignspeaking.com\/wp-content\/uploads\/2025\/03\/DN_0397-1024x683.jpg 1024w, https:\/\/www.thesignspeaking.com\/wp-content\/uploads\/2025\/03\/DN_0397-300x200.jpg 300w, https:\/\/www.thesignspeaking.com\/wp-content\/uploads\/2025\/03\/DN_0397-768x512.jpg 768w, https:\/\/www.thesignspeaking.com\/wp-content\/uploads\/2025\/03\/DN_0397-1536x1024.jpg 1536w, https:\/\/www.thesignspeaking.com\/wp-content\/uploads\/2025\/03\/DN_0397-2048x1365.jpg 2048w, https:\/\/www.thesignspeaking.com\/wp-content\/uploads\/2025\/03\/DN_0397-360x240.jpg 360w\" sizes=\"(max-width: 1024px) 100vw, 1024px\" \/><\/figure><\/div>\n\n\n<p>Con una selezione eccezionale di 214 gallerie provenienti da 36 paesi, la fiera favorisce un ampio dialogo tra proposte innovative del panorama artistico internazionale. Questo evento va oltre il mercato, promuovendo anche scoperta, riflessione e ricerca artistica.<\/p>\n\n\n<div class=\"wp-block-image\">\n<figure class=\"aligncenter size-large\"><img decoding=\"async\" width=\"1024\" height=\"683\" src=\"https:\/\/www.thesignspeaking.com\/wp-content\/uploads\/2025\/03\/DN_0144-1024x683.jpg\" alt=\"\" class=\"wp-image-17204\" srcset=\"https:\/\/www.thesignspeaking.com\/wp-content\/uploads\/2025\/03\/DN_0144-1024x683.jpg 1024w, https:\/\/www.thesignspeaking.com\/wp-content\/uploads\/2025\/03\/DN_0144-300x200.jpg 300w, https:\/\/www.thesignspeaking.com\/wp-content\/uploads\/2025\/03\/DN_0144-768x512.jpg 768w, https:\/\/www.thesignspeaking.com\/wp-content\/uploads\/2025\/03\/DN_0144-1536x1024.jpg 1536w, https:\/\/www.thesignspeaking.com\/wp-content\/uploads\/2025\/03\/DN_0144-2048x1365.jpg 2048w, https:\/\/www.thesignspeaking.com\/wp-content\/uploads\/2025\/03\/DN_0144-360x240.jpg 360w\" sizes=\"(max-width: 1024px) 100vw, 1024px\" \/><\/figure><\/div>\n\n\n<p>Quest&#8217;anno, 178 gallerie parteciperanno al Programma Generale, affiancate da sezioni curate:<\/p>\n\n\n\n<ul>\n<li>Wametis\u00e9: Idee per un Amazofuturismo, con 15 gallerie<\/li>\n\n\n\n<li>Opening: Nuove Gallerie, con 18 gallerie<\/li>\n\n\n\n<li>Profiles | Arte Latinoamericana, con 10 gallerie<\/li>\n<\/ul>\n\n\n\n<p>Inoltre, saranno presentati 32 Progetti di Artisti, curati da 32 gallerie.<\/p>\n\n\n<div class=\"wp-block-image\">\n<figure class=\"aligncenter size-large\"><img decoding=\"async\" width=\"1024\" height=\"683\" src=\"https:\/\/www.thesignspeaking.com\/wp-content\/uploads\/2025\/03\/DN_0149-1024x683.jpg\" alt=\"\" class=\"wp-image-17205\" srcset=\"https:\/\/www.thesignspeaking.com\/wp-content\/uploads\/2025\/03\/DN_0149-1024x683.jpg 1024w, https:\/\/www.thesignspeaking.com\/wp-content\/uploads\/2025\/03\/DN_0149-300x200.jpg 300w, https:\/\/www.thesignspeaking.com\/wp-content\/uploads\/2025\/03\/DN_0149-768x512.jpg 768w, https:\/\/www.thesignspeaking.com\/wp-content\/uploads\/2025\/03\/DN_0149-1536x1024.jpg 1536w, https:\/\/www.thesignspeaking.com\/wp-content\/uploads\/2025\/03\/DN_0149-2048x1365.jpg 2048w, https:\/\/www.thesignspeaking.com\/wp-content\/uploads\/2025\/03\/DN_0149-360x240.jpg 360w\" sizes=\"(max-width: 1024px) 100vw, 1024px\" \/><\/figure><\/div>\n\n\n<p>Anche <strong>ArtsLibris<\/strong> torner\u00e0 ad ARCOmadrid, con oltre 80 editori provenienti da 20 paesi, accompagnati da numerose presentazioni di pubblicazioni nell&#8217;area Arts Libris Speaker\u2019s Corner.<\/p>\n\n\n\n<p>Come nelle edizioni precedenti, il Forum accoglier\u00e0 nuovamente le voci di professionisti dell\u2019arte contemporanea, consolidandosi come una piattaforma essenziale di riflessione e condivisione della conoscenza per critici, curatori, direttori di istituzioni e altri esperti del settore.<\/p>\n\n\n<div class=\"wp-block-image\">\n<figure class=\"aligncenter size-large\"><img decoding=\"async\" width=\"1024\" height=\"683\" src=\"https:\/\/www.thesignspeaking.com\/wp-content\/uploads\/2025\/03\/DN_0194-1024x683.jpg\" alt=\"\" class=\"wp-image-17206\" srcset=\"https:\/\/www.thesignspeaking.com\/wp-content\/uploads\/2025\/03\/DN_0194-1024x683.jpg 1024w, https:\/\/www.thesignspeaking.com\/wp-content\/uploads\/2025\/03\/DN_0194-300x200.jpg 300w, https:\/\/www.thesignspeaking.com\/wp-content\/uploads\/2025\/03\/DN_0194-768x512.jpg 768w, https:\/\/www.thesignspeaking.com\/wp-content\/uploads\/2025\/03\/DN_0194-1536x1024.jpg 1536w, https:\/\/www.thesignspeaking.com\/wp-content\/uploads\/2025\/03\/DN_0194-2048x1365.jpg 2048w, https:\/\/www.thesignspeaking.com\/wp-content\/uploads\/2025\/03\/DN_0194-360x240.jpg 360w\" sizes=\"(max-width: 1024px) 100vw, 1024px\" \/><\/figure><\/div>\n\n\n<p>Architettura e design avranno un ruolo di primo piano. Lo Studio Pedro Pitarch si occuper\u00e0 della progettazione degli spazi comuni di ARCOmadrid 2025. Nel frattempo, l\u2019Institute for Postnatural Studies curer\u00e0 l\u2019allestimento della sezione Wametis\u00e9: Idee per un Amazofuturismo.<br>Il Guest Lounge sar\u00e0 progettato da Mesura Studio, mentre la Sala 44 sar\u00e0 un progetto di Mausha Mars\u00e1 e David Jim\u00e9nez. <\/p>\n\n\n\n<p>Il design della Sala Fundaci\u00f3n ARCO porta la firma di Manuel Espejo, mentre Studio Mo \u00e8 responsabile della A Very Welcoming Lounge (AVWL). Inoltre, L.A. Studio cura nuovamente l\u2019allestimento della Sala Presentazioni.<\/p>\n\n\n<div class=\"wp-block-image\">\n<figure class=\"aligncenter size-large\"><img decoding=\"async\" width=\"1024\" height=\"683\" src=\"https:\/\/www.thesignspeaking.com\/wp-content\/uploads\/2025\/03\/DN_0269-1-1024x683.jpg\" alt=\"\" class=\"wp-image-17210\" srcset=\"https:\/\/www.thesignspeaking.com\/wp-content\/uploads\/2025\/03\/DN_0269-1-1024x683.jpg 1024w, https:\/\/www.thesignspeaking.com\/wp-content\/uploads\/2025\/03\/DN_0269-1-300x200.jpg 300w, https:\/\/www.thesignspeaking.com\/wp-content\/uploads\/2025\/03\/DN_0269-1-768x512.jpg 768w, https:\/\/www.thesignspeaking.com\/wp-content\/uploads\/2025\/03\/DN_0269-1-1536x1024.jpg 1536w, https:\/\/www.thesignspeaking.com\/wp-content\/uploads\/2025\/03\/DN_0269-1-2048x1365.jpg 2048w, https:\/\/www.thesignspeaking.com\/wp-content\/uploads\/2025\/03\/DN_0269-1-360x240.jpg 360w\" sizes=\"(max-width: 1024px) 100vw, 1024px\" \/><\/figure><\/div>\n\n\n<p>ARCOmadrid offrir\u00e0 a professionisti e visitatori aree relax, spazi di incontro e esperienze gastronomiche, tra cui:<\/p>\n\n\n\n<ul>\n<li>ARCOlunch by Iberia, servito da Mallorca (stand 9D49)<\/li>\n\n\n\n<li>Food Court, con una selezione curata da Artigot (tra i padiglioni 5 e 7)<\/li>\n<\/ul>\n\n\n\n<p>ARCOmadrid 2025 gode del sostegno istituzionale di Acci\u00f3n Cultural Espa\u00f1ola (AC\/E) e AECID, oltre al supporto di Lexus, Ruinart, illy, Cervezas Alhambra, Iberia, El Corte Ingl\u00e9s, Fr\u00e9d\u00e9ric Malle, Radisson RED, Bodegas ENATE, \u00c1gua das Pedras, Fundaci\u00f3n Banco Santander e Leica.<\/p>\n\n\n\n<p>ARCOmadrid 2025 si svolge dal 5 al 9 marzo nei Padiglioni 7 e 9 della Fiera IFEMA MADRID, dedicando le prime tre giornate esclusivamente ai professionisti. A partire dalle 15:00 di venerd\u00ec 7 marzo, la fiera apre le sue porte al pubblico.<\/p>\n\n\n<div class=\"wp-block-image\">\n<figure class=\"aligncenter size-large\"><img decoding=\"async\" width=\"1024\" height=\"683\" src=\"https:\/\/www.thesignspeaking.com\/wp-content\/uploads\/2025\/03\/DN_0378-1024x683.jpg\" alt=\"\" class=\"wp-image-17212\" srcset=\"https:\/\/www.thesignspeaking.com\/wp-content\/uploads\/2025\/03\/DN_0378-1024x683.jpg 1024w, https:\/\/www.thesignspeaking.com\/wp-content\/uploads\/2025\/03\/DN_0378-300x200.jpg 300w, https:\/\/www.thesignspeaking.com\/wp-content\/uploads\/2025\/03\/DN_0378-768x512.jpg 768w, https:\/\/www.thesignspeaking.com\/wp-content\/uploads\/2025\/03\/DN_0378-1536x1024.jpg 1536w, https:\/\/www.thesignspeaking.com\/wp-content\/uploads\/2025\/03\/DN_0378-2048x1365.jpg 2048w, https:\/\/www.thesignspeaking.com\/wp-content\/uploads\/2025\/03\/DN_0378-360x240.jpg 360w\" sizes=\"(max-width: 1024px) 100vw, 1024px\" \/><\/figure><\/div><\/span>","protected":false},"excerpt":{"rendered":"<p>Con una selezione eccezionale di 214 gallerie provenienti da 36 paesi, la 44\u00aa edizione della Fiera Internazionale di Arte Contemporanea organizzata da IFEMA MADRID, si svolge fino a domenica 9 marzo La 44\u00aa edizione di ARCOmadrid, la Fiera Internazionale di Arte Contemporanea organizzata da IFEMA MADRID, si svolger\u00e0 fino a domenica 9 marzo. ARCO dedicher\u00e0 [&hellip;]<\/p>\n","protected":false},"author":4,"featured_media":17208,"comment_status":"open","ping_status":"open","sticky":false,"template":"","format":"standard","meta":[],"categories":[1,11],"tags":[2058,34,35],"_links":{"self":[{"href":"https:\/\/www.thesignspeaking.com\/it\/wp-json\/wp\/v2\/posts\/17202"}],"collection":[{"href":"https:\/\/www.thesignspeaking.com\/it\/wp-json\/wp\/v2\/posts"}],"about":[{"href":"https:\/\/www.thesignspeaking.com\/it\/wp-json\/wp\/v2\/types\/post"}],"author":[{"embeddable":true,"href":"https:\/\/www.thesignspeaking.com\/it\/wp-json\/wp\/v2\/users\/4"}],"replies":[{"embeddable":true,"href":"https:\/\/www.thesignspeaking.com\/it\/wp-json\/wp\/v2\/comments?post=17202"}],"version-history":[{"count":6,"href":"https:\/\/www.thesignspeaking.com\/it\/wp-json\/wp\/v2\/posts\/17202\/revisions"}],"predecessor-version":[{"id":17223,"href":"https:\/\/www.thesignspeaking.com\/it\/wp-json\/wp\/v2\/posts\/17202\/revisions\/17223"}],"wp:featuredmedia":[{"embeddable":true,"href":"https:\/\/www.thesignspeaking.com\/it\/wp-json\/wp\/v2\/media\/17208"}],"wp:attachment":[{"href":"https:\/\/www.thesignspeaking.com\/it\/wp-json\/wp\/v2\/media?parent=17202"}],"wp:term":[{"taxonomy":"category","embeddable":true,"href":"https:\/\/www.thesignspeaking.com\/it\/wp-json\/wp\/v2\/categories?post=17202"},{"taxonomy":"post_tag","embeddable":true,"href":"https:\/\/www.thesignspeaking.com\/it\/wp-json\/wp\/v2\/tags?post=17202"}],"curies":[{"name":"wp","href":"https:\/\/api.w.org\/{rel}","templated":true}]}}