{"id":1722,"date":"2017-11-24T16:56:17","date_gmt":"2017-11-24T15:56:17","guid":{"rendered":"http:\/\/thesignspeaking.com\/2018\/02\/02\/1st-arturo-alvarez-young-talent-award\/"},"modified":"2018-06-02T10:50:34","modified_gmt":"2018-06-02T08:50:34","slug":"1st-arturo-alvarez-young-talent-award","status":"publish","type":"post","link":"https:\/\/www.thesignspeaking.com\/it\/1st-arturo-alvarez-young-talent-award\/","title":{"rendered":"1st\u00a0ARTURO ALVAREZ\u00a0YOUNG TALENT AWARD"},"content":{"rendered":"<span class=\"cb-itemprop\" itemprop=\"reviewBody\"><p>Dopo quasi venticinque anni di attivit\u00e0 e <b>con l&#8217;obbiettivo di sottolineare l&#8217;impegno del brand nel sostenere la nuova generazione di designer<\/b>, Arturo Alvarez Emotional Lighting annuncia il suo <b>1\u00b0 Arturo Alvarez Young Talent Award<\/b>.<\/p>\n<p>La sfida consiste nel <b>progettare una lampada decorativa da interni<\/b> per cui il vincitore ricever\u00e0 un premio composto da:<\/p>\n<p>&#8211; 2.500,00 \u20ac<\/p>\n<p>&#8211; La possibilit\u00e0 di vedere il proprio design prodotto e formare parte del nuovo catalogo di marca. Il nome del creatore del design sar\u00e0 incluso in tutte le pubblicazioni dell&#8217;azienda rispettando la paternit\u00e0 intellettuale del design in ogni momento.<\/p>\n<p>&#8211; Un viaggio a Milano con Arturo \u00c1lvarez per presentare i nuovi progetti della compagnia alla &#8220;Fiera del del Mobile Euroluce&#8221; nella primavera del 2019. Questo include un biglietto aereo di andata e ritorno, due pernottamenti in hotel e un pass per l&#8217;evento.<\/p>\n<p>La scadenza per la presentazione delle iscrizioni \u00e8 <b>dal 21 novembre 2017 al 23 marzo 2018<\/b>. I finalisti saranno pubblicati il <b>17 aprile<\/b> sul sito web e sui social media dell&#8217;azienda, il vincitore sar\u00e0 annunciato su sugli stessi canali il<b> 24 aprile 2018<\/b>.<\/p>\n<p>Per scaricare i termini e le condizioni di partecipazione\u00a0<a href=\"http:\/\/www.arturo-alvarez.com\/contest?utm_source=arturo+alvarez+-+prensa+ingl%C3%A9s&#038;utm_campaign=d28a6e4773-1+arturo+alvarez+Young+Talent+Award&#038;utm_medium=email&#038;utm_term=0_461d3e4dba-d28a6e4773-124716286&#038;mc_cid=d28a6e4773&#038;mc_eid=ebbafb1630\" target=\"_blank\" rel=\"noopener\"><b>Terms &#038; Conditions<\/b><\/a><\/p>\n<p><a href=\"http:\/\/www.arturo-alvarez.com\/\" target=\"_blank\" rel=\"noopener\"><b>Arturo \u00c1lvarez<\/b><\/a>, designer e fondatore dell&#8217;omonimo brand di illuminazione, \u00e8 un affermato creatore riconosciuto sia in Spagna che all&#8217;estero grazie ai suoi contributi concettuali al mondo del lightning design. Nato a Pontevedra, Spagna, nel 1964, fin dall&#8217;inizio sviluppa un proprio stile dotato di forte personalit\u00e0. Gestisce forme, volumi e fonti di luce in modo semplice ed elegante, miscelandoli magistralmente, e riuscendo a concepire degli spazi scenografici sorprendenti.<\/p>\n<p>Tre i periodi che definiscono la carriera di Arturo Alvarez. Nei primi anni esplora e lavora con concetti figurativi basati sulla natura. In un secondo tempo progredisce verso l&#8217;astrazione esplorando semplici forme geometriche senza per\u00f2 abbandonare i riferimenti alla natura; in questo periodo appare anche il corpo femminile, un tema che si ripeter\u00e0 e che sar\u00e0 fonte di ricerca negli anni successivi. Arturo \u00c1lvarez attualmente sta sviluppando nuove forme di espressione che vedono come filo conduttore la luce e come soggetto principale l&#8217;essere umano e le sue relazioni personali.<\/p>\n<p>Negli ultimi dieci anni Arturo Alvarez ha condotto un ampio lavoro di ricerca e sperimentazione\u00a0esplorando e creando materiali su misura per i propri progetti di illuminazione. Tra questi, lo sviluppo di SIMETECH\u00ae, un materiale in maglia di silicone caratterizzato da bellezza visiva e luminosit\u00e0\u00a0da cui nasce la collezione di lampade BALLET dai volumi fluidi e naturali: le forme create dalla sovrapposizione o dall\u2019unione dei loro vertici lasciano libert\u00e0 alla natura molto flessibile di questo materiale. La particolare asimmetria fa si che le forme cambino a seconda della prospettiva, creando una danza costante di luce e ombra.<img decoding=\"async\" class=\"alignnone size-full wp-image-7699\" src=\"http:\/\/www.thesignspeaking.com\/wp-content\/uploads\/2017\/11\/1-arturo-alvarez-award-900x900.gif\" alt=\"\" width=\"900\" height=\"900\" \/><\/p>\n<p>&nbsp;<\/p>\n<\/span>","protected":false},"excerpt":{"rendered":"<p>Lighting design and manufacturing company\u00a0Arturo Alvarez\u00a0is proud to announce its 1st\u00a0Arturo Alvarez Young Talent Award.<\/p>\n","protected":false},"author":3,"featured_media":7699,"comment_status":"open","ping_status":"open","sticky":false,"template":"","format":"standard","meta":[],"categories":[7,24],"tags":[],"_links":{"self":[{"href":"https:\/\/www.thesignspeaking.com\/it\/wp-json\/wp\/v2\/posts\/1722"}],"collection":[{"href":"https:\/\/www.thesignspeaking.com\/it\/wp-json\/wp\/v2\/posts"}],"about":[{"href":"https:\/\/www.thesignspeaking.com\/it\/wp-json\/wp\/v2\/types\/post"}],"author":[{"embeddable":true,"href":"https:\/\/www.thesignspeaking.com\/it\/wp-json\/wp\/v2\/users\/3"}],"replies":[{"embeddable":true,"href":"https:\/\/www.thesignspeaking.com\/it\/wp-json\/wp\/v2\/comments?post=1722"}],"version-history":[{"count":0,"href":"https:\/\/www.thesignspeaking.com\/it\/wp-json\/wp\/v2\/posts\/1722\/revisions"}],"wp:featuredmedia":[{"embeddable":true,"href":"https:\/\/www.thesignspeaking.com\/it\/wp-json\/wp\/v2\/media\/7699"}],"wp:attachment":[{"href":"https:\/\/www.thesignspeaking.com\/it\/wp-json\/wp\/v2\/media?parent=1722"}],"wp:term":[{"taxonomy":"category","embeddable":true,"href":"https:\/\/www.thesignspeaking.com\/it\/wp-json\/wp\/v2\/categories?post=1722"},{"taxonomy":"post_tag","embeddable":true,"href":"https:\/\/www.thesignspeaking.com\/it\/wp-json\/wp\/v2\/tags?post=1722"}],"curies":[{"name":"wp","href":"https:\/\/api.w.org\/{rel}","templated":true}]}}