{"id":17234,"date":"2025-03-17T15:53:46","date_gmt":"2025-03-17T14:53:46","guid":{"rendered":"https:\/\/www.thesignspeaking.com\/?p=17234"},"modified":"2025-03-17T16:28:55","modified_gmt":"2025-03-17T15:28:55","slug":"enthe-countdown-to-the-next-salone-del-mobile-milano-has-begun","status":"publish","type":"post","link":"https:\/\/www.thesignspeaking.com\/it\/enthe-countdown-to-the-next-salone-del-mobile-milano-has-begun\/","title":{"rendered":"IL CONTO ALLA ROVESCIA PER IL PROSSIMO SALONE DEL MOBILE.MILANO \u00c8 INIZIATO"},"content":{"rendered":"<span class=\"cb-itemprop\" itemprop=\"reviewBody\">\n<h2 class=\"wp-block-heading\">Oltre 2.000 espositori da 37 paesi. Produzione industriale, innovazione sostenibile, intelligenza emotiva. La 63\u00aa edizione del Salone del Mobile.Milano lancia una nuova sfida: costruire mondi adatti al futuro<\/h2>\n\n\n\n<p><\/p>\n\n\n\n<p>L\u2019edizione 2025 del Salone, che si terr\u00e0 a Fiera Milano Rho dall&#8217;8 al 13 aprile, rafforza il suo ruolo di acceleratore strategico dell\u2019eccellenza del settore, guidando il cambiamento. Ispirato dall&#8217;approccio visionario di Pierre-Yves Rochon, Paolo Sorrentino e Robert Wilson, il Salone ospiter\u00e0 il primo International Forum on Light, cinque giorni di talk e tavole rotonde.<\/p>\n\n\n<div class=\"wp-block-image\">\n<figure class=\"aligncenter size-large\"><img decoding=\"async\" width=\"1024\" height=\"380\" src=\"https:\/\/www.thesignspeaking.com\/wp-content\/uploads\/2025\/03\/01_SDM2025_Dentsu-Creative_\u00a9Andrea-Mariani-1024x380.jpg\" alt=\"\" class=\"wp-image-17236\" srcset=\"https:\/\/www.thesignspeaking.com\/wp-content\/uploads\/2025\/03\/01_SDM2025_Dentsu-Creative_\u00a9Andrea-Mariani-1024x380.jpg 1024w, https:\/\/www.thesignspeaking.com\/wp-content\/uploads\/2025\/03\/01_SDM2025_Dentsu-Creative_\u00a9Andrea-Mariani-300x111.jpg 300w, https:\/\/www.thesignspeaking.com\/wp-content\/uploads\/2025\/03\/01_SDM2025_Dentsu-Creative_\u00a9Andrea-Mariani-768x285.jpg 768w, https:\/\/www.thesignspeaking.com\/wp-content\/uploads\/2025\/03\/01_SDM2025_Dentsu-Creative_\u00a9Andrea-Mariani-1536x570.jpg 1536w, https:\/\/www.thesignspeaking.com\/wp-content\/uploads\/2025\/03\/01_SDM2025_Dentsu-Creative_\u00a9Andrea-Mariani-2048x760.jpg 2048w\" sizes=\"(max-width: 1024px) 100vw, 1024px\" \/><figcaption class=\"wp-element-caption\">Tram, Communication Project Salone del Mobile.Milano 2025 by Dentsu Creative<\/figcaption><\/figure><\/div>\n\n\n<p>Il conto alla rovescia per la 63\u00aa edizione del Salone del Mobile.Milano (8-13 aprile, Fiera Milano Rho) \u00e8 iniziato. Ancora una volta si preannuncia come l&#8217;evento internazionale di riferimento per l\u2019industria, con oltre 2.000 espositori (di cui il 38% dall\u2019estero), 148 brand tra nuovi partecipanti e ritorni, distribuiti su 169.000 metri quadrati di spazio espositivo completamente esaurito. Tra questi, oltre 32.000 metri quadrati saranno dedicati al grande ritorno della Biennale Euroluce, dopo il successo dell\u2019edizione 2023 di The City of Lights, con pi\u00f9 di 300 brand da 25 paesi. Senza dimenticare SaloneSatellite, con 700 designer under 35 e 20 scuole e universit\u00e0 internazionali.<\/p>\n\n\n<div class=\"wp-block-image\">\n<figure class=\"aligncenter size-large\"><img decoding=\"async\" width=\"1024\" height=\"683\" src=\"https:\/\/www.thesignspeaking.com\/wp-content\/uploads\/2025\/03\/2_Design-Kiosk_Salone-del-Mobile.Milano-2024-1024x683.jpg\" alt=\"\" class=\"wp-image-17241\" srcset=\"https:\/\/www.thesignspeaking.com\/wp-content\/uploads\/2025\/03\/2_Design-Kiosk_Salone-del-Mobile.Milano-2024-1024x683.jpg 1024w, https:\/\/www.thesignspeaking.com\/wp-content\/uploads\/2025\/03\/2_Design-Kiosk_Salone-del-Mobile.Milano-2024-300x200.jpg 300w, https:\/\/www.thesignspeaking.com\/wp-content\/uploads\/2025\/03\/2_Design-Kiosk_Salone-del-Mobile.Milano-2024-768x512.jpg 768w, https:\/\/www.thesignspeaking.com\/wp-content\/uploads\/2025\/03\/2_Design-Kiosk_Salone-del-Mobile.Milano-2024-1536x1024.jpg 1536w, https:\/\/www.thesignspeaking.com\/wp-content\/uploads\/2025\/03\/2_Design-Kiosk_Salone-del-Mobile.Milano-2024-2048x1365.jpg 2048w, https:\/\/www.thesignspeaking.com\/wp-content\/uploads\/2025\/03\/2_Design-Kiosk_Salone-del-Mobile.Milano-2024-360x240.jpg 360w\" sizes=\"(max-width: 1024px) 100vw, 1024px\" \/><\/figure><\/div>\n\n\n<p><br>Questi numeri sono il risultato di un\u2019intensa attivit\u00e0 di scouting e promozione, confermando il Salone come piattaforma strategica per il business, l\u2019innovazione sostenibile e l\u2019internazionalizzazione. L&#8217;evento attira ogni anno un pubblico sempre pi\u00f9 vasto e qualificato di professionisti da tutto il mondo (oltre 370.000 visitatori da 146 paesi nel 2024).<\/p>\n\n\n\n<p>Un solo dato evidenzia l&#8217;importanza dell&#8217;evento: 9,2 miliardi di euro. Questo \u00e8 il fatturato totale dei brand italiani che esporranno al Salone 2025, pari al 34% del fatturato dell\u2019intero Macro Sistema Arredo italiano (oltre 21.000 aziende). A questo si aggiungono quasi 7 miliardi di euro di fatturato generato dai brand esteri, confermando il Salone come un modello in crescita, un ecosistema che supporta lo sviluppo e promuove un business innovativo, sostenibile e orientato al futuro.<\/p>\n\n\n<div class=\"wp-block-image\">\n<figure class=\"aligncenter size-large\"><img decoding=\"async\" width=\"1024\" height=\"659\" src=\"https:\/\/www.thesignspeaking.com\/wp-content\/uploads\/2025\/03\/13_Preliminary-site-visit_Mother_Robert-Wilson-1024x659.jpg\" alt=\"\" class=\"wp-image-17242\" srcset=\"https:\/\/www.thesignspeaking.com\/wp-content\/uploads\/2025\/03\/13_Preliminary-site-visit_Mother_Robert-Wilson-1024x659.jpg 1024w, https:\/\/www.thesignspeaking.com\/wp-content\/uploads\/2025\/03\/13_Preliminary-site-visit_Mother_Robert-Wilson-300x193.jpg 300w, https:\/\/www.thesignspeaking.com\/wp-content\/uploads\/2025\/03\/13_Preliminary-site-visit_Mother_Robert-Wilson-768x494.jpg 768w, https:\/\/www.thesignspeaking.com\/wp-content\/uploads\/2025\/03\/13_Preliminary-site-visit_Mother_Robert-Wilson-1536x989.jpg 1536w, https:\/\/www.thesignspeaking.com\/wp-content\/uploads\/2025\/03\/13_Preliminary-site-visit_Mother_Robert-Wilson-100x65.jpg 100w, https:\/\/www.thesignspeaking.com\/wp-content\/uploads\/2025\/03\/13_Preliminary-site-visit_Mother_Robert-Wilson.jpg 1920w\" sizes=\"(max-width: 1024px) 100vw, 1024px\" \/><figcaption class=\"wp-element-caption\">Preliminary site visit with Robert Wilson. Museo Piet\u00e0 Rondanini, Castello Sforzesco \u00a9Archivio Change Performing Arts<\/figcaption><\/figure><\/div>\n\n\n<p>Il Salone 2025 offrir\u00e0 un ricco programma culturale con tre installazioni site-specific tra la fiera e la citt\u00e0:<br>Pierre-Yves Rochon \u2013 Villa H\u00e9ritage (Padiglioni 13-15)<br>Paolo Sorrentino \u2013 La dolce attesa (Padiglioni 22-24)<br>Robert Wilson \u2013 Mother (Museo Piet\u00e0 Rondanini \u2013 Castello Sforzesco)<\/p>\n\n\n\n<p>Un focus multidisciplinare sar\u00e0 dedicato al lighting design, protagonista assoluto della prima edizione dell\u2019Euroluce International Lighting Forum (10-11 aprile, The Forest of Space Arena by Sou Fujimoto, Padiglione 2). Inoltre, i Drafting Futures Talks e Round Tables riuniranno alcune delle menti pi\u00f9 brillanti del panorama contemporaneo.<\/p>\n\n\n<div class=\"wp-block-image\">\n<figure class=\"aligncenter size-large\"><img decoding=\"async\" width=\"1024\" height=\"576\" src=\"https:\/\/www.thesignspeaking.com\/wp-content\/uploads\/2025\/03\/01_Villa-Heritage_PYR_-SalonedelMobile2025-1024x576.jpg\" alt=\"\" class=\"wp-image-17239\" srcset=\"https:\/\/www.thesignspeaking.com\/wp-content\/uploads\/2025\/03\/01_Villa-Heritage_PYR_-SalonedelMobile2025-1024x576.jpg 1024w, https:\/\/www.thesignspeaking.com\/wp-content\/uploads\/2025\/03\/01_Villa-Heritage_PYR_-SalonedelMobile2025-300x169.jpg 300w, https:\/\/www.thesignspeaking.com\/wp-content\/uploads\/2025\/03\/01_Villa-Heritage_PYR_-SalonedelMobile2025-768x432.jpg 768w, https:\/\/www.thesignspeaking.com\/wp-content\/uploads\/2025\/03\/01_Villa-Heritage_PYR_-SalonedelMobile2025-1536x864.jpg 1536w, https:\/\/www.thesignspeaking.com\/wp-content\/uploads\/2025\/03\/01_Villa-Heritage_PYR_-SalonedelMobile2025-2048x1152.jpg 2048w\" sizes=\"(max-width: 1024px) 100vw, 1024px\" \/><figcaption class=\"wp-element-caption\">Pierre-Yves Rochon. Villa H\u00e9ritage, Salone del Mobile.Milano 2025 \u00a9PYR<\/figcaption><\/figure><\/div>\n\n\n<p>Maria Porro, Presidente del Salone del Mobile.Milano, ha dichiarato: &#8220;<em>Abbiamo chiuso l\u2019edizione 2024 con numeri record: oltre 370.000 professionisti da 146 paesi. Quest\u2019anno il Salone aprir\u00e0 di nuovo le porte con un&#8217;area espositiva completamente sold out, nonostante le incertezze degli scenari globali. Questo risultato riflette il nostro impegno costante nel migliorare l\u2019esperienza dei visitatori, i servizi al pubblico e agli espositori, le attivit\u00e0 di promozione all\u2019estero e la creazione di nuovi format che ci hanno permesso di stringere alleanze strategiche negli Stati Uniti, in Cina e, di recente, in Arabia Saudita. Quest\u2019ultima collaborazione, avviata a gennaio, apre nuove opportunit\u00e0 per il Made in Italy in un mercato dove le esportazioni del settore sono cresciute del 22,8%. Il Salone \u00e8 un acceleratore di business e un produttore di contenuti. Ogni anno investiamo non solo nella fiera ma anche in un programma culturale di alto livello. Viviamo in un mondo in continua evoluzione, dove dobbiamo interpretare trasformazioni ambientali, culturali, sociali e tecnologiche. Per il Salone, investire nella cultura significa investire nel futuro delle aziende e rafforzarne la competitivit\u00e0 sul lungo termine. Partecipare al Salone significa esporre, connettersi, generare valore e contribuire attivamente all&#8217;evoluzione del settore<\/em>&#8220;. E aggiunge:<br><em>&#8220;Sul fronte della sostenibilit\u00e0, il nostro impegno \u00e8 fondamentale: continuiamo a perseguire nuovi obiettivi per la certificazione ISO 20121 per la gestione sostenibile degli eventi e promuoviamo l\u2019adozione delle Green Guidelines per gli allestimenti. Il Salone significa anche SaloneSatellite, con talenti under 35 da tutto il mondo. \u00c8 un\u2019opportunit\u00e0 unica: il Salone \u00e8 produzione industriale, capitale creativo e capitale umano, \u00e8 Milano, \u00e8 un ponte verso il mondo, \u00e8 il futuro. Nel 2024 il numero di studenti visitatori \u00e8 aumentato del 28,6% e quest&#8217;anno vogliamo incentivare ancora di pi\u00f9 la partecipazione con biglietti a prezzo agevolato per chi sta per entrare nel settore. Con aziende, pensatori e giovani, vogliamo costruire mondi adatti al futuro<\/em>&#8220;.<\/p>\n\n\n<div class=\"wp-block-image\">\n<figure class=\"aligncenter size-large\"><img decoding=\"async\" width=\"1024\" height=\"768\" src=\"https:\/\/www.thesignspeaking.com\/wp-content\/uploads\/2025\/03\/19_The-Forest-of-Space_Salone-del-Mobile-Sketch.-Courtesy-of-VIV-Arts_3-1024x768.jpg\" alt=\"\" class=\"wp-image-17235\" srcset=\"https:\/\/www.thesignspeaking.com\/wp-content\/uploads\/2025\/03\/19_The-Forest-of-Space_Salone-del-Mobile-Sketch.-Courtesy-of-VIV-Arts_3-1024x768.jpg 1024w, https:\/\/www.thesignspeaking.com\/wp-content\/uploads\/2025\/03\/19_The-Forest-of-Space_Salone-del-Mobile-Sketch.-Courtesy-of-VIV-Arts_3-300x225.jpg 300w, https:\/\/www.thesignspeaking.com\/wp-content\/uploads\/2025\/03\/19_The-Forest-of-Space_Salone-del-Mobile-Sketch.-Courtesy-of-VIV-Arts_3-768x576.jpg 768w, https:\/\/www.thesignspeaking.com\/wp-content\/uploads\/2025\/03\/19_The-Forest-of-Space_Salone-del-Mobile-Sketch.-Courtesy-of-VIV-Arts_3-1536x1152.jpg 1536w, https:\/\/www.thesignspeaking.com\/wp-content\/uploads\/2025\/03\/19_The-Forest-of-Space_Salone-del-Mobile-Sketch.-Courtesy-of-VIV-Arts_3.jpg 1598w\" sizes=\"(max-width: 1024px) 100vw, 1024px\" \/><figcaption class=\"wp-element-caption\">Sou Fujimoto. The Forest of Space Original Concept Sketch \u00a9Sou Fujimoto Architect<\/figcaption><\/figure><\/div>\n\n\n<p>Claudio Feltrin, Presidente di FederlegnoArredo, ha sottolineato: &#8220;<em>Il Salone del Mobile.Milano \u00e8 l\u2019espressione pi\u00f9 alta della nostra manifattura industriale e una risorsa indispensabile per le aziende in cerca di nuovi mercati. \u00c8 il palcoscenico internazionale dove un anno di ricerca e innovazione prende vita. \u00c8 grazie alla forza degli espositori e dei prodotti che il Salone continua a dettare tendenze e guidare i mercati mondiali, proprio come gli Oscar per il cinema. Oltre 60 anni fa, un gruppo di imprenditori del mobile ebbe l&#8217;intuizione di organizzare una fiera a Milano per attirare clienti da mercati lontani. Oggi, nonostante il mondo sia cambiato, quella visione rimane vincente: il Salone sprigiona un\u2019energia contagiosa, portando il mondo del design a Milano. \u00c8 dai padiglioni di Rho Fiera che parte un\u2019onda lunga, che investe la citt\u00e0 e coinvolge l\u2019intero settore. Grazie alle aziende che continuano a credere nel Salone: solo insieme possiamo costruire il futuro del design<\/em>&#8220;.<\/p>\n\n\n\n<h3 class=\"wp-block-heading\"><\/h3>\n\n\n\n<p><\/p>\n\n\n\n<h2 class=\"wp-block-heading\">Quattro esposizioni annuali e una biennale<\/h2>\n\n\n\n<p>Accompagnato dalla nuova campagna &#8220;Thought for Humans&#8221;, creata da <a href=\"https:\/\/www.dentsucreative.com\/\">Dentsu<br>Creative Italy<\/a>, che ci ricorda che ogni progetto deve rispondere, in nome dell&#8217;intelligenza emotiva, ai bisogni degli esseri umani, il Salone 2025 presenter\u00e0 quattro esposizioni annuali: il Salone Internazionale del Mobile, il  Salone Internazionale del Complemento d&#8217;Arredo, Workplace3.0 e S.Project. E la biennale Euroluce.<\/p>\n\n\n\n<p>Con oltre 1.000 brand, il Salone proporr\u00e0 un&#8217;esperienza fluida e integrata per i visitatori, con nuovi percorsi tematici e un focus su A Luxury Way (Padiglioni 13-15), un omaggio all\u2019eccellenza italiana nella creazione di oggetti senza tempo.<\/p>\n\n\n\n<p>In linea con il percorso evolutivo intrapreso dal 2023, anche quest&#8217;anno i visitatori saranno al centro di un&#8217;esperienza sempre pi\u00f9 fluida e integrata. Dal punto di vista del layout, l\u2019ultima innovazione riguarda la riprogettazione ad anello di quattro padiglioni (13-15 e 22-24). L&#8217;intera esposizione sar\u00e0 accessibile attraverso nuovi percorsi tematici, consentendo ai visitatori di cogliere le peculiarit\u00e0 di un\u2019offerta senza eguali.<\/p>\n\n\n<div class=\"wp-block-image\">\n<figure class=\"aligncenter size-large\"><img decoding=\"async\" width=\"1024\" height=\"724\" src=\"https:\/\/www.thesignspeaking.com\/wp-content\/uploads\/2025\/03\/07_Communication-Campaign-2025_Thought-for-Humans-1024x724.jpg\" alt=\"\" class=\"wp-image-17240\" srcset=\"https:\/\/www.thesignspeaking.com\/wp-content\/uploads\/2025\/03\/07_Communication-Campaign-2025_Thought-for-Humans-1024x724.jpg 1024w, https:\/\/www.thesignspeaking.com\/wp-content\/uploads\/2025\/03\/07_Communication-Campaign-2025_Thought-for-Humans-300x212.jpg 300w, https:\/\/www.thesignspeaking.com\/wp-content\/uploads\/2025\/03\/07_Communication-Campaign-2025_Thought-for-Humans-768x543.jpg 768w, https:\/\/www.thesignspeaking.com\/wp-content\/uploads\/2025\/03\/07_Communication-Campaign-2025_Thought-for-Humans.jpg 1123w\" sizes=\"(max-width: 1024px) 100vw, 1024px\" \/><\/figure><\/div>\n\n\n<p>In linea con il percorso evolutivo intrapreso dal 2023, anche quest&#8217;anno i visitatori saranno al centro di un&#8217;esperienza sempre pi\u00f9 fluida e integrata. Dal punto di vista del layout, l\u2019ultima innovazione riguarda la riprogettazione ad anello di quattro padiglioni (13-15 e 22-24). L&#8217;intera esposizione sar\u00e0 accessibile attraverso nuovi percorsi tematici, consentendo ai visitatori di cogliere le peculiarit\u00e0 di un\u2019offerta senza eguali.<\/p>\n\n\n\n<p>Un nuovo focus sar\u00e0 dedicato all\u2019abilit\u00e0 tutta italiana di creare oggetti senza tempo, con l\u2019introduzione di <em>A Luxury Way<\/em> (Padiglioni 13-15). SaloneSatellite, con 700 designer provenienti da 36 Paesi e 20 scuole e universit\u00e0 internazionali di design, continuer\u00e0 a puntare sui giovani talenti under 35. Il tema della 26\u00aa edizione sar\u00e0 <em>New Craftsmanship: a New World<\/em>, un invito a re-immaginare l\u2019universo dell\u2019artigianato oltre il linguaggio tradizionale. L\u2019obiettivo \u00e8 creare un ponte tra il patrimonio e il futuro, partendo dall\u2019idea che l\u2019artigianato possa generare nuove interazioni con il design contemporaneo, nel nome della sostenibilit\u00e0 e del valore delle identit\u00e0 culturali locali. Una riflessione stimolante per un settore che, nelle sue molteplici declinazioni, deve rispondere alle esigenze di una domanda in continua evoluzione e ai nuovi mercati di esportazione.<\/p>\n\n\n\n<p>Anche quest\u2019anno, l\u2019<strong>ITA \u2013 Italian Trade Agency<\/strong> ha offerto un supporto fondamentale al Salone del Mobile.Milano nella creazione di nuovi format espositivi negli Stati Uniti e in Cina, due mercati chiave. Il Salone ha inoltre proseguito il suo viaggio promozionale in Europa, Canada e India con il tour internazionale <em>Salone, Milano and beyond<\/em>, accettando infine l&#8217;invito a partecipare all\u2019edizione 2025 dell\u2019<strong>Italian Design Day<\/strong>, promosso dal Ministero degli Affari Esteri e della Cooperazione Internazionale. Un&#8217;iniziativa che rappresenta il meglio del <em>Made in Italy<\/em> nelle capitali di Messico, Indonesia e Arabia Saudita.<\/p>\n\n\n\n<p>Nel mese di aprile, ITA confermer\u00e0 il suo impegno per l&#8217;evento portando a Milano il pi\u00f9 alto numero di professionisti qualificati provenienti da 35 Paesi diversi. Ad accoglierli sar\u00e0 l&#8217;<strong>IBL \u2013 International Business Lounge<\/strong> (Padiglioni 13 e 15). Le delegazioni europee arriveranno da Francia, Germania, Spagna e Regno Unito, mentre sono attesi professionisti anche da mercati pi\u00f9 lontani, tra cui Arabia Saudita, Australia, Azerbaigian, Canada, Cile, Cina, Corea del Sud, Emirati Arabi Uniti, Giappone, India, Messico, Qatar, Singapore, Stati Uniti e Sudafrica.<\/p>\n\n\n\n<p><strong>Prossimamente:<\/strong> <em>Thought for Humans.<\/em> illuminer\u00e0 Milano con maxischermi, torner\u00e0 il <strong>Design Kiosk<\/strong> in Piazza della Scala (dal 1\u00b0 aprile) e sar\u00e0 attivo il <strong>Welcome Project<\/strong>, con oltre 100 studenti posizionati in sei punti strategici della citt\u00e0 per coinvolgere residenti e visitatori e facilitare il flusso di informazioni durante la Design Week. Il progetto \u00e8 realizzato in collaborazione con il <strong>Comune di Milano, Fondazione Fiera Milano, NABA \u2013 Nuova Accademia delle Belle Arti, IED \u2013 Istituto Europeo di Design, Politecnico di Milano \u2013 Scuola del Design e Domus Academy<\/strong>.<\/p>\n\n\n\n<p>E molto altro ancora in arrivo. <\/p>\n\n\n\n<p>Milano si prepara ad accogliere il futuro del design. Il conto alla rovescia \u00e8 iniziato<strong>.<\/strong><\/p>\n\n\n<div class=\"wp-block-image\">\n<figure class=\"aligncenter size-large\"><img decoding=\"async\" width=\"1024\" height=\"683\" src=\"https:\/\/www.thesignspeaking.com\/wp-content\/uploads\/2025\/03\/1_Design-Kiosk_Salone-del-Mobile.Milano-2024-1-1024x683.jpg\" alt=\"\" class=\"wp-image-17238\" srcset=\"https:\/\/www.thesignspeaking.com\/wp-content\/uploads\/2025\/03\/1_Design-Kiosk_Salone-del-Mobile.Milano-2024-1-1024x683.jpg 1024w, https:\/\/www.thesignspeaking.com\/wp-content\/uploads\/2025\/03\/1_Design-Kiosk_Salone-del-Mobile.Milano-2024-1-300x200.jpg 300w, https:\/\/www.thesignspeaking.com\/wp-content\/uploads\/2025\/03\/1_Design-Kiosk_Salone-del-Mobile.Milano-2024-1-768x512.jpg 768w, https:\/\/www.thesignspeaking.com\/wp-content\/uploads\/2025\/03\/1_Design-Kiosk_Salone-del-Mobile.Milano-2024-1-1536x1024.jpg 1536w, https:\/\/www.thesignspeaking.com\/wp-content\/uploads\/2025\/03\/1_Design-Kiosk_Salone-del-Mobile.Milano-2024-1-2048x1365.jpg 2048w, https:\/\/www.thesignspeaking.com\/wp-content\/uploads\/2025\/03\/1_Design-Kiosk_Salone-del-Mobile.Milano-2024-1-360x240.jpg 360w\" sizes=\"(max-width: 1024px) 100vw, 1024px\" \/><figcaption class=\"wp-element-caption\">Design Kiosk, Salone del Mobile.Milano 2024, Project curated by DWA-Design Studio<\/figcaption><\/figure><\/div><\/span>","protected":false},"excerpt":{"rendered":"<p>Oltre 2.000 espositori da 37 paesi. Produzione industriale, innovazione sostenibile, intelligenza emotiva. La 63\u00aa edizione del Salone del Mobile.Milano lancia una nuova sfida: costruire mondi adatti al futuro L\u2019edizione 2025 del Salone, che si terr\u00e0 a Fiera Milano Rho dall&#8217;8 al 13 aprile, rafforza il suo ruolo di acceleratore strategico dell\u2019eccellenza del settore, guidando il [&hellip;]<\/p>\n","protected":false},"author":4,"featured_media":17236,"comment_status":"open","ping_status":"open","sticky":false,"template":"","format":"standard","meta":[],"categories":[7],"tags":[27,85,6,131,209],"_links":{"self":[{"href":"https:\/\/www.thesignspeaking.com\/it\/wp-json\/wp\/v2\/posts\/17234"}],"collection":[{"href":"https:\/\/www.thesignspeaking.com\/it\/wp-json\/wp\/v2\/posts"}],"about":[{"href":"https:\/\/www.thesignspeaking.com\/it\/wp-json\/wp\/v2\/types\/post"}],"author":[{"embeddable":true,"href":"https:\/\/www.thesignspeaking.com\/it\/wp-json\/wp\/v2\/users\/4"}],"replies":[{"embeddable":true,"href":"https:\/\/www.thesignspeaking.com\/it\/wp-json\/wp\/v2\/comments?post=17234"}],"version-history":[{"count":12,"href":"https:\/\/www.thesignspeaking.com\/it\/wp-json\/wp\/v2\/posts\/17234\/revisions"}],"predecessor-version":[{"id":17262,"href":"https:\/\/www.thesignspeaking.com\/it\/wp-json\/wp\/v2\/posts\/17234\/revisions\/17262"}],"wp:featuredmedia":[{"embeddable":true,"href":"https:\/\/www.thesignspeaking.com\/it\/wp-json\/wp\/v2\/media\/17236"}],"wp:attachment":[{"href":"https:\/\/www.thesignspeaking.com\/it\/wp-json\/wp\/v2\/media?parent=17234"}],"wp:term":[{"taxonomy":"category","embeddable":true,"href":"https:\/\/www.thesignspeaking.com\/it\/wp-json\/wp\/v2\/categories?post=17234"},{"taxonomy":"post_tag","embeddable":true,"href":"https:\/\/www.thesignspeaking.com\/it\/wp-json\/wp\/v2\/tags?post=17234"}],"curies":[{"name":"wp","href":"https:\/\/api.w.org\/{rel}","templated":true}]}}