{"id":17293,"date":"2025-04-24T16:31:51","date_gmt":"2025-04-24T14:31:51","guid":{"rendered":"https:\/\/www.thesignspeaking.com\/?p=17293"},"modified":"2025-04-24T16:45:01","modified_gmt":"2025-04-24T14:45:01","slug":"actius-meetia-designed-by-ramon-esteve-wins-an-if-design-award-2025","status":"publish","type":"post","link":"https:\/\/www.thesignspeaking.com\/it\/actius-meetia-designed-by-ramon-esteve-wins-an-if-design-award-2025\/","title":{"rendered":"MEETIA DI ACTIU, DISEGNATA DA RAM\u00d3N ESTEVE, VINCE L\u2019iF DESIGN AWARD 2025"},"content":{"rendered":"<span class=\"cb-itemprop\" itemprop=\"reviewBody\">\n<h2 class=\"wp-block-heading\"><strong>Una fusione tra eleganza industriale e funzionalit\u00e0 per l\u2019hospitality<\/strong><\/h2>\n\n\n\n<p>Le poltrone e i divani <em>Meetia<\/em>, progettati dal celebre architetto e designer <a href=\"https:\/\/www.ramonesteve.com\/\">Ram\u00f3n Esteve<\/a>, hanno vinto un iF Design Award 2025. La collezione fonde elegantemente lo stile industriale con la funzionalit\u00e0 tipica dell\u2019arredo per l\u2019hospitality.<\/p>\n\n\n<div class=\"wp-block-image\">\n<figure class=\"aligncenter size-large\"><img decoding=\"async\" width=\"1024\" height=\"683\" src=\"https:\/\/www.thesignspeaking.com\/wp-content\/uploads\/2025\/04\/Act_Meetia_\u00aeOdosdesign_12-1024x683.jpg\" alt=\"\" class=\"wp-image-17299\" srcset=\"https:\/\/www.thesignspeaking.com\/wp-content\/uploads\/2025\/04\/Act_Meetia_\u00aeOdosdesign_12-1024x683.jpg 1024w, https:\/\/www.thesignspeaking.com\/wp-content\/uploads\/2025\/04\/Act_Meetia_\u00aeOdosdesign_12-300x200.jpg 300w, https:\/\/www.thesignspeaking.com\/wp-content\/uploads\/2025\/04\/Act_Meetia_\u00aeOdosdesign_12-768x512.jpg 768w, https:\/\/www.thesignspeaking.com\/wp-content\/uploads\/2025\/04\/Act_Meetia_\u00aeOdosdesign_12-1536x1024.jpg 1536w, https:\/\/www.thesignspeaking.com\/wp-content\/uploads\/2025\/04\/Act_Meetia_\u00aeOdosdesign_12-360x240.jpg 360w, https:\/\/www.thesignspeaking.com\/wp-content\/uploads\/2025\/04\/Act_Meetia_\u00aeOdosdesign_12.jpg 1626w\" sizes=\"(max-width: 1024px) 100vw, 1024px\" \/><\/figure><\/div>\n\n\n<p>Realizzata da <a href=\"https:\/\/www.actiu.com\/es\/\">Actiu<\/a>, azienda specializzata nella progettazione e produzione di arredi per spazi aziendali, contract, educativi e sanitari, <em>Meetia<\/em> unisce una struttura perimetrale in tubo d\u2019acciaio a una seduta avvolgente che offre un comfort ottimale. L\u2019imbottitura morbida \u00e8 rivestita con tessuti sostenibili, in linea con l\u2019impegno ambientale del brand.<\/p>\n\n\n<div class=\"wp-block-image\">\n<figure class=\"aligncenter size-large\"><img decoding=\"async\" width=\"682\" height=\"1024\" src=\"https:\/\/www.thesignspeaking.com\/wp-content\/uploads\/2025\/04\/Act_Meetia_\u00aeOdosdesign_33-682x1024.jpg\" alt=\"\" class=\"wp-image-17294\" srcset=\"https:\/\/www.thesignspeaking.com\/wp-content\/uploads\/2025\/04\/Act_Meetia_\u00aeOdosdesign_33-682x1024.jpg 682w, https:\/\/www.thesignspeaking.com\/wp-content\/uploads\/2025\/04\/Act_Meetia_\u00aeOdosdesign_33-200x300.jpg 200w, https:\/\/www.thesignspeaking.com\/wp-content\/uploads\/2025\/04\/Act_Meetia_\u00aeOdosdesign_33-768x1152.jpg 768w, https:\/\/www.thesignspeaking.com\/wp-content\/uploads\/2025\/04\/Act_Meetia_\u00aeOdosdesign_33-1024x1536.jpg 1024w, https:\/\/www.thesignspeaking.com\/wp-content\/uploads\/2025\/04\/Act_Meetia_\u00aeOdosdesign_33.jpg 1057w\" sizes=\"(max-width: 682px) 100vw, 682px\" \/><figcaption class=\"wp-element-caption\">Meetia, design Ram\u00f3n Esteve for Actiu, photo \u00aeOdosdesign<\/figcaption><\/figure><\/div>\n\n\n<p>L\u2019iF Design Award, conferito dall\u2019iF International Forum Design, \u00e8 uno dei pi\u00f9 prestigiosi riconoscimenti al design a livello mondiale. Da oltre 70 anni premia l\u2019eccellenza e l\u2019innovazione nel campo del design.<\/p>\n\n\n<div class=\"wp-block-image\">\n<figure class=\"aligncenter size-large\"><img decoding=\"async\" width=\"1024\" height=\"682\" src=\"https:\/\/www.thesignspeaking.com\/wp-content\/uploads\/2025\/04\/Act_Meetia_\u00aeOdosdesign_32-1024x682.jpg\" alt=\"\" class=\"wp-image-17295\" srcset=\"https:\/\/www.thesignspeaking.com\/wp-content\/uploads\/2025\/04\/Act_Meetia_\u00aeOdosdesign_32-1024x682.jpg 1024w, https:\/\/www.thesignspeaking.com\/wp-content\/uploads\/2025\/04\/Act_Meetia_\u00aeOdosdesign_32-300x200.jpg 300w, https:\/\/www.thesignspeaking.com\/wp-content\/uploads\/2025\/04\/Act_Meetia_\u00aeOdosdesign_32-768x512.jpg 768w, https:\/\/www.thesignspeaking.com\/wp-content\/uploads\/2025\/04\/Act_Meetia_\u00aeOdosdesign_32-1536x1024.jpg 1536w, https:\/\/www.thesignspeaking.com\/wp-content\/uploads\/2025\/04\/Act_Meetia_\u00aeOdosdesign_32-360x240.jpg 360w, https:\/\/www.thesignspeaking.com\/wp-content\/uploads\/2025\/04\/Act_Meetia_\u00aeOdosdesign_32.jpg 1586w\" sizes=\"(max-width: 1024px) 100vw, 1024px\" \/><figcaption class=\"wp-element-caption\">Meetia, design Ram\u00f3n Esteve for Actiu, photo \u00aeOdosdesign<\/figcaption><\/figure><\/div>\n\n\n<p><em>\u201cMeetia \u00e8 il risultato di una collaborazione esemplare tra design e industria. Rappresenta l\u2019equilibrio perfetto tra qualit\u00e0, estetica e creativit\u00e0. In Actiu siamo riusciti a portare questo concetto nella realt\u00e0 industriale, rendendolo tangibile attraverso i materiali e i processi produttivi,\u201d<\/em> ha dichiarato Soledat Berbegal, membro del consiglio di amministrazione e direttrice della reputazione del marchio Actiu.<\/p>\n\n\n\n<p><em>\u201cRiunisce design, sostenibilit\u00e0, eleganza, comfort e bellezza. \u00c8 un sistema modulare, facilmente assemblabile, con parti intercambiabili e materiali nobili che ne esaltano estetica e funzionalit\u00e0. Realizzarlo \u00e8 stato un grande successo, e questo iF Design Award rappresenta un importante riconoscimento da parte dell\u2019industria.\u201d<\/em><\/p>\n\n\n<div class=\"wp-block-image\">\n<figure class=\"aligncenter size-large\"><img decoding=\"async\" width=\"1024\" height=\"683\" src=\"https:\/\/www.thesignspeaking.com\/wp-content\/uploads\/2025\/04\/Act_Meetia_\u00aeOdosdesign_08-1024x683.jpg\" alt=\"\" class=\"wp-image-17300\" srcset=\"https:\/\/www.thesignspeaking.com\/wp-content\/uploads\/2025\/04\/Act_Meetia_\u00aeOdosdesign_08-1024x683.jpg 1024w, https:\/\/www.thesignspeaking.com\/wp-content\/uploads\/2025\/04\/Act_Meetia_\u00aeOdosdesign_08-300x200.jpg 300w, https:\/\/www.thesignspeaking.com\/wp-content\/uploads\/2025\/04\/Act_Meetia_\u00aeOdosdesign_08-768x512.jpg 768w, https:\/\/www.thesignspeaking.com\/wp-content\/uploads\/2025\/04\/Act_Meetia_\u00aeOdosdesign_08-1536x1024.jpg 1536w, https:\/\/www.thesignspeaking.com\/wp-content\/uploads\/2025\/04\/Act_Meetia_\u00aeOdosdesign_08-360x240.jpg 360w, https:\/\/www.thesignspeaking.com\/wp-content\/uploads\/2025\/04\/Act_Meetia_\u00aeOdosdesign_08.jpg 1626w\" sizes=\"(max-width: 1024px) 100vw, 1024px\" \/><figcaption class=\"wp-element-caption\">Meetia, design Ram\u00f3n Esteve for Actiu, photo \u00aeOdosdesign<\/figcaption><\/figure><\/div>\n\n\n<p><em>Meetia<\/em> ha ricevuto il premio nella categoria Product Design \u2013 Home Furniture, distinguendosi tra quasi 11.000 candidature provenienti da 66 Paesi.<\/p>\n\n\n\n<p>Secondo Ram\u00f3n Esteve, <em>Meetia<\/em> nasce da una ricerca continua: <em>\u201cCome trasformare la geometria in emozione, attraverso la materia e la luce. Ogni linea \u00e8 pensata per dialogare con l\u2019ambiente, come parte di un insieme armonico.\u201d<\/em><\/p>\n\n\n\n<figure class=\"wp-block-embed aligncenter is-type-video is-provider-youtube wp-block-embed-youtube wp-embed-aspect-4-3 wp-has-aspect-ratio\"><div class=\"wp-block-embed__wrapper\">\n<iframe title=\"Actiu&#039;s MEETIA designed by Ramon Esteve\" width=\"1200\" height=\"900\" src=\"https:\/\/www.youtube.com\/embed\/rEkh_XSjRQQ?feature=oembed\" frameborder=\"0\" allow=\"accelerometer; autoplay; clipboard-write; encrypted-media; gyroscope; picture-in-picture; web-share\" referrerpolicy=\"strict-origin-when-cross-origin\" allowfullscreen><\/iframe>\n<\/div><\/figure>\n\n\n\n<p>La giuria internazionale, composta da 131 esperti indipendenti di design, ha premiato <em>Meetia<\/em> per aver ridefinito i confini tra creativit\u00e0 e artigianalit\u00e0 industriale. Grazie alla sua solidit\u00e0 strutturale, variet\u00e0 di configurazioni, ricchezza di texture e finiture raffinate, la collezione promuove il benessere e il comfort in una vasta gamma di ambienti: dagli spazi aziendali e pubblici agli interni privati.<\/p>\n\n\n\n<p>Ogni pezzo della collezione <em>Meetia<\/em> \u00e8 il frutto della visione condivisa tra Actiu e Ram\u00f3n Esteve: un prodotto raffinato, durevole e sostenibile, che unisce il design senza tempo alla sensibilit\u00e0 architettonica contemporanea. <em>Meetia<\/em> si distingue per la sua verticalit\u00e0, l\u2019estetica audace dei giunti strutturali, l\u2019eleganza, la versatilit\u00e0, la personalizzazione e la lunga durata. Tutti i componenti sono facili da sostituire e riparare, garantendo cos\u00ec una lunga vita al prodotto e un basso impatto ambientale.<\/p>\n\n\n<div class=\"wp-block-image\">\n<figure class=\"aligncenter size-large\"><img decoding=\"async\" width=\"683\" height=\"1024\" src=\"https:\/\/www.thesignspeaking.com\/wp-content\/uploads\/2025\/04\/Act_Meetia_\u00aeOdosdesign_21-683x1024.jpg\" alt=\"\" class=\"wp-image-17296\" srcset=\"https:\/\/www.thesignspeaking.com\/wp-content\/uploads\/2025\/04\/Act_Meetia_\u00aeOdosdesign_21-683x1024.jpg 683w, https:\/\/www.thesignspeaking.com\/wp-content\/uploads\/2025\/04\/Act_Meetia_\u00aeOdosdesign_21-200x300.jpg 200w, https:\/\/www.thesignspeaking.com\/wp-content\/uploads\/2025\/04\/Act_Meetia_\u00aeOdosdesign_21-768x1152.jpg 768w, https:\/\/www.thesignspeaking.com\/wp-content\/uploads\/2025\/04\/Act_Meetia_\u00aeOdosdesign_21-1024x1536.jpg 1024w, https:\/\/www.thesignspeaking.com\/wp-content\/uploads\/2025\/04\/Act_Meetia_\u00aeOdosdesign_21.jpg 1084w\" sizes=\"(max-width: 683px) 100vw, 683px\" \/><\/figure><\/div>\n\n\n<p><\/p>\n\n\n\n<p><strong>Actiu<\/strong><br>Actiu \u00e8 l\u2019azienda leader in Spagna nella progettazione e produzione di mobili per spazi aziendali, contract, sanitari ed educativi. Con oltre 50 anni di esperienza, questa impresa familiare crea soluzioni efficienti e confortevoli. Il suo Parco Tecnologico a Castalla (Alicante) \u00e8 il primo edificio industriale al mondo ad aver ottenuto contemporaneamente le certificazioni LEED e WELL Platinum. I suoi prodotti hanno ricevuto premi prestigiosi come Red Dot, Design Preis, FX, Premios Delta, iF Design e The Best of NeoCon. Nel 2017, Actiu ha ricevuto il Premio Nazionale per il Design, e il suo fondatore Vicente Berbegal \u00e8 stato nominato Imprenditore Europeo dell\u2019Anno.<\/p>\n\n\n\n<p><\/p>\n\n\n\n<p><\/p>\n\n\n\n<p><strong>iF DESIGN AWARD<\/strong><br>Fondato nel 1954, l\u2019iF DESIGN AWARD \u00e8 uno dei concorsi di design pi\u00f9 riconosciuti al mondo. Premia i migliori risultati nel design in tutte le discipline: prodotto, packaging, comunicazione, design di servizi, architettura, interior design, UX e UI. Tutti i progetti vincitori sono pubblicati su <a href=\"https:\/\/ifdesign.com\/\">ifdesign.com<\/a>.<\/p>\n<\/span>","protected":false},"excerpt":{"rendered":"<p>Una fusione tra eleganza industriale e funzionalit\u00e0 per l\u2019hospitality Le poltrone e i divani Meetia, progettati dal celebre architetto e designer Ram\u00f3n Esteve, hanno vinto un iF Design Award 2025. La collezione fonde elegantemente lo stile industriale con la funzionalit\u00e0 tipica dell\u2019arredo per l\u2019hospitality. Realizzata da Actiu, azienda specializzata nella progettazione e produzione di arredi [&hellip;]<\/p>\n","protected":false},"author":4,"featured_media":17299,"comment_status":"open","ping_status":"open","sticky":false,"template":"","format":"standard","meta":[],"categories":[7],"tags":[2197,1327,27,215,908,418,6,2198,1428],"_links":{"self":[{"href":"https:\/\/www.thesignspeaking.com\/it\/wp-json\/wp\/v2\/posts\/17293"}],"collection":[{"href":"https:\/\/www.thesignspeaking.com\/it\/wp-json\/wp\/v2\/posts"}],"about":[{"href":"https:\/\/www.thesignspeaking.com\/it\/wp-json\/wp\/v2\/types\/post"}],"author":[{"embeddable":true,"href":"https:\/\/www.thesignspeaking.com\/it\/wp-json\/wp\/v2\/users\/4"}],"replies":[{"embeddable":true,"href":"https:\/\/www.thesignspeaking.com\/it\/wp-json\/wp\/v2\/comments?post=17293"}],"version-history":[{"count":3,"href":"https:\/\/www.thesignspeaking.com\/it\/wp-json\/wp\/v2\/posts\/17293\/revisions"}],"predecessor-version":[{"id":17305,"href":"https:\/\/www.thesignspeaking.com\/it\/wp-json\/wp\/v2\/posts\/17293\/revisions\/17305"}],"wp:featuredmedia":[{"embeddable":true,"href":"https:\/\/www.thesignspeaking.com\/it\/wp-json\/wp\/v2\/media\/17299"}],"wp:attachment":[{"href":"https:\/\/www.thesignspeaking.com\/it\/wp-json\/wp\/v2\/media?parent=17293"}],"wp:term":[{"taxonomy":"category","embeddable":true,"href":"https:\/\/www.thesignspeaking.com\/it\/wp-json\/wp\/v2\/categories?post=17293"},{"taxonomy":"post_tag","embeddable":true,"href":"https:\/\/www.thesignspeaking.com\/it\/wp-json\/wp\/v2\/tags?post=17293"}],"curies":[{"name":"wp","href":"https:\/\/api.w.org\/{rel}","templated":true}]}}