{"id":17312,"date":"2025-05-02T13:20:47","date_gmt":"2025-05-02T11:20:47","guid":{"rendered":"https:\/\/www.thesignspeaking.com\/?p=17312"},"modified":"2025-05-02T13:27:46","modified_gmt":"2025-05-02T11:27:46","slug":"the-shape-of-things-to-come","status":"publish","type":"post","link":"https:\/\/www.thesignspeaking.com\/it\/the-shape-of-things-to-come\/","title":{"rendered":"LA FORMA DELLE COSE CHE VERRANNO"},"content":{"rendered":"<span class=\"cb-itemprop\" itemprop=\"reviewBody\">\n<h2 class=\"wp-block-heading\"><strong>Dall&#8217;8 maggio al 28 settembre, l&#8217;iconico negozio Olivetti di Piazza San Marco a Venezia ospita la mostra di Formafantasma, curata da Bartolomeo Pietromarchi<\/strong><\/h2>\n\n\n\n<p>In occasione della Biennale Architettura 2025 di Venezia, il <a href=\"https:\/\/fondoambiente.it\/\">FAI <\/a>Fondo per l&#8217;Ambiente Italiano, presenta <em>\u201cThe Shape of Things to Come\u201d<\/em>, una mostra del celebre duo di designer <a href=\"https:\/\/formafantasma.com\/\">Formafantasma<\/a>, curata da Bartolomeo Pietromarchi e ospitata nel suggestivo Negozio Olivetti in Piazza San Marco.<\/p>\n\n\n<div class=\"wp-block-image\">\n<figure class=\"aligncenter size-large\"><img decoding=\"async\" width=\"768\" height=\"1024\" src=\"https:\/\/www.thesignspeaking.com\/wp-content\/uploads\/2025\/05\/olivetti-formafantasma-768x1024.jpeg\" alt=\"\" class=\"wp-image-17317\" srcset=\"https:\/\/www.thesignspeaking.com\/wp-content\/uploads\/2025\/05\/olivetti-formafantasma-768x1023.jpeg 768w, https:\/\/www.thesignspeaking.com\/wp-content\/uploads\/2025\/05\/olivetti-formafantasma-225x300.jpeg 225w, https:\/\/www.thesignspeaking.com\/wp-content\/uploads\/2025\/05\/olivetti-formafantasma-1153x1536.jpeg 1153w, https:\/\/www.thesignspeaking.com\/wp-content\/uploads\/2025\/05\/olivetti-formafantasma.jpeg 1158w\" sizes=\"(max-width: 768px) 100vw, 768px\" \/><figcaption class=\"wp-element-caption\">Formafantasma, Olivetti, Venice<\/figcaption><\/figure><\/div>\n\n\n<p>Il progetto dialoga profondamente con il luogo che lo accoglie: uno spazio progettato da Carlo Scarpa, considerato un capolavoro del modernismo architettonico, e con la storia di Olivetti, azienda simbolo di innovazione tecnologica, eccellenza estetica e responsabilit\u00e0 sociale. La mostra si inserisce pienamente nel tema della Biennale, esplorando i legami tra architettura, scienza e tecnologia, e al tempo stesso riflette sui valori fondanti del FAI, come la tutela del patrimonio e dell\u2019ambiente, in un anno particolarmente significativo per l\u2019istituzione, che celebra i suoi 50 anni di attivit\u00e0.<\/p>\n\n\n\n<p>Come osserva il curatore Bartolomeo Pietromarchi, la mostra mette in scena una tensione affascinante tra l\u2019effimero del consumo contemporaneo \u2013 rappresentato in particolare dal concetto di obsolescenza programmata \u2013 e la durabilit\u00e0 intrinseca delle architetture di Scarpa e dei prodotti Olivetti, progettati per resistere nel tempo grazie alla qualit\u00e0 dei materiali e delle soluzioni formali.<\/p>\n\n\n<div class=\"wp-block-image\">\n<figure class=\"aligncenter size-large\"><img decoding=\"async\" width=\"834\" height=\"1024\" src=\"https:\/\/www.thesignspeaking.com\/wp-content\/uploads\/2025\/05\/olivetti-formafantasma-3-834x1024.jpeg\" alt=\"\" class=\"wp-image-17313\" srcset=\"https:\/\/www.thesignspeaking.com\/wp-content\/uploads\/2025\/05\/olivetti-formafantasma-3-834x1024.jpeg 834w, https:\/\/www.thesignspeaking.com\/wp-content\/uploads\/2025\/05\/olivetti-formafantasma-3-244x300.jpeg 244w, https:\/\/www.thesignspeaking.com\/wp-content\/uploads\/2025\/05\/olivetti-formafantasma-3-768x943.jpeg 768w, https:\/\/www.thesignspeaking.com\/wp-content\/uploads\/2025\/05\/olivetti-formafantasma-3.jpeg 1157w\" sizes=\"(max-width: 834px) 100vw, 834px\" \/><figcaption class=\"wp-element-caption\">Formafantasma, Olivetti, Venice<\/figcaption><\/figure><\/div>\n\n\n<h2 class=\"wp-block-heading\">Un nuovo capitolo di Ore Streams<\/h2>\n\n\n\n<p>Il punto di partenza del progetto veneziano \u00e8 Ore Streams, ricerca avviata da Formafantasma nel 2017 sul riciclo dei rifiuti elettronici. In questa nuova tappa, la riflessione si amplia con oggetti di design, video documentari e animazioni 3D, che indagano l\u2019impatto ambientale del settore tecnologico, sottolineando il potenziale del design come strumento di trasformazione e consapevolezza.<\/p>\n\n\n<div class=\"wp-block-image\">\n<figure class=\"aligncenter size-large\"><img decoding=\"async\" width=\"1024\" height=\"768\" src=\"https:\/\/www.thesignspeaking.com\/wp-content\/uploads\/2025\/05\/formafantasma-olivetti-1024x768.jpeg\" alt=\"\" class=\"wp-image-17314\" srcset=\"https:\/\/www.thesignspeaking.com\/wp-content\/uploads\/2025\/05\/formafantasma-olivetti-1024x768.jpeg 1024w, https:\/\/www.thesignspeaking.com\/wp-content\/uploads\/2025\/05\/formafantasma-olivetti-300x225.jpeg 300w, https:\/\/www.thesignspeaking.com\/wp-content\/uploads\/2025\/05\/formafantasma-olivetti-768x576.jpeg 768w, https:\/\/www.thesignspeaking.com\/wp-content\/uploads\/2025\/05\/formafantasma-olivetti-1536x1151.jpeg 1536w, https:\/\/www.thesignspeaking.com\/wp-content\/uploads\/2025\/05\/formafantasma-olivetti-2048x1535.jpeg 2048w\" sizes=\"(max-width: 1024px) 100vw, 1024px\" \/><\/figure><\/div>\n\n\n<p>Ispirata al celebre romanzo di fantascienza di H.G. Wells <em>The Shape of Things to Come<\/em>, la mostra propone una visione alternativa del futuro del design, in cui il riciclo, la sostenibilit\u00e0 e la gestione consapevole delle risorse diventano priorit\u00e0 imprescindibili. Il progetto invita a riconoscere che l\u2019industria elettronica non \u00e8 un\u2019entit\u00e0 astratta o immateriale confinata nel \u201ccloud\u201d, ma una filiera concreta, con un impatto ambientale tangibile.<\/p>\n\n\n<div class=\"wp-block-image\">\n<figure class=\"aligncenter size-large\"><img decoding=\"async\" width=\"783\" height=\"1024\" src=\"https:\/\/www.thesignspeaking.com\/wp-content\/uploads\/2025\/05\/olivetti-formafantasma-4-783x1024.jpeg\" alt=\"\" class=\"wp-image-17315\" srcset=\"https:\/\/www.thesignspeaking.com\/wp-content\/uploads\/2025\/05\/olivetti-formafantasma-4-783x1024.jpeg 783w, https:\/\/www.thesignspeaking.com\/wp-content\/uploads\/2025\/05\/olivetti-formafantasma-4-229x300.jpeg 229w, https:\/\/www.thesignspeaking.com\/wp-content\/uploads\/2025\/05\/olivetti-formafantasma-4-768x1005.jpeg 768w, https:\/\/www.thesignspeaking.com\/wp-content\/uploads\/2025\/05\/olivetti-formafantasma-4-1174x1536.jpeg 1174w, https:\/\/www.thesignspeaking.com\/wp-content\/uploads\/2025\/05\/olivetti-formafantasma-4-1566x2048.jpeg 1566w, https:\/\/www.thesignspeaking.com\/wp-content\/uploads\/2025\/05\/olivetti-formafantasma-4-scaled.jpeg 1957w\" sizes=\"(max-width: 783px) 100vw, 783px\" \/><figcaption class=\"wp-element-caption\">Formafantasma, Ore Streams Collection<\/figcaption><\/figure><\/div>\n\n\n<p>Uno dei temi centrali \u00e8 proprio l\u2019obsolescenza programmata: una strategia ormai dominante nel mondo dell\u2019elettronica, che limita volutamente la durata dei prodotti per favorirne la sostituzione, spesso a discapito dell\u2019utente. Questo approccio \u00e8 in netto contrasto con la filosofia progettuale di Olivetti, fondata su qualit\u00e0, longevit\u00e0 e valore culturale degli oggetti. In questo contesto, il Negozio Olivetti si trasforma in un luogo-simbolo per riflettere su questo contrasto, incarnando un modello alternativo in cui il design \u00e8 pensato per durare.<\/p>\n\n\n<div class=\"wp-block-image\">\n<figure class=\"aligncenter size-large\"><img decoding=\"async\" width=\"768\" height=\"1024\" src=\"https:\/\/www.thesignspeaking.com\/wp-content\/uploads\/2025\/05\/olivetti-formafantasma-sedia-768x1024.jpeg\" alt=\"\" class=\"wp-image-17316\" srcset=\"https:\/\/www.thesignspeaking.com\/wp-content\/uploads\/2025\/05\/olivetti-formafantasma-sedia-768x1024.jpeg 768w, https:\/\/www.thesignspeaking.com\/wp-content\/uploads\/2025\/05\/olivetti-formafantasma-sedia-225x300.jpeg 225w, https:\/\/www.thesignspeaking.com\/wp-content\/uploads\/2025\/05\/olivetti-formafantasma-sedia-1152x1536.jpeg 1152w, https:\/\/www.thesignspeaking.com\/wp-content\/uploads\/2025\/05\/olivetti-formafantasma-sedia.jpeg 1441w\" sizes=\"(max-width: 768px) 100vw, 768px\" \/><figcaption class=\"wp-element-caption\">Formafantasma, Low Chair, Ore Streams Collection<\/figcaption><\/figure><\/div>\n\n\n<p>Come affermano gli stessi Formafantasma: \u201c<em>Da questo punto di vista, non si tratta solo di un gesto estetico o funzionale, ma di un atto critico. Ogni oggetto creato o reinterpretato per questo progetto diventa portatore di memoria, capace di raccontare un percorso \u2013 di uso, riuso e trasformazione \u2013 che sovverte il paradigma tradizionale del consumo e dello scarto<\/em>\u201d.<\/p>\n\n\n\n<p>L\u2019installazione, visitabile dall&#8217;8 maggio al 28 settembre,perfettamente integrata nel contesto architettonico e storico del Negozio Olivetti, offre cos\u00ec l\u2019opportunit\u00e0 di ripensare il nostro rapporto con la tecnologia e le risorse, aprendo a nuove prospettive su come progettare il futuro in modo pi\u00f9 consapevole e sostenibile.<\/p>\n<\/span>","protected":false},"excerpt":{"rendered":"<p>Dall&#8217;8 maggio al 28 settembre, l&#8217;iconico negozio Olivetti di Piazza San Marco a Venezia ospita la mostra di Formafantasma, curata da Bartolomeo Pietromarchi In occasione della Biennale Architettura 2025 di Venezia, il FAI Fondo per l&#8217;Ambiente Italiano, presenta \u201cThe Shape of Things to Come\u201d, una mostra del celebre duo di designer Formafantasma, curata da Bartolomeo [&hellip;]<\/p>\n","protected":false},"author":4,"featured_media":17314,"comment_status":"open","ping_status":"open","sticky":false,"template":"","format":"standard","meta":[],"categories":[7],"tags":[85,1843,1844,2201,912],"_links":{"self":[{"href":"https:\/\/www.thesignspeaking.com\/it\/wp-json\/wp\/v2\/posts\/17312"}],"collection":[{"href":"https:\/\/www.thesignspeaking.com\/it\/wp-json\/wp\/v2\/posts"}],"about":[{"href":"https:\/\/www.thesignspeaking.com\/it\/wp-json\/wp\/v2\/types\/post"}],"author":[{"embeddable":true,"href":"https:\/\/www.thesignspeaking.com\/it\/wp-json\/wp\/v2\/users\/4"}],"replies":[{"embeddable":true,"href":"https:\/\/www.thesignspeaking.com\/it\/wp-json\/wp\/v2\/comments?post=17312"}],"version-history":[{"count":3,"href":"https:\/\/www.thesignspeaking.com\/it\/wp-json\/wp\/v2\/posts\/17312\/revisions"}],"predecessor-version":[{"id":17322,"href":"https:\/\/www.thesignspeaking.com\/it\/wp-json\/wp\/v2\/posts\/17312\/revisions\/17322"}],"wp:featuredmedia":[{"embeddable":true,"href":"https:\/\/www.thesignspeaking.com\/it\/wp-json\/wp\/v2\/media\/17314"}],"wp:attachment":[{"href":"https:\/\/www.thesignspeaking.com\/it\/wp-json\/wp\/v2\/media?parent=17312"}],"wp:term":[{"taxonomy":"category","embeddable":true,"href":"https:\/\/www.thesignspeaking.com\/it\/wp-json\/wp\/v2\/categories?post=17312"},{"taxonomy":"post_tag","embeddable":true,"href":"https:\/\/www.thesignspeaking.com\/it\/wp-json\/wp\/v2\/tags?post=17312"}],"curies":[{"name":"wp","href":"https:\/\/api.w.org\/{rel}","templated":true}]}}