{"id":17324,"date":"2025-05-05T14:47:16","date_gmt":"2025-05-05T12:47:16","guid":{"rendered":"https:\/\/www.thesignspeaking.com\/?p=17324"},"modified":"2025-05-05T14:52:37","modified_gmt":"2025-05-05T12:52:37","slug":"if-design-award-2025-night","status":"publish","type":"post","link":"https:\/\/www.thesignspeaking.com\/it\/if-design-award-2025-night\/","title":{"rendered":"iF DESIGN AWARD 2025 NIGHT"},"content":{"rendered":"<span class=\"cb-itemprop\" itemprop=\"reviewBody\">\n<h2 class=\"wp-block-heading\"><strong>Le 75 migliori realizzazioni dell&#8217;anno, selezionate tra quasi 11.000 candidature provenienti da 66 Paesi, sono state premiate al Friedrichstadt-Palast di Berlino con la prestigiosa scultura dorata, l&#8217;iF DESIGN AWARD 2025 Gold<\/strong><\/h2>\n\n\n\n<p>Il 28 aprile 2025, presso il Friedrichstadt-Palast di Berlino, si \u00e8 svolta la iF DESIGN AWARD NIGHT, un evento di riferimento per la scena internazionale del design. Circa 2.000 ospiti provenienti da 50 Paesi si sono riuniti per celebrare i vincitori dell&#8217;iF DESIGN AWARD 2025.<\/p>\n\n\n<div class=\"wp-block-image\">\n<figure class=\"aligncenter size-large\"><img decoding=\"async\" width=\"1024\" height=\"683\" src=\"https:\/\/www.thesignspeaking.com\/wp-content\/uploads\/2025\/05\/iF_AwardCeremony-1024x683.jpg\" alt=\"\" class=\"wp-image-17327\" srcset=\"https:\/\/www.thesignspeaking.com\/wp-content\/uploads\/2025\/05\/iF_AwardCeremony-1024x683.jpg 1024w, https:\/\/www.thesignspeaking.com\/wp-content\/uploads\/2025\/05\/iF_AwardCeremony-300x200.jpg 300w, https:\/\/www.thesignspeaking.com\/wp-content\/uploads\/2025\/05\/iF_AwardCeremony-768x512.jpg 768w, https:\/\/www.thesignspeaking.com\/wp-content\/uploads\/2025\/05\/iF_AwardCeremony-1536x1025.jpg 1536w, https:\/\/www.thesignspeaking.com\/wp-content\/uploads\/2025\/05\/iF_AwardCeremony-360x240.jpg 360w, https:\/\/www.thesignspeaking.com\/wp-content\/uploads\/2025\/05\/iF_AwardCeremony.jpg 1920w\" sizes=\"(max-width: 1024px) 100vw, 1024px\" \/><\/figure><\/div>\n\n\n<p>Per la 72a volta, sono stati premiati i migliori progetti a livello internazionale. Nove le discipline:Product Design, Communication Design, Packaging Design, Service Design, Architettura, Architettura d&#8217;interni, User Experience (UX), User Interface (UI) e Professional Concept.<\/p>\n\n\n<div class=\"wp-block-image\">\n<figure class=\"aligncenter size-large\"><img decoding=\"async\" width=\"1024\" height=\"683\" src=\"https:\/\/www.thesignspeaking.com\/wp-content\/uploads\/2025\/05\/iF_GoldTrophies-15-1024x683.jpg\" alt=\"\" class=\"wp-image-17329\" srcset=\"https:\/\/www.thesignspeaking.com\/wp-content\/uploads\/2025\/05\/iF_GoldTrophies-15-1024x683.jpg 1024w, https:\/\/www.thesignspeaking.com\/wp-content\/uploads\/2025\/05\/iF_GoldTrophies-15-300x200.jpg 300w, https:\/\/www.thesignspeaking.com\/wp-content\/uploads\/2025\/05\/iF_GoldTrophies-15-768x512.jpg 768w, https:\/\/www.thesignspeaking.com\/wp-content\/uploads\/2025\/05\/iF_GoldTrophies-15-1536x1025.jpg 1536w, https:\/\/www.thesignspeaking.com\/wp-content\/uploads\/2025\/05\/iF_GoldTrophies-15-360x240.jpg 360w, https:\/\/www.thesignspeaking.com\/wp-content\/uploads\/2025\/05\/iF_GoldTrophies-15.jpg 1920w\" sizes=\"(max-width: 1024px) 100vw, 1024px\" \/><figcaption class=\"wp-element-caption\">iF Design Gold Trophies<\/figcaption><\/figure><\/div>\n\n\n<p>Le 75 migliori realizzazioni dell&#8217;anno sono state premiate con la prestigiosa scultura dorata, l&#8217;iF DESIGN AWARD 2025 Gold, dal CEO di iF Design Uwe Cremering e dalla co-presentatrice Yasmine Blair sul palco del Friedrichstadt-Palast, il teatro pi\u00f9 grande d&#8217;Europa, che ha registrato il sold out.<\/p>\n\n\n<div class=\"wp-block-image\">\n<figure class=\"aligncenter size-large\"><img decoding=\"async\" width=\"1024\" height=\"683\" src=\"https:\/\/www.thesignspeaking.com\/wp-content\/uploads\/2025\/05\/iF_LifetimeAchievementAward-6-1024x683.jpg\" alt=\"\" class=\"wp-image-17325\" srcset=\"https:\/\/www.thesignspeaking.com\/wp-content\/uploads\/2025\/05\/iF_LifetimeAchievementAward-6-1024x683.jpg 1024w, https:\/\/www.thesignspeaking.com\/wp-content\/uploads\/2025\/05\/iF_LifetimeAchievementAward-6-300x200.jpg 300w, https:\/\/www.thesignspeaking.com\/wp-content\/uploads\/2025\/05\/iF_LifetimeAchievementAward-6-768x512.jpg 768w, https:\/\/www.thesignspeaking.com\/wp-content\/uploads\/2025\/05\/iF_LifetimeAchievementAward-6-1536x1025.jpg 1536w, https:\/\/www.thesignspeaking.com\/wp-content\/uploads\/2025\/05\/iF_LifetimeAchievementAward-6-360x240.jpg 360w, https:\/\/www.thesignspeaking.com\/wp-content\/uploads\/2025\/05\/iF_LifetimeAchievementAward-6.jpg 1920w\" sizes=\"(max-width: 1024px) 100vw, 1024px\" \/><figcaption class=\"wp-element-caption\">iF Lifetime Achievement Award 2025 to Lord Norman Foster<\/figcaption><\/figure><\/div>\n\n\n<p>Un momento speciale ed emozionante della serata \u00e8 stata la consegna del secondo iF Design Lifetime Achievement Award nella storia del premio, istituito lo scorso anno, all&#8217;architetto e designer britannico Lord Norman Foster. I suoi edifici iconici, come il \u201cGherkin\u201d di Londra, la Millennium Tower in Giappone e la cupola di vetro del Reichstag di Berlino, hanno avuto un impatto duraturo sul mondo dell&#8217;architettura. Con il suo studio \u201cFoster + Partners\u201d, che opera in 16 sedi in tutto il mondo, e la Norman Foster Foundation di Madrid, Foster si impegna a promuovere i giovani talenti.<\/p>\n\n\n<div class=\"wp-block-image\">\n<figure class=\"aligncenter size-large\"><img decoding=\"async\" width=\"1024\" height=\"683\" src=\"https:\/\/www.thesignspeaking.com\/wp-content\/uploads\/2025\/05\/iF_LifetimeAchievementAward-13-1024x683.jpg\" alt=\"\" class=\"wp-image-17326\" srcset=\"https:\/\/www.thesignspeaking.com\/wp-content\/uploads\/2025\/05\/iF_LifetimeAchievementAward-13-1024x683.jpg 1024w, https:\/\/www.thesignspeaking.com\/wp-content\/uploads\/2025\/05\/iF_LifetimeAchievementAward-13-300x200.jpg 300w, https:\/\/www.thesignspeaking.com\/wp-content\/uploads\/2025\/05\/iF_LifetimeAchievementAward-13-768x512.jpg 768w, https:\/\/www.thesignspeaking.com\/wp-content\/uploads\/2025\/05\/iF_LifetimeAchievementAward-13-1536x1024.jpg 1536w, https:\/\/www.thesignspeaking.com\/wp-content\/uploads\/2025\/05\/iF_LifetimeAchievementAward-13-360x240.jpg 360w, https:\/\/www.thesignspeaking.com\/wp-content\/uploads\/2025\/05\/iF_LifetimeAchievementAward-13.jpg 1920w\" sizes=\"(max-width: 1024px) 100vw, 1024px\" \/><figcaption class=\"wp-element-caption\">iF Lifetime Achievement Award 2025 to Lord Norman Foster<\/figcaption><\/figure><\/div>\n\n\n<p>Con quasi 11.000 candidature provenienti da 66 Paesi, l&#8217;iF DESIGN AWARD \u00e8 uno dei concorsi pi\u00f9 importanti nel settore del design. Una giuria internazionale di 131 esperti indipendenti ha valutato i progetti in un processo in due fasi che ha premiato un totale di 2.211 partecipanti provenienti da 50 Paesi.<\/p>\n\n\n\n<p>Per Uwe Cremering, Managing Director di iF Design, \u00e8 stato un vero piacere: \u201c<em>Il gran numero di candidature e l&#8217;alto livello di internazionalit\u00e0 sottolineano l&#8217;importanza dell&#8217;iF DESIGN AWARD come guida riconosciuta al buon design in tutto il mondo\u201d. Il sold out dell&#8217;evento di gala e la Trend Conference del giorno successivo dimostrano che i nostri eventi sono apprezzati anche come piattaforma essenziale per il networking globale<\/em>\u201d.<\/p>\n\n\n<div class=\"wp-block-image\">\n<figure class=\"aligncenter size-large\"><img decoding=\"async\" width=\"1024\" height=\"683\" src=\"https:\/\/www.thesignspeaking.com\/wp-content\/uploads\/2025\/05\/iF_AwardCeremony-107-1024x683.jpg\" alt=\"\" class=\"wp-image-17328\" srcset=\"https:\/\/www.thesignspeaking.com\/wp-content\/uploads\/2025\/05\/iF_AwardCeremony-107-1024x683.jpg 1024w, https:\/\/www.thesignspeaking.com\/wp-content\/uploads\/2025\/05\/iF_AwardCeremony-107-300x200.jpg 300w, https:\/\/www.thesignspeaking.com\/wp-content\/uploads\/2025\/05\/iF_AwardCeremony-107-768x512.jpg 768w, https:\/\/www.thesignspeaking.com\/wp-content\/uploads\/2025\/05\/iF_AwardCeremony-107-1536x1024.jpg 1536w, https:\/\/www.thesignspeaking.com\/wp-content\/uploads\/2025\/05\/iF_AwardCeremony-107-360x240.jpg 360w, https:\/\/www.thesignspeaking.com\/wp-content\/uploads\/2025\/05\/iF_AwardCeremony-107.jpg 1920w\" sizes=\"(max-width: 1024px) 100vw, 1024px\" \/><figcaption class=\"wp-element-caption\">iF Design Award 2025 Ceremony<\/figcaption><\/figure><\/div>\n\n\n<p><a href=\"https:\/\/ifdesign.com\/en\/winner-ranking\/winner-overview\/?awardId=2&#038;sort=random&#038;yearId=0\">>> To the overview of the iF DESIGN AWARD 2025 winners<\/a><\/p>\n\n\n\n<p><\/p>\n\n\n\n<h2 class=\"wp-block-heading\"><strong>Il lancio della iF DESIGN ACADEMY<\/strong><\/h2>\n\n\n\n<p>Durante la iF DESIGN AWARD NIGHT, il CEO Uwe Cremering ha annunciato la creazione dell&#8217;iF DESIGN ACADEMY. I primi corsi, tutti incentrati sul tema generale della leadership nel design, inizieranno quest&#8217;anno: \u201c<em>L&#8217;iF DESIGN ACADEMY segue la nostra filosofia di sostegno alla comunit\u00e0 globale del design. Fondare l&#8217;accademia \u00e8 stato un passo successivo naturale per iF Design, guidato dalla consapevolezza della necessit\u00e0 di uno sviluppo professionale per i leader del design<\/em>\u201d, ha affermato Uwe Cremering. <\/p>\n\n\n\n<p>L&#8217;obiettivo dell&#8217;accademia \u00e8 quello di guidare i leader nel mondo del design, perch\u00e9 possano rimanere rilevanti, influenti e orientati al futuro in un mondo in continua evoluzione. L&#8217;accademia si avvale della rete globale di esperti e dirigenti del design che iF Design ha costruito nel corso di decenni, nonch\u00e9 del sostegno della iF Design Foundation nel contesto della formazione sul design.\u00a0 \u00a0<\/p>\n\n\n\n<p><\/p>\n\n\n\n<h2 class=\"wp-block-heading\"><strong><strong>Il pi\u00f9 grande portale dedicato al design<\/strong><\/strong><\/h2>\n\n\n\n<p>Tutti i lavori premiati con l&#8217;iF DESIGN AWARD possono essere visualizzati online sul sito web <a href=\"http:\/\/www.ifdesign.com\">www.ifdesign.com<\/a> per un periodo di tempo illimitato. Qui sono documentati oltre 62.000 prodotti, progetti e servizi che dal 1954 sono stati premiati con un iF DESIGN AWARD. <\/p>\n\n\n\n<p>Alla voce del menu <a href=\"https:\/\/ifdesign.com\/en\/brands-creatives\/overview?yearId=4\">Brands &#038; Creatives<\/a>, oltre 9.000 aziende, studi, organizzazioni di design e musei del design si presentano con i loro profili individuali.<\/p>\n\n\n\n<p><\/p>\n\n\n\n<h2 class=\"wp-block-heading\"><strong>About iF DESIGN AWARD<\/strong> <strong>\u00a0<\/strong><\/h2>\n\n\n\n<figure class=\"wp-block-table\"><table><tbody><tr><td>Dal 1954, l&#8217;iF DESIGN AWARD \u00e8 un marchio riconosciuto a livello mondiale per quanto riguarda l&#8217;eccellenza del design. Il marchio iF Design \u00e8 riconosciuto a livello internazionale come simbolo di realizzazioni eccellenti nel campo del design. L&#8217;iF DESIGN AWARD \u00e8 uno dei pi\u00f9 importanti premi di design al mondo. Premia i meriti del design in tutte le discipline: design di prodotti, imballaggi, comunicazione e servizi, architettura e interior design, nonch\u00e9 esperienza utente (UX), interfaccia utente (UI) e concetto professionale. Tutti i lavori premiati sono presentati sul sito web di iF Design <a href=\"http:\/\/www.ifdesign.com\">www.ifdesign.com<\/a>.<\/td><\/tr><\/tbody><\/table><\/figure>\n<\/span>","protected":false},"excerpt":{"rendered":"<p>Le 75 migliori realizzazioni dell&#8217;anno, selezionate tra quasi 11.000 candidature provenienti da 66 Paesi, sono state premiate al Friedrichstadt-Palast di Berlino con la prestigiosa scultura dorata, l&#8217;iF DESIGN AWARD 2025 Gold Il 28 aprile 2025, presso il Friedrichstadt-Palast di Berlino, si \u00e8 svolta la iF DESIGN AWARD NIGHT, un evento di riferimento per la scena [&hellip;]<\/p>\n","protected":false},"author":4,"featured_media":17327,"comment_status":"open","ping_status":"open","sticky":false,"template":"","format":"standard","meta":[],"categories":[11],"tags":[233,27,2203,908,2202,271],"_links":{"self":[{"href":"https:\/\/www.thesignspeaking.com\/it\/wp-json\/wp\/v2\/posts\/17324"}],"collection":[{"href":"https:\/\/www.thesignspeaking.com\/it\/wp-json\/wp\/v2\/posts"}],"about":[{"href":"https:\/\/www.thesignspeaking.com\/it\/wp-json\/wp\/v2\/types\/post"}],"author":[{"embeddable":true,"href":"https:\/\/www.thesignspeaking.com\/it\/wp-json\/wp\/v2\/users\/4"}],"replies":[{"embeddable":true,"href":"https:\/\/www.thesignspeaking.com\/it\/wp-json\/wp\/v2\/comments?post=17324"}],"version-history":[{"count":3,"href":"https:\/\/www.thesignspeaking.com\/it\/wp-json\/wp\/v2\/posts\/17324\/revisions"}],"predecessor-version":[{"id":17334,"href":"https:\/\/www.thesignspeaking.com\/it\/wp-json\/wp\/v2\/posts\/17324\/revisions\/17334"}],"wp:featuredmedia":[{"embeddable":true,"href":"https:\/\/www.thesignspeaking.com\/it\/wp-json\/wp\/v2\/media\/17327"}],"wp:attachment":[{"href":"https:\/\/www.thesignspeaking.com\/it\/wp-json\/wp\/v2\/media?parent=17324"}],"wp:term":[{"taxonomy":"category","embeddable":true,"href":"https:\/\/www.thesignspeaking.com\/it\/wp-json\/wp\/v2\/categories?post=17324"},{"taxonomy":"post_tag","embeddable":true,"href":"https:\/\/www.thesignspeaking.com\/it\/wp-json\/wp\/v2\/tags?post=17324"}],"curies":[{"name":"wp","href":"https:\/\/api.w.org\/{rel}","templated":true}]}}