{"id":17418,"date":"2025-05-30T16:18:22","date_gmt":"2025-05-30T14:18:22","guid":{"rendered":"https:\/\/www.thesignspeaking.com\/?p=17418"},"modified":"2025-06-09T20:14:56","modified_gmt":"2025-06-09T18:14:56","slug":"ennegatives-by-federica-sala","status":"publish","type":"post","link":"https:\/\/www.thesignspeaking.com\/it\/ennegatives-by-federica-sala\/","title":{"rendered":"I NEGATIVI DI FEDERICA SALA"},"content":{"rendered":"<span class=\"cb-itemprop\" itemprop=\"reviewBody\">\n<h2 class=\"wp-block-heading\">Con un\u2019inedita installazione di luci nell&#8217;headquarter di 5Vie, un\u2019esplorazione peculiare dell\u2019equilibrio tra leggerezza e solidit\u00e0<\/h2>\n\n\n\n<p>Durante la Milano Design Week 2025, <a href=\"https:\/\/www.federicasala.org\/\">Federica Sala<\/a> ha presentato nell&#8217;headquarter di 5Vie, in via Cesare Correnti 14, con un\u2019inedita installazione di luci i nuovi pezzi della sua collezione di vasi in vetro soffiato e metallo, un\u2019esplorazione peculiare dell\u2019equilibrio tra leggerezza e solidit\u00e0.<\/p>\n\n\n<div class=\"wp-block-image\">\n<figure class=\"aligncenter size-large\"><img decoding=\"async\" width=\"1024\" height=\"679\" src=\"https:\/\/www.thesignspeaking.com\/wp-content\/uploads\/2025\/05\/FSala_3-1024x679.jpg\" alt=\"\" class=\"wp-image-17421\" srcset=\"https:\/\/www.thesignspeaking.com\/wp-content\/uploads\/2025\/05\/FSala_3-1024x679.jpg 1024w, https:\/\/www.thesignspeaking.com\/wp-content\/uploads\/2025\/05\/FSala_3-300x199.jpg 300w, https:\/\/www.thesignspeaking.com\/wp-content\/uploads\/2025\/05\/FSala_3-768x509.jpg 768w, https:\/\/www.thesignspeaking.com\/wp-content\/uploads\/2025\/05\/FSala_3-100x65.jpg 100w, https:\/\/www.thesignspeaking.com\/wp-content\/uploads\/2025\/05\/FSala_3-360x240.jpg 360w, https:\/\/www.thesignspeaking.com\/wp-content\/uploads\/2025\/05\/FSala_3.jpg 1140w\" sizes=\"(max-width: 1024px) 100vw, 1024px\" \/><\/figure><\/div>\n\n\n<p>Ogni pezzo, rigorosamente unico, numerato e firmato dall\u2019artista, racconta una storia di maestria artigianale e sperimentazione. \u00c8 il risultato di una lavorazione manuale che fonde la trasparenza vibrante del vetro con il rigore e la matericit\u00e0 del metallo.<\/p>\n\n\n<div class=\"wp-block-image\">\n<figure class=\"aligncenter size-large\"><img decoding=\"async\" width=\"1024\" height=\"1024\" src=\"https:\/\/www.thesignspeaking.com\/wp-content\/uploads\/2025\/05\/FSala_2-1024x1024.jpg\" alt=\"\" class=\"wp-image-17422\" srcset=\"https:\/\/www.thesignspeaking.com\/wp-content\/uploads\/2025\/05\/FSala_2-1024x1024.jpg 1024w, https:\/\/www.thesignspeaking.com\/wp-content\/uploads\/2025\/05\/FSala_2-300x300.jpg 300w, https:\/\/www.thesignspeaking.com\/wp-content\/uploads\/2025\/05\/FSala_2-150x150.jpg 150w, https:\/\/www.thesignspeaking.com\/wp-content\/uploads\/2025\/05\/FSala_2-768x768.jpg 768w, https:\/\/www.thesignspeaking.com\/wp-content\/uploads\/2025\/05\/FSala_2-125x125.jpg 125w, https:\/\/www.thesignspeaking.com\/wp-content\/uploads\/2025\/05\/FSala_2.jpg 1417w\" sizes=\"(max-width: 1024px) 100vw, 1024px\" \/><figcaption class=\"wp-element-caption\">Federica Sala, Photos @ Federico Cavicchioli<\/figcaption><\/figure><\/div>\n\n\n<p>La collezione riflette, in una nuova declinazione, la ricerca artistica di Federica Sala sulla tensione tra materiali opposti e apparentemente inconciliabili: il vetro, soffiato a mano, si espande in forme organiche e imprevedibili, mentre il metallo, tornito e tagliato con cura, ne definisce la struttura con dettagli geometrici e raffinati.<\/p>\n\n\n<div class=\"wp-block-image\">\n<figure class=\"aligncenter size-large\"><img decoding=\"async\" width=\"711\" height=\"1024\" src=\"https:\/\/www.thesignspeaking.com\/wp-content\/uploads\/2025\/05\/FSala_6-711x1024.jpg\" alt=\"\" class=\"wp-image-17423\" srcset=\"https:\/\/www.thesignspeaking.com\/wp-content\/uploads\/2025\/05\/FSala_6-711x1024.jpg 711w, https:\/\/www.thesignspeaking.com\/wp-content\/uploads\/2025\/05\/FSala_6-208x300.jpg 208w, https:\/\/www.thesignspeaking.com\/wp-content\/uploads\/2025\/05\/FSala_6-768x1107.jpg 768w, https:\/\/www.thesignspeaking.com\/wp-content\/uploads\/2025\/05\/FSala_6.jpg 794w\" sizes=\"(max-width: 711px) 100vw, 711px\" \/><figcaption class=\"wp-element-caption\">Federica Sala, Photos @ Federico Cavicchioli<\/figcaption><\/figure><\/div>\n\n\n<p>\u201c<em>C&#8217;\u00e8 una realt\u00e0 da scoprire, in cui le cose sono esattamente l&#8217;opposto di quello che sapevamo. Ci\u00f2 che ci muove si basa principalmente sulle aspettative, sull&#8217;immaginazione e sulla loro realizzazione, ma la realt\u00e0 spesso rivela un lato inaspettato. A volte \u00e8 meglio, a volte \u00e8 peggio, ma \u00e8 sempre sorprendente<\/em>\u201d, racconta la designer. \u201c<em>Con il mio lavoro sfido le leggi della realt\u00e0 che conosciamo, giocando con la natura dei materiali. Vedo l&#8217;ambiente che ci circonda come un \u201cequilibrio di incertezze\u201d che ho conservato e trasformato in delicati oggetti legati al corpo. I miei pezzi sono creati dopo un lungo processo di sperimentazione con i materiali, al fine di sovvertire il modo comune di pensare e percepirli. Impegnandomi direttamente con i materiali, lascio che essi rivelino il loro lato pi\u00f9 profondo. Nel realizzare i miei lavori sono sempre alla ricerca della tensione interna delle cose che alla fine plasmo in un nuovo e temporaneo equilibrio<\/em>\u201d.<\/p>\n\n\n<div class=\"wp-block-image\">\n<figure class=\"aligncenter size-large\"><img decoding=\"async\" width=\"1024\" height=\"684\" src=\"https:\/\/www.thesignspeaking.com\/wp-content\/uploads\/2025\/05\/Federica-Sala-PortraitMauelCoen-1024x684.jpg\" alt=\"\" class=\"wp-image-17419\" srcset=\"https:\/\/www.thesignspeaking.com\/wp-content\/uploads\/2025\/05\/Federica-Sala-PortraitMauelCoen-1024x684.jpg 1024w, https:\/\/www.thesignspeaking.com\/wp-content\/uploads\/2025\/05\/Federica-Sala-PortraitMauelCoen-300x200.jpg 300w, https:\/\/www.thesignspeaking.com\/wp-content\/uploads\/2025\/05\/Federica-Sala-PortraitMauelCoen-768x513.jpg 768w, https:\/\/www.thesignspeaking.com\/wp-content\/uploads\/2025\/05\/Federica-Sala-PortraitMauelCoen-360x240.jpg 360w, https:\/\/www.thesignspeaking.com\/wp-content\/uploads\/2025\/05\/Federica-Sala-PortraitMauelCoen.jpg 1134w\" sizes=\"(max-width: 1024px) 100vw, 1024px\" \/><figcaption class=\"wp-element-caption\">Federica Sala Portrait by Manuel Coen<\/figcaption><\/figure><\/div>\n\n\n<p>Nata nel 1986, Federica Sala vive e lavora a Milano. Ha conseguito un Master in Gioiello Contemporaneo e Ornamento del Corpo presso Alchimia a Firenze (2015) e un Master in Fashion Design presso il Politecnico di Milano (2011). Dal 2010 al 2013 \u00e8 stata assistente dell&#8217;artista italiano Giorgio Vigna. Dal 2016 al 2018 \u00e8 stata responsabile del dipartimento di gioielleria dello IED di Milano, dove attualmente insegna.<\/p>\n\n\n\n<p>Il suo lavoro \u00e8 stato esposto, tra gli altri, al Mad Museum di New York, alla Society of Arts and Crafts di Boston, al SOFA di Chicago, al Museo ZIBA di Praga e al Museo CODA. Nel 2015 \u00e8 stata nominata per il premio Stanislav Libensky.<\/p>\n\n\n\n<p>Il suo approccio unico al vetro \u00e8 stato la motivazione del premio Enjoya&#8217;t nel 2017 a Barcellona (Spagna) e del Collector&#8217;s Choice Prize nel 2020 al Design Without Borders di Budapest (Ungheria). Nel 2023-2024 la sua ricerca sul vetro applicato all&#8217;arte contemporanea \u00e8 stata sostenuta dalla Alexander Tutsek Stiftung. Nel 2025 \u00e8 una degli artisti selezionati in residenza a Corning (USA).<\/p>\n\n\n<div class=\"wp-block-image\">\n<figure class=\"aligncenter size-large\"><img decoding=\"async\" width=\"683\" height=\"1024\" src=\"https:\/\/www.thesignspeaking.com\/wp-content\/uploads\/2025\/05\/FSala_1-683x1024.jpg\" alt=\"\" class=\"wp-image-17420\" srcset=\"https:\/\/www.thesignspeaking.com\/wp-content\/uploads\/2025\/05\/FSala_1-683x1024.jpg 683w, https:\/\/www.thesignspeaking.com\/wp-content\/uploads\/2025\/05\/FSala_1-200x300.jpg 200w, https:\/\/www.thesignspeaking.com\/wp-content\/uploads\/2025\/05\/FSala_1.jpg 756w\" sizes=\"(max-width: 683px) 100vw, 683px\" \/><\/figure><\/div><\/span>","protected":false},"excerpt":{"rendered":"<p>Con un\u2019inedita installazione di luci nell&#8217;headquarter di 5Vie, un\u2019esplorazione peculiare dell\u2019equilibrio tra leggerezza e solidit\u00e0 Durante la Milano Design Week 2025, Federica Sala ha presentato nell&#8217;headquarter di 5Vie, in via Cesare Correnti 14, con un\u2019inedita installazione di luci i nuovi pezzi della sua collezione di vasi in vetro soffiato e metallo, un\u2019esplorazione peculiare dell\u2019equilibrio tra [&hellip;]<\/p>\n","protected":false},"author":4,"featured_media":17421,"comment_status":"open","ping_status":"open","sticky":false,"template":"","format":"standard","meta":[],"categories":[7],"tags":[2217,27,399,400,297],"_links":{"self":[{"href":"https:\/\/www.thesignspeaking.com\/it\/wp-json\/wp\/v2\/posts\/17418"}],"collection":[{"href":"https:\/\/www.thesignspeaking.com\/it\/wp-json\/wp\/v2\/posts"}],"about":[{"href":"https:\/\/www.thesignspeaking.com\/it\/wp-json\/wp\/v2\/types\/post"}],"author":[{"embeddable":true,"href":"https:\/\/www.thesignspeaking.com\/it\/wp-json\/wp\/v2\/users\/4"}],"replies":[{"embeddable":true,"href":"https:\/\/www.thesignspeaking.com\/it\/wp-json\/wp\/v2\/comments?post=17418"}],"version-history":[{"count":3,"href":"https:\/\/www.thesignspeaking.com\/it\/wp-json\/wp\/v2\/posts\/17418\/revisions"}],"predecessor-version":[{"id":17430,"href":"https:\/\/www.thesignspeaking.com\/it\/wp-json\/wp\/v2\/posts\/17418\/revisions\/17430"}],"wp:featuredmedia":[{"embeddable":true,"href":"https:\/\/www.thesignspeaking.com\/it\/wp-json\/wp\/v2\/media\/17421"}],"wp:attachment":[{"href":"https:\/\/www.thesignspeaking.com\/it\/wp-json\/wp\/v2\/media?parent=17418"}],"wp:term":[{"taxonomy":"category","embeddable":true,"href":"https:\/\/www.thesignspeaking.com\/it\/wp-json\/wp\/v2\/categories?post=17418"},{"taxonomy":"post_tag","embeddable":true,"href":"https:\/\/www.thesignspeaking.com\/it\/wp-json\/wp\/v2\/tags?post=17418"}],"curies":[{"name":"wp","href":"https:\/\/api.w.org\/{rel}","templated":true}]}}