{"id":17506,"date":"2025-06-16T15:13:15","date_gmt":"2025-06-16T13:13:15","guid":{"rendered":"https:\/\/www.thesignspeaking.com\/?p=17506"},"modified":"2025-06-16T16:14:57","modified_gmt":"2025-06-16T14:14:57","slug":"ennotwithmytype-one-less-word-for-a-better-world","status":"publish","type":"post","link":"https:\/\/www.thesignspeaking.com\/it\/ennotwithmytype-one-less-word-for-a-better-world\/","title":{"rendered":"#NotWithMyType: One less word for a better world"},"content":{"rendered":"<span class=\"cb-itemprop\" itemprop=\"reviewBody\">\n<h2 class=\"wp-block-heading\">In occasione della Giornata per l\u2019Abolizione della Schiavit\u00f9, che si celebra il 19 giugno, una nuova iniziativa per opporsi all\u2019odio attraverso la tipografia<\/h2>\n\n\n\n<p>In occasione della Giornata per l\u2019Abolizione della Schiavit\u00f9, che si celebra il 19 giugno, tre studentesse del Master in Creativit\u00e0 Integrale presso <a href=\"https:\/\/barcelona.brotherad.com\/\" target=\"_blank\" rel=\"noreferrer noopener\"><strong>Brother Barcelona<\/strong><\/a>, Maria Carbonell Monr\u00f3s, Chie Sato Aguilar e Manuela Ponce de Le\u00f3n, con la supervisione di Luis di Lascio, hanno creato #NotWithMyType, una iniziativa che utilizza design e codice per prendere posizione contro l\u2019odio.<\/p>\n\n\n<div class=\"wp-block-image\">\n<figure class=\"aligncenter size-large\"><img decoding=\"async\" width=\"1024\" height=\"693\" src=\"https:\/\/www.thesignspeaking.com\/wp-content\/uploads\/2025\/06\/KV_Notwithmytype-1024x693.jpg\" alt=\"\" class=\"wp-image-17507\" srcset=\"https:\/\/www.thesignspeaking.com\/wp-content\/uploads\/2025\/06\/KV_Notwithmytype-1024x693.jpg 1024w, https:\/\/www.thesignspeaking.com\/wp-content\/uploads\/2025\/06\/KV_Notwithmytype-300x203.jpg 300w, https:\/\/www.thesignspeaking.com\/wp-content\/uploads\/2025\/06\/KV_Notwithmytype-768x520.jpg 768w, https:\/\/www.thesignspeaking.com\/wp-content\/uploads\/2025\/06\/KV_Notwithmytype.jpg 1164w\" sizes=\"(max-width: 1024px) 100vw, 1024px\" \/><\/figure><\/div>\n\n\n<p>Negli ultimi tre anni, l\u2019uso della \u201cN-word\u201d \u2013 termine eufemistico per indicare la parola estremamente offensiva <em>nigger<\/em> (come definito dal Cambridge Dictionary) \u2013 \u00e8 stato impiegato in modi profondamente offensivi. Digitata con leggerezza, questa parola \u00e8 stata spogliata della sua storia, della sua violenza e del suo dolore, diventando uno strumento di odio.<\/p>\n\n\n\n<p>#NotWithMyType \u00e8 una campagna che pone una domanda provocatoria: cosa succede quando i creativi si riprendono il controllo su come viene usato il proprio lavoro? \u00c8 un movimento che d\u00e0 potere alla comunit\u00e0 creativa per riprendere il controllo sui propri caratteri tipografici.<\/p>\n\n\n\n<p>\u201c<em>Attraverso una modifica nel codice, abbiamo apportato un piccolo cambiamento dal grande significato: sostituire la N-word con un asterisco nei nostri caratteri tipografici<\/em>\u201d raccontano Maria Carbonell Monr\u00f3s, Chie Sato Aguilar e Manuela Ponce de Le\u00f3n. \u201c<em>Per diffondere il messaggio, abbiamo creato una piattaforma online dove anche altri utenti possono caricare i propri font e scaricarne una versione modificata, dando cos\u00ec ai creativi il potere di prendere posizione. Se vuoi diffondere odio, #NotWithMyType<\/em>.\u201d<\/p>\n\n\n\n<p><a href=\"https:\/\/www.notwithmytype.com\/\" target=\"_blank\" rel=\"noreferrer noopener\"><strong>#NotWithMyType<\/strong><\/a> \u00e8 una piattaforma online che invita designer, creativi e brand a unirsi al movimento. Il funzionamento \u00e8 semplice: si carica un font, e si scarica una versione modificata in cui una sola differenza fa la differenza: la parola \u201cN-word\u201d viene automaticamente sostituita con un asterisco (*).<\/p>\n\n\n\n<p>GUARDA IL <a href=\"https:\/\/vimeo.com\/user173243389\" target=\"_blank\" rel=\"noreferrer noopener\"><strong>VIDEO<\/strong><\/a>. <\/p>\n\n\n\n<p>Il progetto \u00e8 nato come risposta al brief Monotype del concorso <a href=\"https:\/\/www.dandad.org\/en\/d-ad-new-blood-awards\/\" target=\"_blank\" rel=\"noreferrer noopener\"><strong>New Blood D&#038;AD<\/strong><\/a> di quest\u2019anno, ottenendo un riconoscimento internazionale con l\u2019assegnazione di una \u201cPencil\u201d, uno dei premi pi\u00f9 riconosciuti a livello mondiale per i giovani creativi.<\/p>\n\n\n\n<p>\u201c<em>La tipografia non pu\u00f2 restare neutrale, per questo crediamo che un piccolo cambiamento nel codice possa avviare una conversazione significativa. Come type designer, creativi e brand, abbiamo l\u2019opportunit\u00e0 di riprendere il controllo. Con questo strumento \u00e8 possibile caricare un font sul sito e scaricarlo con una modifica che non lascia spazio all\u2019odio. Bloccare una sola parola non eliminer\u00e0 il razzismo, ma pu\u00f2 segnare il confine che non vogliamo superare. E, soprattutto, apre la strada a una conversazione pi\u00f9 ampia, sulla nostra responsabilit\u00e0 come creatori, sul potere silenzioso del design, e sulla necessit\u00e0 urgente di mettere in discussione ci\u00f2 che normalizziamo, ignoriamo o accettiamo. Speriamo di diffondere il pi\u00f9 possibile il messaggio, in modo che in molti di uniscano all\u2019iniziativa<\/em>\u201d, dichiarano Maria, Chie e Manuela.<\/p>\n\n\n\n<figure class=\"wp-block-image size-large\"><img decoding=\"async\" width=\"1024\" height=\"256\" src=\"https:\/\/www.thesignspeaking.com\/wp-content\/uploads\/2025\/06\/One-less-word-for-a-better-world-1024x256.jpg\" alt=\"\" class=\"wp-image-17508\" srcset=\"https:\/\/www.thesignspeaking.com\/wp-content\/uploads\/2025\/06\/One-less-word-for-a-better-world-1024x256.jpg 1024w, https:\/\/www.thesignspeaking.com\/wp-content\/uploads\/2025\/06\/One-less-word-for-a-better-world-300x75.jpg 300w, https:\/\/www.thesignspeaking.com\/wp-content\/uploads\/2025\/06\/One-less-word-for-a-better-world-768x192.jpg 768w, https:\/\/www.thesignspeaking.com\/wp-content\/uploads\/2025\/06\/One-less-word-for-a-better-world-1536x383.jpg 1536w, https:\/\/www.thesignspeaking.com\/wp-content\/uploads\/2025\/06\/One-less-word-for-a-better-world-2048x511.jpg 2048w\" sizes=\"(max-width: 1024px) 100vw, 1024px\" \/><\/figure>\n\n\n\n<p><\/p>\n<\/span>","protected":false},"excerpt":{"rendered":"<p>In occasione della Giornata per l\u2019Abolizione della Schiavit\u00f9, che si celebra il 19 giugno, una nuova iniziativa per opporsi all\u2019odio attraverso la tipografia In occasione della Giornata per l\u2019Abolizione della Schiavit\u00f9, che si celebra il 19 giugno, tre studentesse del Master in Creativit\u00e0 Integrale presso Brother Barcelona, Maria Carbonell Monr\u00f3s, Chie Sato Aguilar e Manuela [&hellip;]<\/p>\n","protected":false},"author":4,"featured_media":17507,"comment_status":"open","ping_status":"open","sticky":false,"template":"","format":"standard","meta":[],"categories":[11],"tags":[2226,2228,303,2227,2225],"_links":{"self":[{"href":"https:\/\/www.thesignspeaking.com\/it\/wp-json\/wp\/v2\/posts\/17506"}],"collection":[{"href":"https:\/\/www.thesignspeaking.com\/it\/wp-json\/wp\/v2\/posts"}],"about":[{"href":"https:\/\/www.thesignspeaking.com\/it\/wp-json\/wp\/v2\/types\/post"}],"author":[{"embeddable":true,"href":"https:\/\/www.thesignspeaking.com\/it\/wp-json\/wp\/v2\/users\/4"}],"replies":[{"embeddable":true,"href":"https:\/\/www.thesignspeaking.com\/it\/wp-json\/wp\/v2\/comments?post=17506"}],"version-history":[{"count":15,"href":"https:\/\/www.thesignspeaking.com\/it\/wp-json\/wp\/v2\/posts\/17506\/revisions"}],"predecessor-version":[{"id":17529,"href":"https:\/\/www.thesignspeaking.com\/it\/wp-json\/wp\/v2\/posts\/17506\/revisions\/17529"}],"wp:featuredmedia":[{"embeddable":true,"href":"https:\/\/www.thesignspeaking.com\/it\/wp-json\/wp\/v2\/media\/17507"}],"wp:attachment":[{"href":"https:\/\/www.thesignspeaking.com\/it\/wp-json\/wp\/v2\/media?parent=17506"}],"wp:term":[{"taxonomy":"category","embeddable":true,"href":"https:\/\/www.thesignspeaking.com\/it\/wp-json\/wp\/v2\/categories?post=17506"},{"taxonomy":"post_tag","embeddable":true,"href":"https:\/\/www.thesignspeaking.com\/it\/wp-json\/wp\/v2\/tags?post=17506"}],"curies":[{"name":"wp","href":"https:\/\/api.w.org\/{rel}","templated":true}]}}