{"id":17531,"date":"2025-06-16T17:26:47","date_gmt":"2025-06-16T15:26:47","guid":{"rendered":"https:\/\/www.thesignspeaking.com\/?p=17531"},"modified":"2025-06-16T17:44:46","modified_gmt":"2025-06-16T15:44:46","slug":"enhomme-plisse-issey-miyake-guest-of-honour-at-pitti-immagine-uomo-108","status":"publish","type":"post","link":"https:\/\/www.thesignspeaking.com\/it\/enhomme-plisse-issey-miyake-guest-of-honour-at-pitti-immagine-uomo-108\/","title":{"rendered":"HOMME PLISS\u00c9 ISSEY MIYAKE Guest of Honour a  Pitti Immagine Uomo 108"},"content":{"rendered":"<span class=\"cb-itemprop\" itemprop=\"reviewBody\">\n<h2 class=\"wp-block-heading\">La linea uomo della celebre maison giapponese fondata da Issey Miyake sar\u00e0 al centro di un evento speciale, in programma mercoled\u00ec 18 giugno, a Villa Medicea della Petraia una delle ville, nelle colline di Firenze, appartenute alla famiglia dei Medici<\/h2>\n\n\n\n<p><br><\/p>\n\n\n\n<p>Lanciato nel 2013, HOMME PLISS\u00c9 ISSEY MIYAKE si basa sulla tecnologia di plissettatura dei tessuti, creando capi universali per la quotidianit\u00e0, pensati per la diversit\u00e0 di chi li indossa. Gli abiti, anti-piega, a rapida asciugatura, leggeri e facili da indossare, sono progettati come prodotti per la quotidianit\u00e0, in grado di adattarsi al corpo di chi li indossa, esaltandone l\u2019individualit\u00e0. La versatilit\u00e0 del tessuto plissettato permette libert\u00e0 di combinazione tra i diversi capi, favorendo nuove scoperte di s\u00e9.<\/p>\n\n\n<div class=\"wp-block-image\">\n<figure class=\"aligncenter size-full\"><img decoding=\"async\" width=\"1024\" height=\"576\" src=\"https:\/\/www.thesignspeaking.com\/wp-content\/uploads\/2025\/06\/homme-plisse-issey-miyake-ss22-video-03-1-1024x576-1.jpg\" alt=\"\" class=\"wp-image-17540\" srcset=\"https:\/\/www.thesignspeaking.com\/wp-content\/uploads\/2025\/06\/homme-plisse-issey-miyake-ss22-video-03-1-1024x576-1.jpg 1024w, https:\/\/www.thesignspeaking.com\/wp-content\/uploads\/2025\/06\/homme-plisse-issey-miyake-ss22-video-03-1-1024x576-1-300x169.jpg 300w, https:\/\/www.thesignspeaking.com\/wp-content\/uploads\/2025\/06\/homme-plisse-issey-miyake-ss22-video-03-1-1024x576-1-768x432.jpg 768w\" sizes=\"(max-width: 1024px) 100vw, 1024px\" \/><\/figure><\/div>\n\n\n<p>Pitti Immagine annuncia HOMME PLISS\u00c9 ISSEY MIYAKE come <em>Guest of Honor<\/em> dell&#8217;edizione di Pitti Immagine Uomo n. 108 (Firenze, 17-20 giugno 2025). La linea uomo della celebre maison giapponese fondata da Issey Miyake sar\u00e0 al centro di un evento speciale, in programma mercoled\u00ec 18 giugno, a Villa Medicea della Petraia una delle ville, nelle colline di Firenze, appartenute alla famiglia dei Medici.<\/p>\n\n\n\n<p>HOMME PLISSE\u2019 ISSEY MIYAKE ha immaginato due momenti che insieme racconteranno la storia e il processo creativo della collezione. Da una parte la presentazione della collezione Primavera-Estate 2026 e dall\u2019altra la mostra sul lavoro di plissettatura del brand.<\/p>\n\n\n<div class=\"wp-block-image\">\n<figure class=\"aligncenter size-full\"><img decoding=\"async\" width=\"564\" height=\"315\" src=\"https:\/\/www.thesignspeaking.com\/wp-content\/uploads\/2025\/06\/1280x720_news_w564_h315.jpg\" alt=\"\" class=\"wp-image-17539\" srcset=\"https:\/\/www.thesignspeaking.com\/wp-content\/uploads\/2025\/06\/1280x720_news_w564_h315.jpg 564w, https:\/\/www.thesignspeaking.com\/wp-content\/uploads\/2025\/06\/1280x720_news_w564_h315-300x168.jpg 300w\" sizes=\"(max-width: 564px) 100vw, 564px\" \/><\/figure><\/div>\n\n\n<p><br>\u201cLa presenza di HOMME PLISS\u00c9 ISSEY MIYAKEal Pitti Uomo del prossimo giugno &#8211; afferma Raffaello Napoleone, amministratore delegato di Pitti Immagine &#8211; ci riempie di orgoglio ed entusiasmo. Era da tanto tempo infatti che cercavamo di associare il nome di questo grande brand giapponese alla nostra manifestazione e oggi siamo finalmente in grado di fare un annuncio tanto atteso: HOMME PLISS\u00c9 ISSEY MIYAKE sar\u00e0 il <em>Guest of Honor<\/em> di Pitti Uomo 108. Per noi ci\u00f2 significa riconoscere e valorizzare la qualit\u00e0, la creativit\u00e0 e l&#8217;originalit\u00e0 del brand, il suo successo su scala globale e, al tempo stesso, sottolineare la capacit\u00e0 dell&#8217;attuale guida stilistica di rinnovare la discreta ed elegante magia del fondatore del marchio: uno degli stilisti e artisti che hanno segnato la storia della moda nel Novecento. Non mi azzardo a fare commenti da critico di moda, ma certo non posso non restare colpito dal connubio di eleganza, praticit\u00e0, ricerca sui colori e i materiali, leggerezza di ispirazione e canoni artistici che caratterizzano il lavoro di HOMME PLISS\u00c9 ISSEY MIYAKE e che, appunto, riprendono e rilanciano un segno tanto chiaro e potente. Per questo show, Firenze \u00e8 pronta come sempre a offrire un luogo di grande suggestione&#8221;.<\/p>\n\n\n\n<p>&#8220;Siamo onorati di questa opportunit\u00e0, di essere i protagonisti di uno degli eventi di moda maschile pi\u00f9 celebrati al mondo. In questa occasione presenteremo la nostra collezione Primavera-Estate 2026 al pubblico italiano e internazionale di Firenze, creata sulla base delle ricerche e degli studi sul campo fatti durante i nostri viaggi in tutt\u2019Italia.&#8221; sottolinea il design team di HOMME PLISS\u00c9 ISSEY MIYAKE.<\/p>\n\n\n\n<p><\/p>\n\n\n\n<p><br><\/p>\n<\/span>","protected":false},"excerpt":{"rendered":"<p>La linea uomo della celebre maison giapponese fondata da Issey Miyake sar\u00e0 al centro di un evento speciale, in programma mercoled\u00ec 18 giugno, a Villa Medicea della Petraia una delle ville, nelle colline di Firenze, appartenute alla famiglia dei Medici Lanciato nel 2013, HOMME PLISS\u00c9 ISSEY MIYAKE si basa sulla tecnologia di plissettatura dei tessuti, [&hellip;]<\/p>\n","protected":false},"author":4,"featured_media":17540,"comment_status":"open","ping_status":"open","sticky":false,"template":"","format":"standard","meta":[],"categories":[4],"tags":[33,36,953],"_links":{"self":[{"href":"https:\/\/www.thesignspeaking.com\/it\/wp-json\/wp\/v2\/posts\/17531"}],"collection":[{"href":"https:\/\/www.thesignspeaking.com\/it\/wp-json\/wp\/v2\/posts"}],"about":[{"href":"https:\/\/www.thesignspeaking.com\/it\/wp-json\/wp\/v2\/types\/post"}],"author":[{"embeddable":true,"href":"https:\/\/www.thesignspeaking.com\/it\/wp-json\/wp\/v2\/users\/4"}],"replies":[{"embeddable":true,"href":"https:\/\/www.thesignspeaking.com\/it\/wp-json\/wp\/v2\/comments?post=17531"}],"version-history":[{"count":7,"href":"https:\/\/www.thesignspeaking.com\/it\/wp-json\/wp\/v2\/posts\/17531\/revisions"}],"predecessor-version":[{"id":17544,"href":"https:\/\/www.thesignspeaking.com\/it\/wp-json\/wp\/v2\/posts\/17531\/revisions\/17544"}],"wp:featuredmedia":[{"embeddable":true,"href":"https:\/\/www.thesignspeaking.com\/it\/wp-json\/wp\/v2\/media\/17540"}],"wp:attachment":[{"href":"https:\/\/www.thesignspeaking.com\/it\/wp-json\/wp\/v2\/media?parent=17531"}],"wp:term":[{"taxonomy":"category","embeddable":true,"href":"https:\/\/www.thesignspeaking.com\/it\/wp-json\/wp\/v2\/categories?post=17531"},{"taxonomy":"post_tag","embeddable":true,"href":"https:\/\/www.thesignspeaking.com\/it\/wp-json\/wp\/v2\/tags?post=17531"}],"curies":[{"name":"wp","href":"https:\/\/api.w.org\/{rel}","templated":true}]}}