{"id":17688,"date":"2025-10-24T18:55:05","date_gmt":"2025-10-24T16:55:05","guid":{"rendered":"https:\/\/www.thesignspeaking.com\/?p=17688"},"modified":"2025-10-24T19:01:09","modified_gmt":"2025-10-24T17:01:09","slug":"when-design-becomes-emotion","status":"publish","type":"post","link":"https:\/\/www.thesignspeaking.com\/it\/when-design-becomes-emotion\/","title":{"rendered":"QUANDO IL DESIGN DIVENTA EMOZIONE"},"content":{"rendered":"<span class=\"cb-itemprop\" itemprop=\"reviewBody\">\n<h2 class=\"wp-block-heading\">TM Leader Contract vince il Best Stand Design a Interihotel 2025<\/h2>\n\n\n\n<p>Nuovo design, nuovi materiali, nuove finiture: in <a href=\"https:\/\/tmleadercontract.com\/en\/\">TM Leader Contract<\/a> il design \u00e8 funzionalit\u00e0. Con oltre 40 anni di esperienza come produttore e fornitore, TM Leader Contract \u00e8 un punto di riferimento nella produzione di arredi per hotel, ristoranti e spazi pubblici. Ogni pezzo del catalogo \u00e8 accuratamente selezionato per garantire durata, comfort e stile.<\/p>\n\n\n\n<p>Con sede a Yecla, in Spagna, l\u2019azienda dispone di oltre 26.000 m\u00b2 di stabilimenti produttivi. Grazie a strutture all\u2019avanguardia e risorse interne, \u00e8 in grado di gestire ogni progetto dall\u2019inizio alla fine. Macchinari tecnologicamente avanzati, innovazione e automazione dei processi assicurano una produzione rapida e il rispetto delle tempistiche, senza mai perdere di vista la qualit\u00e0 del prodotto. Dal 1982, l\u2019azienda cresce costantemente e conta oggi oltre 200 persone in continua evoluzione.<\/p>\n\n\n<div class=\"wp-block-image\">\n<figure class=\"aligncenter size-large\"><img decoding=\"async\" width=\"1024\" height=\"683\" src=\"https:\/\/www.thesignspeaking.com\/wp-content\/uploads\/2025\/10\/ihBCN25-x-Brava-Studio_AR14075-1024x683.jpg\" alt=\"\" class=\"wp-image-17693\" srcset=\"https:\/\/www.thesignspeaking.com\/wp-content\/uploads\/2025\/10\/ihBCN25-x-Brava-Studio_AR14075-1024x683.jpg 1024w, https:\/\/www.thesignspeaking.com\/wp-content\/uploads\/2025\/10\/ihBCN25-x-Brava-Studio_AR14075-300x200.jpg 300w, https:\/\/www.thesignspeaking.com\/wp-content\/uploads\/2025\/10\/ihBCN25-x-Brava-Studio_AR14075-768x512.jpg 768w, https:\/\/www.thesignspeaking.com\/wp-content\/uploads\/2025\/10\/ihBCN25-x-Brava-Studio_AR14075-360x240.jpg 360w, https:\/\/www.thesignspeaking.com\/wp-content\/uploads\/2025\/10\/ihBCN25-x-Brava-Studio_AR14075.jpg 1500w\" sizes=\"(max-width: 1024px) 100vw, 1024px\" \/><\/figure><\/div>\n\n\n<p>Presente alla recente edizione di Barcellona, il pi\u00f9 importante evento europeo di interior design per l\u2019hospitality, che si \u00e8 tenuta dal 21 al 23 ottobre 2025, l\u2019azienda \u00e8 stata premiata con l\u2019Interihotel 2025 Award per il Best Stand Design. Non \u00e8 la prima volta che TM Leader Contract riceve questo riconoscimento a Interihotel, gi\u00e0 nel 2021 aveva ottenuto lo stesso riconoscimento: \u201c<em>Quattro anni dopo, questo nuovo traguardo ci riempie di orgoglio e gratitudine ma, soprattutto, rafforza la nostra convinzione: il design ha il potere di connettere, emozionare e trasformare<\/em>\u201d.<\/p>\n\n\n\n<p>Un riconoscimento che \u00e8 la conferma di una visione, di un modo di intendere il design non solo come estetica, ma come linguaggio, perch\u00e9 a volte il design non \u00e8 solo qualcosa che colpisce lo sguardo, ma qualcosa che ti attraversa e ti muove dentro.<\/p>\n\n\n<div class=\"wp-block-image\">\n<figure class=\"aligncenter size-large\"><img decoding=\"async\" width=\"683\" height=\"1024\" src=\"https:\/\/www.thesignspeaking.com\/wp-content\/uploads\/2025\/10\/ihBCN25-x-Brava-Studio_AR14093-683x1024.jpg\" alt=\"\" class=\"wp-image-17695\" srcset=\"https:\/\/www.thesignspeaking.com\/wp-content\/uploads\/2025\/10\/ihBCN25-x-Brava-Studio_AR14093-683x1024.jpg 683w, https:\/\/www.thesignspeaking.com\/wp-content\/uploads\/2025\/10\/ihBCN25-x-Brava-Studio_AR14093-200x300.jpg 200w, https:\/\/www.thesignspeaking.com\/wp-content\/uploads\/2025\/10\/ihBCN25-x-Brava-Studio_AR14093-768x1151.jpg 768w, https:\/\/www.thesignspeaking.com\/wp-content\/uploads\/2025\/10\/ihBCN25-x-Brava-Studio_AR14093-1025x1536.jpg 1025w, https:\/\/www.thesignspeaking.com\/wp-content\/uploads\/2025\/10\/ihBCN25-x-Brava-Studio_AR14093.jpg 1334w\" sizes=\"(max-width: 683px) 100vw, 683px\" \/><figcaption class=\"wp-element-caption\">TM Leader Contract stand at ihBCN25 x Brava Studio<\/figcaption><\/figure><\/div>\n\n\n<p>\u201cSymbiosis\u201d nasce da un\u2019idea semplice ma potentissima: tutto \u00e8 connesso. Ogni materiale, ogni luce, ogni forma dello stand \u00e8 stata pensata come parte di un ecosistema vivo. Nulla \u00e8 stato lasciato al caso. Ogni elemento \u00e8 stato progettato per raccontare quella convivenza naturale che spesso dimentichiamo nella frenesia quotidiana.<\/p>\n\n\n<div class=\"wp-block-image\">\n<figure class=\"aligncenter size-full\"><img decoding=\"async\" width=\"667\" height=\"1000\" src=\"https:\/\/www.thesignspeaking.com\/wp-content\/uploads\/2025\/10\/ihBCN25-x-Brava-Studio_AR14067.jpg\" alt=\"\" class=\"wp-image-17689\" srcset=\"https:\/\/www.thesignspeaking.com\/wp-content\/uploads\/2025\/10\/ihBCN25-x-Brava-Studio_AR14067.jpg 667w, https:\/\/www.thesignspeaking.com\/wp-content\/uploads\/2025\/10\/ihBCN25-x-Brava-Studio_AR14067-200x300.jpg 200w\" sizes=\"(max-width: 667px) 100vw, 667px\" \/><\/figure><\/div>\n\n\n<p>La prima presentazione di Symbiosis si \u00e8 tenuta ad aprile, al Salone del Mobile di Milano, dove ha conquistato grande attenzione per il suo approccio sensoriale. Il concept \u00e8 stato ideato da Mar\u00eda Ortega, Creative Manager di TM Leader Contract, che ha immaginato lo spazio come un organismo vivente, capace di adattarsi ai diversi contesti espositivi senza perdere la sua essenza. Sotto la sua guida, Symbiosis \u00e8 diventato pi\u00f9 di uno stand: un rifugio dove design e natura si fondono per evocare emozione e consapevolezza.<\/p>\n\n\n<div class=\"wp-block-image\">\n<figure class=\"aligncenter size-large\"><img decoding=\"async\" width=\"1024\" height=\"683\" src=\"https:\/\/www.thesignspeaking.com\/wp-content\/uploads\/2025\/10\/ihBCN25-x-Brava-Studio_AR14081-1024x683.jpg\" alt=\"\" class=\"wp-image-17691\" srcset=\"https:\/\/www.thesignspeaking.com\/wp-content\/uploads\/2025\/10\/ihBCN25-x-Brava-Studio_AR14081-1024x683.jpg 1024w, https:\/\/www.thesignspeaking.com\/wp-content\/uploads\/2025\/10\/ihBCN25-x-Brava-Studio_AR14081-300x200.jpg 300w, https:\/\/www.thesignspeaking.com\/wp-content\/uploads\/2025\/10\/ihBCN25-x-Brava-Studio_AR14081-768x512.jpg 768w, https:\/\/www.thesignspeaking.com\/wp-content\/uploads\/2025\/10\/ihBCN25-x-Brava-Studio_AR14081-360x240.jpg 360w, https:\/\/www.thesignspeaking.com\/wp-content\/uploads\/2025\/10\/ihBCN25-x-Brava-Studio_AR14081.jpg 1500w\" sizes=\"(max-width: 1024px) 100vw, 1024px\" \/><\/figure><\/div>\n\n\n<p>Il desiderio dell\u2019azienda era che i visitatori non vedessero semplicemente uno stand, ma sentissero uno spazio vivo, dove materiali naturali, luce, ombra e materia convivono in equilibrio. Uno spazio che sussurra, tra luce e sostanza, che progettare significa anche prendersi cura.<\/p>\n\n\n<div class=\"wp-block-image\">\n<figure class=\"aligncenter size-large\"><img decoding=\"async\" width=\"683\" height=\"1024\" src=\"https:\/\/www.thesignspeaking.com\/wp-content\/uploads\/2025\/10\/ihBCN25-x-Brava-Studio_AR14085-683x1024.jpg\" alt=\"\" class=\"wp-image-17690\" srcset=\"https:\/\/www.thesignspeaking.com\/wp-content\/uploads\/2025\/10\/ihBCN25-x-Brava-Studio_AR14085-683x1024.jpg 683w, https:\/\/www.thesignspeaking.com\/wp-content\/uploads\/2025\/10\/ihBCN25-x-Brava-Studio_AR14085-200x300.jpg 200w, https:\/\/www.thesignspeaking.com\/wp-content\/uploads\/2025\/10\/ihBCN25-x-Brava-Studio_AR14085-768x1151.jpg 768w, https:\/\/www.thesignspeaking.com\/wp-content\/uploads\/2025\/10\/ihBCN25-x-Brava-Studio_AR14085-1025x1536.jpg 1025w, https:\/\/www.thesignspeaking.com\/wp-content\/uploads\/2025\/10\/ihBCN25-x-Brava-Studio_AR14085.jpg 1334w\" sizes=\"(max-width: 683px) 100vw, 683px\" \/><\/figure><\/div>\n\n\n<p>Lo stand ha catturato l\u2019attenzione grazie a un uso sapiente del contrasto, cromatico e luminoso. La giuria ha sottolineato come lo spazio non si potesse comprendere con un solo sguardo: invitava a entrare, a esplorare. Una volta all\u2019interno, un corridoio centrale, affiancato da nicchie espositive, offriva un percorso quasi museale alla scoperta della collezione, creando un\u2019esperienza elegante e immersiva.<\/p>\n\n\n\n<p>A Interihotel, i visitatori hanno potuto vivere il concept di Symbiosis accanto a una selezione della nuova collaborazione con il designer Karim Rashid, collezione Delirium. <\/p>\n\n\n<div class=\"wp-block-image\">\n<figure class=\"aligncenter size-large\"><img decoding=\"async\" width=\"1024\" height=\"683\" src=\"https:\/\/www.thesignspeaking.com\/wp-content\/uploads\/2025\/10\/ihBCN25-x-Brava-Studio_AR14091-1024x683.jpg\" alt=\"\" class=\"wp-image-17694\" srcset=\"https:\/\/www.thesignspeaking.com\/wp-content\/uploads\/2025\/10\/ihBCN25-x-Brava-Studio_AR14091-1024x683.jpg 1024w, https:\/\/www.thesignspeaking.com\/wp-content\/uploads\/2025\/10\/ihBCN25-x-Brava-Studio_AR14091-300x200.jpg 300w, https:\/\/www.thesignspeaking.com\/wp-content\/uploads\/2025\/10\/ihBCN25-x-Brava-Studio_AR14091-768x512.jpg 768w, https:\/\/www.thesignspeaking.com\/wp-content\/uploads\/2025\/10\/ihBCN25-x-Brava-Studio_AR14091-360x240.jpg 360w, https:\/\/www.thesignspeaking.com\/wp-content\/uploads\/2025\/10\/ihBCN25-x-Brava-Studio_AR14091.jpg 1500w\" sizes=\"(max-width: 1024px) 100vw, 1024px\" \/><figcaption class=\"wp-element-caption\">Delirium by Karim Rashid for TM Leader Contract, ihBCN25 x Brava Studio<\/figcaption><\/figure><\/div>\n\n\n<p>Symbiosis non \u00e8 solo una campagna, \u00e8 un manifesto sul futuro del design. Un approccio che non si limita a ridefinire l\u2019estetica dell\u2019arredo, ma immagina un mondo in cui tecnologia e natura convergono per dare forma a una nuova realt\u00e0. \u00c8 la connessione tra origine e futuro, materia e algoritmo, artigianato e intelligenza artificiale, il design come linguaggio di una nuova epoca.<\/p>\n\n\n\n<p>Il premio, che \u00e8 stato consegnato dai giurati Agn\u00e8s Blanch (ARQUIN-FAD), Pedro Coelho (LCI Barcelona) e Pere Ramon (Barcelona Hotel Association), \u00e8 stato vinto da TM Leader Contract, distaccando altre due proposte selezionate dalla giuria: lo stand disegnato da Bardo Studio per Buit Valencia e quello di Einteriorismo and Arqdeco Creative Projects per Fama Solutions.<\/p>\n<\/span>","protected":false},"excerpt":{"rendered":"<p>TM Leader Contract vince il Best Stand Design a Interihotel 2025 Nuovo design, nuovi materiali, nuove finiture: in TM Leader Contract il design \u00e8 funzionalit\u00e0. Con oltre 40 anni di esperienza come produttore e fornitore, TM Leader Contract \u00e8 un punto di riferimento nella produzione di arredi per hotel, ristoranti e spazi pubblici. Ogni pezzo [&hellip;]<\/p>\n","protected":false},"author":4,"featured_media":17693,"comment_status":"open","ping_status":"open","sticky":false,"template":"","format":"standard","meta":[],"categories":[7],"tags":[233,27,316,2252,2247,2253,2251,96],"_links":{"self":[{"href":"https:\/\/www.thesignspeaking.com\/it\/wp-json\/wp\/v2\/posts\/17688"}],"collection":[{"href":"https:\/\/www.thesignspeaking.com\/it\/wp-json\/wp\/v2\/posts"}],"about":[{"href":"https:\/\/www.thesignspeaking.com\/it\/wp-json\/wp\/v2\/types\/post"}],"author":[{"embeddable":true,"href":"https:\/\/www.thesignspeaking.com\/it\/wp-json\/wp\/v2\/users\/4"}],"replies":[{"embeddable":true,"href":"https:\/\/www.thesignspeaking.com\/it\/wp-json\/wp\/v2\/comments?post=17688"}],"version-history":[{"count":4,"href":"https:\/\/www.thesignspeaking.com\/it\/wp-json\/wp\/v2\/posts\/17688\/revisions"}],"predecessor-version":[{"id":17701,"href":"https:\/\/www.thesignspeaking.com\/it\/wp-json\/wp\/v2\/posts\/17688\/revisions\/17701"}],"wp:featuredmedia":[{"embeddable":true,"href":"https:\/\/www.thesignspeaking.com\/it\/wp-json\/wp\/v2\/media\/17693"}],"wp:attachment":[{"href":"https:\/\/www.thesignspeaking.com\/it\/wp-json\/wp\/v2\/media?parent=17688"}],"wp:term":[{"taxonomy":"category","embeddable":true,"href":"https:\/\/www.thesignspeaking.com\/it\/wp-json\/wp\/v2\/categories?post=17688"},{"taxonomy":"post_tag","embeddable":true,"href":"https:\/\/www.thesignspeaking.com\/it\/wp-json\/wp\/v2\/tags?post=17688"}],"curies":[{"name":"wp","href":"https:\/\/api.w.org\/{rel}","templated":true}]}}