{"id":17711,"date":"2025-10-28T11:49:13","date_gmt":"2025-10-28T10:49:13","guid":{"rendered":"https:\/\/www.thesignspeaking.com\/?p=17711"},"modified":"2025-10-28T12:42:54","modified_gmt":"2025-10-28T11:42:54","slug":"encustomizable-lighting-design-allows-greater-creative-freedom","status":"publish","type":"post","link":"https:\/\/www.thesignspeaking.com\/it\/encustomizable-lighting-design-allows-greater-creative-freedom\/","title":{"rendered":"L&#8217;ILLUMINAZIONE PERSONALIZZABILE PERMETTE UNA MAGGIOR LIBERT\u00c0 CREATIVA"},"content":{"rendered":"<span class=\"cb-itemprop\" itemprop=\"reviewBody\">\n<h2 class=\"wp-block-heading\"><strong><strong>Modular e Marteen De Ceulaer uniti in un gioco di geometrie e colori che animano luci ed ombre, conferendogli un impulso poetico e allo stesso tempo moderno<\/strong>, in ogni colore<\/strong><\/h2>\n\n\n\n<p><\/p>\n\n\n\n<p>Nota per il suo approccio minimalista e poetico alla luce, la collezione Impulse di <a href=\"https:\/\/www.supermodular.com\/en-us\/\">Modular Lighting Instruments<\/a>, disegnata dal designer belga <a href=\"https:\/\/www.maartendeceulaer.com\/\">Maarten De Ceulaer<\/a>, \u00e8 ora completamente personalizzabile. Ogni applique della linea pu\u00f2 essere rifinita in qualsiasi colore.<\/p>\n\n\n<div class=\"wp-block-image\">\n<figure class=\"aligncenter size-full\"><img decoding=\"async\" width=\"559\" height=\"839\" src=\"https:\/\/www.thesignspeaking.com\/wp-content\/uploads\/2025\/10\/MAARTENDECEULAER_MODULAR_HOSPITALITY_IMPULSE-SQUARE-WALL_CUSTOM-COLOR_01.jpg\" alt=\"\" class=\"wp-image-17716\" srcset=\"https:\/\/www.thesignspeaking.com\/wp-content\/uploads\/2025\/10\/MAARTENDECEULAER_MODULAR_HOSPITALITY_IMPULSE-SQUARE-WALL_CUSTOM-COLOR_01.jpg 559w, https:\/\/www.thesignspeaking.com\/wp-content\/uploads\/2025\/10\/MAARTENDECEULAER_MODULAR_HOSPITALITY_IMPULSE-SQUARE-WALL_CUSTOM-COLOR_01-200x300.jpg 200w\" sizes=\"(max-width: 559px) 100vw, 559px\" \/><figcaption class=\"wp-element-caption\">Impulse Collection, design Marteen De Ceulaer for Modular<\/figcaption><\/figure><\/div>\n\n\n<p>Impulse esplora l\u2019essenza della luce, creando un affascinante gioco di luci e ombre che richiama i dipinti fiamminghi del XVII secolo. Gli apparecchi da parete sono costituiti da volumi astratti rotondi o quadrati che si trasformano completamente una volta accesi.<\/p>\n\n\n<div class=\"wp-block-image\">\n<figure class=\"aligncenter size-large\"><img decoding=\"async\" width=\"1024\" height=\"683\" src=\"https:\/\/www.thesignspeaking.com\/wp-content\/uploads\/2025\/10\/MAARTENDECEULAER_MODULAR_IMPULSE-SQUARE-WALL_CUSTOM-COLOR_RAL6019_MATT_01-1024x683.jpg\" alt=\"\" class=\"wp-image-17713\" srcset=\"https:\/\/www.thesignspeaking.com\/wp-content\/uploads\/2025\/10\/MAARTENDECEULAER_MODULAR_IMPULSE-SQUARE-WALL_CUSTOM-COLOR_RAL6019_MATT_01-1024x683.jpg 1024w, https:\/\/www.thesignspeaking.com\/wp-content\/uploads\/2025\/10\/MAARTENDECEULAER_MODULAR_IMPULSE-SQUARE-WALL_CUSTOM-COLOR_RAL6019_MATT_01-300x200.jpg 300w, https:\/\/www.thesignspeaking.com\/wp-content\/uploads\/2025\/10\/MAARTENDECEULAER_MODULAR_IMPULSE-SQUARE-WALL_CUSTOM-COLOR_RAL6019_MATT_01-768x512.jpg 768w, https:\/\/www.thesignspeaking.com\/wp-content\/uploads\/2025\/10\/MAARTENDECEULAER_MODULAR_IMPULSE-SQUARE-WALL_CUSTOM-COLOR_RAL6019_MATT_01-1536x1024.jpg 1536w, https:\/\/www.thesignspeaking.com\/wp-content\/uploads\/2025\/10\/MAARTENDECEULAER_MODULAR_IMPULSE-SQUARE-WALL_CUSTOM-COLOR_RAL6019_MATT_01-2048x1365.jpg 2048w, https:\/\/www.thesignspeaking.com\/wp-content\/uploads\/2025\/10\/MAARTENDECEULAER_MODULAR_IMPULSE-SQUARE-WALL_CUSTOM-COLOR_RAL6019_MATT_01-360x240.jpg 360w\" sizes=\"(max-width: 1024px) 100vw, 1024px\" \/><\/figure><\/div>\n\n\n<p>Da piccole sculture appese al muro, una volta animate dalla luce, esse proiettano sulla parete un caldo e poetico gioco di ombre. \u201c<em>Ho notato come una striscia LED creasse molteplici ombre della mia mano sulla parete. Ho capito subito che volevo progettare un oggetto di illuminazione che esprimesse questo fenomeno<\/em>\u201d, spiega Maarten De Ceulaer parlando dell&#8217;ispirazione alla base della collezione Impulse.<\/p>\n\n\n<div class=\"wp-block-image\">\n<figure class=\"aligncenter size-large\"><img decoding=\"async\" width=\"683\" height=\"1024\" src=\"https:\/\/www.thesignspeaking.com\/wp-content\/uploads\/2025\/10\/MAARTENDECEULAER_MODULAR_IMPULSE-ROUND-WALL_CUSTOM-COLOR_RAL6004_GLOSSY_03-683x1024.jpg\" alt=\"\" class=\"wp-image-17714\" srcset=\"https:\/\/www.thesignspeaking.com\/wp-content\/uploads\/2025\/10\/MAARTENDECEULAER_MODULAR_IMPULSE-ROUND-WALL_CUSTOM-COLOR_RAL6004_GLOSSY_03-683x1024.jpg 683w, https:\/\/www.thesignspeaking.com\/wp-content\/uploads\/2025\/10\/MAARTENDECEULAER_MODULAR_IMPULSE-ROUND-WALL_CUSTOM-COLOR_RAL6004_GLOSSY_03-200x300.jpg 200w, https:\/\/www.thesignspeaking.com\/wp-content\/uploads\/2025\/10\/MAARTENDECEULAER_MODULAR_IMPULSE-ROUND-WALL_CUSTOM-COLOR_RAL6004_GLOSSY_03-768x1152.jpg 768w, https:\/\/www.thesignspeaking.com\/wp-content\/uploads\/2025\/10\/MAARTENDECEULAER_MODULAR_IMPULSE-ROUND-WALL_CUSTOM-COLOR_RAL6004_GLOSSY_03-1024x1536.jpg 1024w, https:\/\/www.thesignspeaking.com\/wp-content\/uploads\/2025\/10\/MAARTENDECEULAER_MODULAR_IMPULSE-ROUND-WALL_CUSTOM-COLOR_RAL6004_GLOSSY_03-1365x2048.jpg 1365w, https:\/\/www.thesignspeaking.com\/wp-content\/uploads\/2025\/10\/MAARTENDECEULAER_MODULAR_IMPULSE-ROUND-WALL_CUSTOM-COLOR_RAL6004_GLOSSY_03.jpg 1648w\" sizes=\"(max-width: 683px) 100vw, 683px\" \/><figcaption class=\"wp-element-caption\">Impulse Collection, design Marteen De Ceulaer for Modular<\/figcaption><\/figure><\/div>\n\n\n<p>Il design minimalista delle lampade permette di concentrare l&#8217;attenzione esclusivamente sugli effetti di luce e ombra: \u201c<em>Volevo che la forma dell&#8217;apparecchio fosse il pi\u00f9 minimalista possibile. Tutta l&#8217;attenzione doveva essere rivolta al gioco di luci e ombre, senza distrazioni<\/em>\u201d, afferma De Ceulaer. Il risultato \u00e8 una collezione funzionale e artistica, che si integra perfettamente in una variet\u00e0 di ambienti interni.<\/p>\n\n\n<div class=\"wp-block-image\">\n<figure class=\"aligncenter size-large\"><img decoding=\"async\" width=\"1024\" height=\"682\" src=\"https:\/\/www.thesignspeaking.com\/wp-content\/uploads\/2025\/10\/MAARTENDECEULAER_MODULAR_IMPULSE-ROUND-WALL_CUSTOM-COLOR_RAL3012_STRUCTURE_02-1024x682.jpg\" alt=\"\" class=\"wp-image-17715\" srcset=\"https:\/\/www.thesignspeaking.com\/wp-content\/uploads\/2025\/10\/MAARTENDECEULAER_MODULAR_IMPULSE-ROUND-WALL_CUSTOM-COLOR_RAL3012_STRUCTURE_02-1024x682.jpg 1024w, https:\/\/www.thesignspeaking.com\/wp-content\/uploads\/2025\/10\/MAARTENDECEULAER_MODULAR_IMPULSE-ROUND-WALL_CUSTOM-COLOR_RAL3012_STRUCTURE_02-300x200.jpg 300w, https:\/\/www.thesignspeaking.com\/wp-content\/uploads\/2025\/10\/MAARTENDECEULAER_MODULAR_IMPULSE-ROUND-WALL_CUSTOM-COLOR_RAL3012_STRUCTURE_02-768x512.jpg 768w, https:\/\/www.thesignspeaking.com\/wp-content\/uploads\/2025\/10\/MAARTENDECEULAER_MODULAR_IMPULSE-ROUND-WALL_CUSTOM-COLOR_RAL3012_STRUCTURE_02-360x240.jpg 360w, https:\/\/www.thesignspeaking.com\/wp-content\/uploads\/2025\/10\/MAARTENDECEULAER_MODULAR_IMPULSE-ROUND-WALL_CUSTOM-COLOR_RAL3012_STRUCTURE_02.jpg 1472w\" sizes=\"(max-width: 1024px) 100vw, 1024px\" \/><figcaption class=\"wp-element-caption\">Impulse Collection, design Marteen De Ceulaer for Modular<\/figcaption><\/figure><\/div>\n\n\n<p>La collezione Impulse esplora la vera essenza dell\u2019illuminazione. Contemporanee ma senza tempo, queste lampade da parete sono volumi astratti dalle forme geometriche pure che si trasformano completamente non appena vengono accese. Illuminano delicatamente lo spazio proiettando sulla parete un meraviglioso gradiente di ombre, creando un senso di profondit\u00e0 ipnotico. Questi pezzi poetici sono molto pi\u00f9 che semplici lampade: offrono un\u2019esperienza della luce profonda e unica.<\/p>\n\n\n<div class=\"wp-block-image\">\n<figure class=\"aligncenter size-large\"><img decoding=\"async\" width=\"682\" height=\"1024\" src=\"https:\/\/www.thesignspeaking.com\/wp-content\/uploads\/2025\/10\/MAARTENDECEULAER_MODULAR_HOSPITALITY_IMPULSE-ROUND-WALL_CUSTOM-COLOR_01-682x1024.jpg\" alt=\"\" class=\"wp-image-17717\" srcset=\"https:\/\/www.thesignspeaking.com\/wp-content\/uploads\/2025\/10\/MAARTENDECEULAER_MODULAR_HOSPITALITY_IMPULSE-ROUND-WALL_CUSTOM-COLOR_01-682x1024.jpg 682w, https:\/\/www.thesignspeaking.com\/wp-content\/uploads\/2025\/10\/MAARTENDECEULAER_MODULAR_HOSPITALITY_IMPULSE-ROUND-WALL_CUSTOM-COLOR_01-200x300.jpg 200w, https:\/\/www.thesignspeaking.com\/wp-content\/uploads\/2025\/10\/MAARTENDECEULAER_MODULAR_HOSPITALITY_IMPULSE-ROUND-WALL_CUSTOM-COLOR_01-768x1152.jpg 768w, https:\/\/www.thesignspeaking.com\/wp-content\/uploads\/2025\/10\/MAARTENDECEULAER_MODULAR_HOSPITALITY_IMPULSE-ROUND-WALL_CUSTOM-COLOR_01.jpg 859w\" sizes=\"(max-width: 682px) 100vw, 682px\" \/><figcaption class=\"wp-element-caption\">Impulse Collection, design Marteen De Ceulaer for Modular<\/figcaption><\/figure><\/div>\n\n\n<p>Maarten, recentemente insignito del premio come Designer dell\u2019anno da Knack\/Le Vif Weekend, conferma la sua visione creativa e la sua influenza nel mondo del design. Il premio celebra la sua continua capacit\u00e0 di sorprendere e ispirare, sia se stesso che il suo pubblico, e sottolinea l&#8217;approccio multidimensionale che caratterizza il suo lavoro.<\/p>\n\n\n\n<p>Cos\u00ec, prendendo spunto dal suo riconoscimento, Marteen ha curato personalmente tre tonalit\u00e0 RAL speciali: RAL 6019 Matt (bianco verde), RAL 3012 Struc (beige rosso) e RAL 6004 Glossy (blu verde).<\/p>\n\n\n<div class=\"wp-block-image\">\n<figure class=\"aligncenter size-large\"><img decoding=\"async\" width=\"1024\" height=\"682\" src=\"https:\/\/www.thesignspeaking.com\/wp-content\/uploads\/2025\/10\/MAARTENDECEULAER_MODULAR_IMPULSE-SQUARE-WALL_CUSTOM-COLOR_RAL6004_STRUCTURE_02-1024x682.jpg\" alt=\"\" class=\"wp-image-17712\" srcset=\"https:\/\/www.thesignspeaking.com\/wp-content\/uploads\/2025\/10\/MAARTENDECEULAER_MODULAR_IMPULSE-SQUARE-WALL_CUSTOM-COLOR_RAL6004_STRUCTURE_02-1024x682.jpg 1024w, https:\/\/www.thesignspeaking.com\/wp-content\/uploads\/2025\/10\/MAARTENDECEULAER_MODULAR_IMPULSE-SQUARE-WALL_CUSTOM-COLOR_RAL6004_STRUCTURE_02-300x200.jpg 300w, https:\/\/www.thesignspeaking.com\/wp-content\/uploads\/2025\/10\/MAARTENDECEULAER_MODULAR_IMPULSE-SQUARE-WALL_CUSTOM-COLOR_RAL6004_STRUCTURE_02-768x512.jpg 768w, https:\/\/www.thesignspeaking.com\/wp-content\/uploads\/2025\/10\/MAARTENDECEULAER_MODULAR_IMPULSE-SQUARE-WALL_CUSTOM-COLOR_RAL6004_STRUCTURE_02-360x240.jpg 360w, https:\/\/www.thesignspeaking.com\/wp-content\/uploads\/2025\/10\/MAARTENDECEULAER_MODULAR_IMPULSE-SQUARE-WALL_CUSTOM-COLOR_RAL6004_STRUCTURE_02.jpg 1472w\" sizes=\"(max-width: 1024px) 100vw, 1024px\" \/><figcaption class=\"wp-element-caption\">Impulse Collection, design Marteen De Ceulaer for Modular<\/figcaption><\/figure><\/div>\n\n\n<p>La selezione personale di Maarten offre un tocco curato che permette a ogni spazio di diventare unico. I toni del verde richiamano la sua primissima collezione, A Pile of Suitcases, creata in collaborazione con Nilufar. La collezione Impulse comprende sia Impulse Square che Impulse Round, ciascuna con il proprio carattere ed effetto luminoso.<\/p>\n\n\n\n<p>Con questo aggiornamento, Modular rafforza la sua visione di un design dell&#8217;illuminazione personalizzabile e unisce le proprie competenze e quelle di Marteen De Ceulaer per offrire una collezione che coniuga innovazione ed espressivit\u00e0. Tutto a beneficio di architetti e designer, che possono cos\u00ec avere una pi\u00f9 ampia scelta e una libert\u00e0 creativa ancora maggiore.<\/p>\n\n\n\n<p><\/p>\n\n\n\n<h2 class=\"wp-block-heading\"><strong>About Maarten De Ceulaer<\/strong><\/h2>\n\n\n\n<p>Maarten De Ceulaer (nato nel 1983) ha iniziato i suoi studi presso il Sint-Lukas University College of Art and Design di Bruxelles. Attratto dal design concettuale, ha proseguito la sua formazione presso la Design Academy Eindhoven. La sua passione per i viaggi ha ispirato A Pile of Suitcases, il suo progetto di laurea, che ha immediatamente attirato l&#8217;attenzione di Nina Yashar, fondatrice&nbsp; della rinomata galleria milanese Nilufar, che lo ha invitato a sviluppare una collezione su questo tema.<\/p>\n\n\n\n<p>Maarten \u00e8 noto per il carattere evocativo, poetico e giocoso che conferisce ai suoi oggetti. Attraverso il suo lavoro racconta storie, suscita emozioni, stimola l&#8217;immaginazione e invita a sognare ad occhi aperti. Esplora costantemente nuovi materiali, metodi di produzione e tecniche artigianali. Per lui, la dimensione emotiva di un oggetto \u00e8 importante tanto quanto la sua funzione, e ha un occhio attento ai dettagli. I materiali sono spesso utilizzati in modi non convenzionali, dando vita a opere che sorprendono sempre.<\/p>\n\n\n\n<p>Maarten ha ricevuto numerosi premi, tra cui il Belgian Young Designer Award (2007) e l&#8217;Henry Van De Velde Award for Young Talent (2013). Collabora con gallerie di alto livello come Nilufar, Victor Hunt e Galerie du Passage, e con marchi come Cc-Tapis, Modular, Budri e Fendi. Le sue creazioni sono entrate a far parte di collezioni private e museali e sono state esposte in musei, festival, biennali e fiere in tutto il mondo.<\/p>\n<\/span>","protected":false},"excerpt":{"rendered":"<p>Modular e Marteen De Ceulaer uniti in un gioco di geometrie e colori che animano luci ed ombre, conferendogli un impulso poetico e allo stesso tempo moderno, in ogni colore Nota per il suo approccio minimalista e poetico alla luce, la collezione Impulse di Modular Lighting Instruments, disegnata dal designer belga Maarten De Ceulaer, \u00e8 [&hellip;]<\/p>\n","protected":false},"author":6,"featured_media":17713,"comment_status":"open","ping_status":"open","sticky":false,"template":"","format":"standard","meta":[],"categories":[7],"tags":[27,207,221,1176,2257,2255,2256],"_links":{"self":[{"href":"https:\/\/www.thesignspeaking.com\/it\/wp-json\/wp\/v2\/posts\/17711"}],"collection":[{"href":"https:\/\/www.thesignspeaking.com\/it\/wp-json\/wp\/v2\/posts"}],"about":[{"href":"https:\/\/www.thesignspeaking.com\/it\/wp-json\/wp\/v2\/types\/post"}],"author":[{"embeddable":true,"href":"https:\/\/www.thesignspeaking.com\/it\/wp-json\/wp\/v2\/users\/6"}],"replies":[{"embeddable":true,"href":"https:\/\/www.thesignspeaking.com\/it\/wp-json\/wp\/v2\/comments?post=17711"}],"version-history":[{"count":5,"href":"https:\/\/www.thesignspeaking.com\/it\/wp-json\/wp\/v2\/posts\/17711\/revisions"}],"predecessor-version":[{"id":17724,"href":"https:\/\/www.thesignspeaking.com\/it\/wp-json\/wp\/v2\/posts\/17711\/revisions\/17724"}],"wp:featuredmedia":[{"embeddable":true,"href":"https:\/\/www.thesignspeaking.com\/it\/wp-json\/wp\/v2\/media\/17713"}],"wp:attachment":[{"href":"https:\/\/www.thesignspeaking.com\/it\/wp-json\/wp\/v2\/media?parent=17711"}],"wp:term":[{"taxonomy":"category","embeddable":true,"href":"https:\/\/www.thesignspeaking.com\/it\/wp-json\/wp\/v2\/categories?post=17711"},{"taxonomy":"post_tag","embeddable":true,"href":"https:\/\/www.thesignspeaking.com\/it\/wp-json\/wp\/v2\/tags?post=17711"}],"curies":[{"name":"wp","href":"https:\/\/api.w.org\/{rel}","templated":true}]}}