{"id":17751,"date":"2025-10-30T14:48:21","date_gmt":"2025-10-30T13:48:21","guid":{"rendered":"https:\/\/www.thesignspeaking.com\/?p=17751"},"modified":"2025-10-30T14:58:29","modified_gmt":"2025-10-30T13:58:29","slug":"enthe-unicorn-the-star-the-moon-and-the-embroidered-bestiary-of-ml","status":"publish","type":"post","link":"https:\/\/www.thesignspeaking.com\/it\/enthe-unicorn-the-star-the-moon-and-the-embroidered-bestiary-of-ml\/","title":{"rendered":"L&#8217;UNICORNO, LA STELLA E LA LUNA DI FLORENTINE E IL BESTIARIO RICAMATO DI M&#038;L"},"content":{"rendered":"<span class=\"cb-itemprop\" itemprop=\"reviewBody\">\n<h2 class=\"wp-block-heading\">Il Museo della Caccia e della Natura di Parigi dedica la sua mostra autunno-inverno al duo Florentine e Alexandre Lamarche-Ovize, che invitano Macon&#038;Lesquoy a collaborare<\/h2>\n\n\n\n<p><\/p>\n\n\n\n<p>Dal mese di ottobre fino all&#8217;8 marzo 2026, il <a href=\"https:\/\/www.chassenature.org\/\">Mus\u00e9e de la Chasse et de la Nature<\/a> di Parigi, nel quartiere del Marais, ospita la mostra \u201cL&#8217;unicorno, la stella e la luna\u201d di <a href=\"https:\/\/lamarche-ovize.com\/\">Florentine e Alexandre Lamarche-Ovize<\/a>.<\/p>\n\n\n<div class=\"wp-block-image\">\n<figure class=\"aligncenter size-full\"><img decoding=\"async\" width=\"768\" height=\"966\" src=\"https:\/\/www.thesignspeaking.com\/wp-content\/uploads\/2025\/10\/1761056535840-9537_638943835197624782.jpg\" alt=\"\" class=\"wp-image-17752\" srcset=\"https:\/\/www.thesignspeaking.com\/wp-content\/uploads\/2025\/10\/1761056535840-9537_638943835197624782.jpg 768w, https:\/\/www.thesignspeaking.com\/wp-content\/uploads\/2025\/10\/1761056535840-9537_638943835197624782-239x300.jpg 239w\" sizes=\"(max-width: 768px) 100vw, 768px\" \/><\/figure><\/div>\n\n\n<p>Dal 2006, il duo che ha sede a Bobigny, ha sviluppato una pratica in cui disegno, ceramica, tessuti e oggetti si combinano in uno spirito simile al collage. Il loro mondo, nutrito da riferimenti letterari, immaginari popolari e motivi decorativi, abbraccia l&#8217;eterogeneit\u00e0 come principio creativo.<\/p>\n\n\n<div class=\"wp-block-image\">\n<figure class=\"aligncenter size-full\"><img decoding=\"async\" width=\"908\" height=\"543\" src=\"https:\/\/www.thesignspeaking.com\/wp-content\/uploads\/2025\/10\/1___media_library_original_908_543.png\" alt=\"\" class=\"wp-image-17754\" srcset=\"https:\/\/www.thesignspeaking.com\/wp-content\/uploads\/2025\/10\/1___media_library_original_908_543.png 908w, https:\/\/www.thesignspeaking.com\/wp-content\/uploads\/2025\/10\/1___media_library_original_908_543-300x179.png 300w, https:\/\/www.thesignspeaking.com\/wp-content\/uploads\/2025\/10\/1___media_library_original_908_543-768x459.png 768w\" sizes=\"(max-width: 908px) 100vw, 908px\" \/><\/figure><\/div>\n\n\n<p>Eredi del movimento inglese &#8220;Arts &#038; Crafts&#8221;, emerso alla fine del XIX secolo e che sosteneva un ritorno all&#8217;artigianato e all&#8217;unit\u00e0 tra belle arti e arti decorative, seguono anche la tradizione francese dell'&#8221;Arte in Tutto&#8221; (intorno al 1900), che abol\u00ec le gerarchie tra arte e artigianato con l&#8217;ambizione di abbellire la vita quotidiana.<\/p>\n\n\n\n<p>Per la mostra autunno-inverno, Florentine &#038; Alexandre Lamarche-Ovize hanno completamente trasformato il Museo della Caccia e della Natura: oltre 70 opere, met\u00e0 delle quali create appositamente per l&#8217;occasione, riempiono le sale del museo in un viaggio onirico e umoristico.<\/p>\n\n\n<div class=\"wp-block-image\">\n<figure class=\"aligncenter size-full\"><img decoding=\"async\" width=\"1000\" height=\"674\" src=\"https:\/\/www.thesignspeaking.com\/wp-content\/uploads\/2025\/10\/1761056996380-NEWS-BTOC-musee-chasse_06.gif\" alt=\"\" class=\"wp-image-17753\"\/><\/figure><\/div>\n\n\n<p>La mostra si insinua tra gli arazzi, gli arredi e trasforma le pareti, grazie anche alle creazioni di <a href=\"https:\/\/maconetlesquoy.com\/en\/\">Macon&#038;Lesquoy<\/a>, nota per i suoi gioielli ricamati. La collaborazione \u00e8 nata grazie ai molti punti di contatto tra le due realt\u00e0. A partire dal fatto che per entrambe tutto inizia con un disegno. Il risultato \u00e8 un&#8217;installazione onirica in un ambiente insolito dove le pareti respirano e gli oggetti raccontano le loro storie.<\/p>\n\n\n<div class=\"wp-block-image\">\n<figure class=\"aligncenter size-full\"><img decoding=\"async\" width=\"500\" height=\"313\" src=\"https:\/\/www.thesignspeaking.com\/wp-content\/uploads\/2025\/10\/1761055889328-NEWS-BTOC-musee-chasse_15-1.png\" alt=\"\" class=\"wp-image-17757\" srcset=\"https:\/\/www.thesignspeaking.com\/wp-content\/uploads\/2025\/10\/1761055889328-NEWS-BTOC-musee-chasse_15-1.png 500w, https:\/\/www.thesignspeaking.com\/wp-content\/uploads\/2025\/10\/1761055889328-NEWS-BTOC-musee-chasse_15-1-300x188.png 300w\" sizes=\"(max-width: 500px) 100vw, 500px\" \/><\/figure><\/div>\n\n\n<p>Le creazioni di Macon&#038;Lesquoy all\u2019interno della mostra si trovano:<\/p>\n\n\n\n<p>\u2022 sul pezzo forte della mostra, un arazzo di Aubusson rivisitato dal duo, per il quale Macon&#038;Lesquoy ha co-creato ricami XXL;<\/p>\n\n\n\n<p>\u2022 in uno dei cassetti dell&#8217;armeria, dove il suo bestiario ricamato \u00e8 tornato ai suoi antichi \u201ctrucchetti\u201d.<\/p>\n\n\n<div class=\"wp-block-image\">\n<figure class=\"aligncenter size-large\"><img decoding=\"async\" width=\"770\" height=\"1024\" src=\"https:\/\/www.thesignspeaking.com\/wp-content\/uploads\/2025\/10\/ML_musee-chasse-b-770x1024.jpg\" alt=\"\" class=\"wp-image-17758\" srcset=\"https:\/\/www.thesignspeaking.com\/wp-content\/uploads\/2025\/10\/ML_musee-chasse-b-770x1024.jpg 770w, https:\/\/www.thesignspeaking.com\/wp-content\/uploads\/2025\/10\/ML_musee-chasse-b-225x300.jpg 225w, https:\/\/www.thesignspeaking.com\/wp-content\/uploads\/2025\/10\/ML_musee-chasse-b-768x1022.jpg 768w, https:\/\/www.thesignspeaking.com\/wp-content\/uploads\/2025\/10\/ML_musee-chasse-b.jpg 856w\" sizes=\"(max-width: 770px) 100vw, 770px\" \/><\/figure><\/div>\n\n\n<p>Scopri alcuni dei ricami selezionati per la mostra cliccando <a href=\"https:\/\/maconetlesquoy.com\/fr\/4184-le-musee-de-la-chasse?funnelId=&#038;cg_accountid=fc276304-668b-4b21-a2e4-c89f63d5e9a3&#038;utm_campaign=cartsguru&#038;utm_medium=email&#038;utm_source=cartsguru\"><strong>qui<\/strong><\/a>.<\/p>\n\n\n<div class=\"wp-block-image\">\n<figure class=\"aligncenter size-full\"><img decoding=\"async\" width=\"854\" height=\"975\" src=\"https:\/\/www.thesignspeaking.com\/wp-content\/uploads\/2025\/10\/ML_musee-chasse-a.jpg\" alt=\"\" class=\"wp-image-17759\" srcset=\"https:\/\/www.thesignspeaking.com\/wp-content\/uploads\/2025\/10\/ML_musee-chasse-a.jpg 854w, https:\/\/www.thesignspeaking.com\/wp-content\/uploads\/2025\/10\/ML_musee-chasse-a-263x300.jpg 263w, https:\/\/www.thesignspeaking.com\/wp-content\/uploads\/2025\/10\/ML_musee-chasse-a-768x877.jpg 768w\" sizes=\"(max-width: 854px) 100vw, 854px\" \/><\/figure><\/div>\n\n\n<p><\/p>\n\n\n\n<p>Per addentrarsi nel cuore della mostra &#8220;L&#8217;unicorno, la stella e la luna&#8221; fino al 29 marzo 2026, cinque visite guidate e laboratori dedicati alle famiglie e ai bambini inviteranno a esplorare il mondo poetico e vibrante degli artisti.<\/p>\n\n\n<div class=\"wp-block-image\">\n<figure class=\"aligncenter size-full\"><img decoding=\"async\" width=\"908\" height=\"543\" src=\"https:\/\/www.thesignspeaking.com\/wp-content\/uploads\/2025\/10\/5___media_library_original_908_543.png\" alt=\"\" class=\"wp-image-17755\" srcset=\"https:\/\/www.thesignspeaking.com\/wp-content\/uploads\/2025\/10\/5___media_library_original_908_543.png 908w, https:\/\/www.thesignspeaking.com\/wp-content\/uploads\/2025\/10\/5___media_library_original_908_543-300x179.png 300w, https:\/\/www.thesignspeaking.com\/wp-content\/uploads\/2025\/10\/5___media_library_original_908_543-768x459.png 768w\" sizes=\"(max-width: 908px) 100vw, 908px\" \/><\/figure><\/div><\/span>","protected":false},"excerpt":{"rendered":"<p>Il Museo della Caccia e della Natura di Parigi dedica la sua mostra autunno-inverno al duo Florentine e Alexandre Lamarche-Ovize, che invitano Macon&#038;Lesquoy a collaborare Dal mese di ottobre fino all&#8217;8 marzo 2026, il Mus\u00e9e de la Chasse et de la Nature di Parigi, nel quartiere del Marais, ospita la mostra \u201cL&#8217;unicorno, la stella e [&hellip;]<\/p>\n","protected":false},"author":4,"featured_media":17753,"comment_status":"open","ping_status":"open","sticky":false,"template":"","format":"standard","meta":[],"categories":[4],"tags":[1802,2267,33,2268,2270,2269,410,2],"_links":{"self":[{"href":"https:\/\/www.thesignspeaking.com\/it\/wp-json\/wp\/v2\/posts\/17751"}],"collection":[{"href":"https:\/\/www.thesignspeaking.com\/it\/wp-json\/wp\/v2\/posts"}],"about":[{"href":"https:\/\/www.thesignspeaking.com\/it\/wp-json\/wp\/v2\/types\/post"}],"author":[{"embeddable":true,"href":"https:\/\/www.thesignspeaking.com\/it\/wp-json\/wp\/v2\/users\/4"}],"replies":[{"embeddable":true,"href":"https:\/\/www.thesignspeaking.com\/it\/wp-json\/wp\/v2\/comments?post=17751"}],"version-history":[{"count":4,"href":"https:\/\/www.thesignspeaking.com\/it\/wp-json\/wp\/v2\/posts\/17751\/revisions"}],"predecessor-version":[{"id":17765,"href":"https:\/\/www.thesignspeaking.com\/it\/wp-json\/wp\/v2\/posts\/17751\/revisions\/17765"}],"wp:featuredmedia":[{"embeddable":true,"href":"https:\/\/www.thesignspeaking.com\/it\/wp-json\/wp\/v2\/media\/17753"}],"wp:attachment":[{"href":"https:\/\/www.thesignspeaking.com\/it\/wp-json\/wp\/v2\/media?parent=17751"}],"wp:term":[{"taxonomy":"category","embeddable":true,"href":"https:\/\/www.thesignspeaking.com\/it\/wp-json\/wp\/v2\/categories?post=17751"},{"taxonomy":"post_tag","embeddable":true,"href":"https:\/\/www.thesignspeaking.com\/it\/wp-json\/wp\/v2\/tags?post=17751"}],"curies":[{"name":"wp","href":"https:\/\/api.w.org\/{rel}","templated":true}]}}