{"id":17789,"date":"2025-12-09T20:54:12","date_gmt":"2025-12-09T19:54:12","guid":{"rendered":"https:\/\/www.thesignspeaking.com\/?p=17789"},"modified":"2025-12-09T21:01:17","modified_gmt":"2025-12-09T20:01:17","slug":"ennew-stage-for-a-renowned-design-store-in-barcelona","status":"publish","type":"post","link":"https:\/\/www.thesignspeaking.com\/it\/ennew-stage-for-a-renowned-design-store-in-barcelona\/","title":{"rendered":"NUOVA FASE PER UN NOTO NEGOZIO DI DESIGN A BARCELLONA"},"content":{"rendered":"<span class=\"cb-itemprop\" itemprop=\"reviewBody\">\n<h2 class=\"wp-block-heading\">Mat\u00e8ria offre un nuovo sguardo sul quotidiano, rinnova un\u2019eredit\u00e0 e riafferma una convinzione: il design pu\u00f2 essere una forma di cultura e convivenza<\/h2>\n\n\n\n<p>Fondata da Beatrice Askanazy nel 2009, <a href=\"http:\/\/www.materiabcn.es\/\">Mat\u00e8ria <\/a>\u00e8 sempre stata un punto di riferimento per il design e la decorazione a Barcellona. Situato nell\u2019elegante quartiere di Galvany, il negozio passa ora nelle mani di Nina Ordeig, Marta Salvad\u00f3, Jara Varela e Dasha Vaimberg, quattro donne professioniste del mondo del design, dell\u2019architettura, della comunicazione e dell\u2019immagine, che assumono la sfida di dare continuit\u00e0, e nuova vita, a questo progetto.<\/p>\n\n\n<div class=\"wp-block-image\">\n<figure class=\"aligncenter size-large\"><img decoding=\"async\" width=\"1024\" height=\"768\" src=\"https:\/\/www.thesignspeaking.com\/wp-content\/uploads\/2025\/12\/materia-retratos-Marta-Salvado-Jara-Varela-Dasha-Vaimberg-Nina-Ordeig-FOTO-JARA-VARELA-1024x768.jpg\" alt=\"\" class=\"wp-image-17793\" srcset=\"https:\/\/www.thesignspeaking.com\/wp-content\/uploads\/2025\/12\/materia-retratos-Marta-Salvado-Jara-Varela-Dasha-Vaimberg-Nina-Ordeig-FOTO-JARA-VARELA-1024x768.jpg 1024w, https:\/\/www.thesignspeaking.com\/wp-content\/uploads\/2025\/12\/materia-retratos-Marta-Salvado-Jara-Varela-Dasha-Vaimberg-Nina-Ordeig-FOTO-JARA-VARELA-300x225.jpg 300w, https:\/\/www.thesignspeaking.com\/wp-content\/uploads\/2025\/12\/materia-retratos-Marta-Salvado-Jara-Varela-Dasha-Vaimberg-Nina-Ordeig-FOTO-JARA-VARELA-768x576.jpg 768w, https:\/\/www.thesignspeaking.com\/wp-content\/uploads\/2025\/12\/materia-retratos-Marta-Salvado-Jara-Varela-Dasha-Vaimberg-Nina-Ordeig-FOTO-JARA-VARELA-1536x1152.jpg 1536w, https:\/\/www.thesignspeaking.com\/wp-content\/uploads\/2025\/12\/materia-retratos-Marta-Salvado-Jara-Varela-Dasha-Vaimberg-Nina-Ordeig-FOTO-JARA-VARELA.jpg 1711w\" sizes=\"(max-width: 1024px) 100vw, 1024px\" \/><figcaption class=\"wp-element-caption\">Nella foto, da sinistra a destra: Marta Salvado\u0301, Jara Varela, Dasha Vaimberg e Nina Ordeig. <br>Photo \u00a9JARA VARELA<\/figcaption><\/figure><\/div>\n\n\n<p>La nuova fase nasce dalla somma di quattro traiettorie che si equilibrano tra tecnica e bellezza. \u00c8 un team complementare: le architette Marta Salvad\u00f3 e Dasha Vaimberg, fondatrici dello studio VaimbergSalvad\u00f3 (2012), apportano una visione professionale e tecnica che permette a Mat\u00e8ria di offrire un servizio integrale sia a clienti privati sia a studi di architettura e interior design. La fotografa e direttrice creativa Jara Varela, con un portfolio che include marchi come Santa&#038;Cole, Artek e Lemaire, offre carattere visivo e criterio estetico. Nina Ordeig, specialista in comunicazione e marketing, ex direttrice della comunicazione di Santa &#038; Cole e nanimarquina, incorpora una prospettiva strategica e sensibilit\u00e0 estetica, oltre alla sua conoscenza del settore del design.<\/p>\n\n\n<div class=\"wp-block-image\">\n<figure class=\"aligncenter size-large\"><img decoding=\"async\" width=\"1024\" height=\"768\" src=\"https:\/\/www.thesignspeaking.com\/wp-content\/uploads\/2025\/12\/jara-varela-materia-retratos0979MATERIA--1024x768.jpg\" alt=\"\" class=\"wp-image-17790\" srcset=\"https:\/\/www.thesignspeaking.com\/wp-content\/uploads\/2025\/12\/jara-varela-materia-retratos0979MATERIA--1024x768.jpg 1024w, https:\/\/www.thesignspeaking.com\/wp-content\/uploads\/2025\/12\/jara-varela-materia-retratos0979MATERIA--300x225.jpg 300w, https:\/\/www.thesignspeaking.com\/wp-content\/uploads\/2025\/12\/jara-varela-materia-retratos0979MATERIA--768x576.jpg 768w, https:\/\/www.thesignspeaking.com\/wp-content\/uploads\/2025\/12\/jara-varela-materia-retratos0979MATERIA-.jpg 1134w\" sizes=\"(max-width: 1024px) 100vw, 1024px\" \/><\/figure><\/div>\n\n\n<p>Mat\u00e8ria offre un nuovo sguardo sul quotidiano, rinnova un\u2019eredit\u00e0 e riafferma una convinzione: il design pu\u00f2 essere una forma di cultura e convivenza. \u00c8 un negozio con un\u2019anima, dove gli oggetti parlano di chi li crea e di chi li vive, combinando sensibilit\u00e0 e rigore, il domestico e il sofisticato. L\u2019importante \u00e8 ci\u00f2 che funziona, che emoziona e che migliora il giorno per giorno. La sua proposta nasce dalla sua curiosit\u00e0 per la cultura e il design, senza pretese e con un pizzico di senso dell\u2019umorismo.<\/p>\n\n\n<div class=\"wp-block-image\">\n<figure class=\"aligncenter size-large\"><img decoding=\"async\" width=\"768\" height=\"1024\" src=\"https:\/\/www.thesignspeaking.com\/wp-content\/uploads\/2025\/12\/jara-varela-251001materia-tienda1083MATERIA--768x1024.jpg\" alt=\"\" class=\"wp-image-17794\" srcset=\"https:\/\/www.thesignspeaking.com\/wp-content\/uploads\/2025\/12\/jara-varela-251001materia-tienda1083MATERIA--768x1024.jpg 768w, https:\/\/www.thesignspeaking.com\/wp-content\/uploads\/2025\/12\/jara-varela-251001materia-tienda1083MATERIA--225x300.jpg 225w, https:\/\/www.thesignspeaking.com\/wp-content\/uploads\/2025\/12\/jara-varela-251001materia-tienda1083MATERIA-.jpg 1101w\" sizes=\"(max-width: 768px) 100vw, 768px\" \/><figcaption class=\"wp-element-caption\">MATE\u0300RIA, photo Jara Varela<\/figcaption><\/figure><\/div>\n\n\n<p>Il nuovo progetto si riflette in una ristrutturazione dello spazio, in via Rector Ubach 43, e in un ampliamento del catalogo. Il passaggio di consegne si \u00e8 concretizzato nel giugno 2024, quando hanno saputo del pensionamento di Beatrice Askanazy: \u201c<em>Eravamo d\u2019accordo sul fatto che Mat\u00e8ria fosse un negozio necessario a Barcellona. Abbiamo visto l\u2019opportunit\u00e0 di continuare la sua eredit\u00e0 e, allo stesso tempo, creare qualcosa di nostro: uno spazio per i prodotti, i marchi e gli artisti che ci piacevano e che non trovavamo altrove in citt\u00e0. Abbiamo pensato: se nessuno lo fa, lo faremo noi. A modo nostro<\/em>\u201d.<\/p>\n\n\n<div class=\"wp-block-image\">\n<figure class=\"aligncenter size-large\"><img decoding=\"async\" width=\"768\" height=\"1024\" src=\"https:\/\/www.thesignspeaking.com\/wp-content\/uploads\/2025\/12\/jara-varela-materia-0953MATERIA--768x1024.jpg\" alt=\"\" class=\"wp-image-17792\" srcset=\"https:\/\/www.thesignspeaking.com\/wp-content\/uploads\/2025\/12\/jara-varela-materia-0953MATERIA--768x1024.jpg 768w, https:\/\/www.thesignspeaking.com\/wp-content\/uploads\/2025\/12\/jara-varela-materia-0953MATERIA--225x300.jpg 225w, https:\/\/www.thesignspeaking.com\/wp-content\/uploads\/2025\/12\/jara-varela-materia-0953MATERIA-.jpg 1100w\" sizes=\"(max-width: 768px) 100vw, 768px\" \/><figcaption class=\"wp-element-caption\">MATE\u0300RIA, photo Jara Varela<\/figcaption><\/figure><\/div>\n\n\n<p>Oltre all\u2019attenzione rivolta al cliente privato, Mat\u00e8ria offre un servizio dedicato ai professionisti del settore. Il team offre consulenza nella prescrizione, specificazione e fornitura di mobili, illuminazione e tessili fino all\u2019installazione e al montaggio, per spazi residenziali, alberghieri, commerciali e istituzionali. Un servizio che combina criterio estetico, conoscenza tecnica e accompagnamento in tutte le fasi del progetto. \u201c<em>Durante l\u2019ultimo anno abbiamo iniziato a collaborare con importanti studi di Barcellona, consigliandoli nella selezione e nella prescrizione di prodotti per i loro progetti<\/em>\u201d, spiegano le proprietarie.<\/p>\n\n\n<div class=\"wp-block-image\">\n<figure class=\"aligncenter size-large\"><img decoding=\"async\" width=\"1024\" height=\"677\" src=\"https:\/\/www.thesignspeaking.com\/wp-content\/uploads\/2025\/12\/jara-varela-diptico01materiaMATERIA--1024x677.jpg\" alt=\"\" class=\"wp-image-17791\" srcset=\"https:\/\/www.thesignspeaking.com\/wp-content\/uploads\/2025\/12\/jara-varela-diptico01materiaMATERIA--1024x677.jpg 1024w, https:\/\/www.thesignspeaking.com\/wp-content\/uploads\/2025\/12\/jara-varela-diptico01materiaMATERIA--300x198.jpg 300w, https:\/\/www.thesignspeaking.com\/wp-content\/uploads\/2025\/12\/jara-varela-diptico01materiaMATERIA--768x508.jpg 768w, https:\/\/www.thesignspeaking.com\/wp-content\/uploads\/2025\/12\/jara-varela-diptico01materiaMATERIA--100x65.jpg 100w, https:\/\/www.thesignspeaking.com\/wp-content\/uploads\/2025\/12\/jara-varela-diptico01materiaMATERIA-.jpg 1134w\" sizes=\"(max-width: 1024px) 100vw, 1024px\" \/><\/figure><\/div>\n\n\n<p>Mat\u00e8ria riunisce prodotti selezionati per funzionalit\u00e0, estetica e storia, pezzi che difendono un modo di intendere il design basato sul rispetto per i processi, i materiali e le persone. \u201c<em>Preferiamo non incasellarci in uno stile. Ci piace ci\u00f2 che ci emoziona, ci\u00f2 che porta calore, ci\u00f2 che accompagna senza disturbare; ci piace anche uscire ogni tanto da ci\u00f2 che \u00e8 pi\u00f9 stabilito o convenzionale<\/em>\u201d, aggiungono.<\/p>\n\n\n\n<p>Nei suoi 180 m\u00b2 di esposizione, Mat\u00e8ria presenta una selezione accurata che comprende illuminazione, mobili, tessili e oggetti d\u2019uso quotidiano. Tra i marchi presenti ci sono nomi locali come Bd Barcelona, Marset, Isist Atelier, Santa &#038; Cole o Trenat, accanto a firme nordiche come Carl Hansen, Fredericia, Hay, J.L. M\u00f8ller, Louis Poulsen, Montana, &#038;Tradition o W\u00e4stberg, e classici internazionali come Alessi, Astep, Artek, Capellini, Lumina, Magis, Nemo Lighting, Objekto, Oluce, Rex Kralj o Thonet.<\/p>\n\n\n\n<p>Include anche proposte meno conosciute o poco rappresentate in citt\u00e0, come Campeggi, Frama, Hollands Licht, Lenhi, Lk Hjelle, Ny Chair, Rexite, Rye Beds, Pierre Chapo, Plus Halle, Sammode o Tecta.<\/p>\n\n\n\n<p>Specialmente riconosciuta per il suo lavoro con i tessuti, Mat\u00e8ria offre un\u2019ampia selezione di tappeti, tende e altri tessili di marchi come Cotlin, CMO, C&#038;C, Baina, Charvet, Decopur, Dolz, Francisco Cumellas, Grupo Lamadrid, Kenkawai, Kieffer, Kvadrat, Loro Piana, Magnibert, Mark Alexander, Mikmax, Nanimarquina, Pierre Frey, Rubelli, Ruckstull, Sette, Teixidors, Tekla o Wallace Sewell.<\/p>\n\n\n\n<p>Anche l\u2019arte ha un posto in Mat\u00e8ria: attualmente ospita opere di Mark Bohle, Xavier Ma\u00f1osa e Joan Ma\u00f1osa, e presto inizier\u00e0 una collaborazione con la galleria Belmonte di Madrid, che porter\u00e0 a Barcellona una selezione dei suoi artisti. Trimestralmente presentano in esclusiva prodotti di Estudios Bolivia, formato dai designer J\u00falia Esqu\u00e9, Marc Morro e Jaume Ramirez.<\/p>\n<\/span>","protected":false},"excerpt":{"rendered":"<p>Mat\u00e8ria offre un nuovo sguardo sul quotidiano, rinnova un\u2019eredit\u00e0 e riafferma una convinzione: il design pu\u00f2 essere una forma di cultura e convivenza Fondata da Beatrice Askanazy nel 2009, Mat\u00e8ria \u00e8 sempre stata un punto di riferimento per il design e la decorazione a Barcellona. Situato nell\u2019elegante quartiere di Galvany, il negozio passa ora nelle [&hellip;]<\/p>\n","protected":false},"author":4,"featured_media":17790,"comment_status":"open","ping_status":"open","sticky":false,"template":"","format":"standard","meta":[],"categories":[7],"tags":[88,2275,27,215,28,222,6,2274,1775,96],"_links":{"self":[{"href":"https:\/\/www.thesignspeaking.com\/it\/wp-json\/wp\/v2\/posts\/17789"}],"collection":[{"href":"https:\/\/www.thesignspeaking.com\/it\/wp-json\/wp\/v2\/posts"}],"about":[{"href":"https:\/\/www.thesignspeaking.com\/it\/wp-json\/wp\/v2\/types\/post"}],"author":[{"embeddable":true,"href":"https:\/\/www.thesignspeaking.com\/it\/wp-json\/wp\/v2\/users\/4"}],"replies":[{"embeddable":true,"href":"https:\/\/www.thesignspeaking.com\/it\/wp-json\/wp\/v2\/comments?post=17789"}],"version-history":[{"count":3,"href":"https:\/\/www.thesignspeaking.com\/it\/wp-json\/wp\/v2\/posts\/17789\/revisions"}],"predecessor-version":[{"id":17798,"href":"https:\/\/www.thesignspeaking.com\/it\/wp-json\/wp\/v2\/posts\/17789\/revisions\/17798"}],"wp:featuredmedia":[{"embeddable":true,"href":"https:\/\/www.thesignspeaking.com\/it\/wp-json\/wp\/v2\/media\/17790"}],"wp:attachment":[{"href":"https:\/\/www.thesignspeaking.com\/it\/wp-json\/wp\/v2\/media?parent=17789"}],"wp:term":[{"taxonomy":"category","embeddable":true,"href":"https:\/\/www.thesignspeaking.com\/it\/wp-json\/wp\/v2\/categories?post=17789"},{"taxonomy":"post_tag","embeddable":true,"href":"https:\/\/www.thesignspeaking.com\/it\/wp-json\/wp\/v2\/tags?post=17789"}],"curies":[{"name":"wp","href":"https:\/\/api.w.org\/{rel}","templated":true}]}}