{"id":4237,"date":"2018-03-09T12:17:53","date_gmt":"2018-03-09T11:17:53","guid":{"rendered":"http:\/\/www.thesignspeaking.com\/?p=4237"},"modified":"2018-05-24T17:58:31","modified_gmt":"2018-05-24T15:58:31","slug":"artistar-jewels-2018-protagonist-of-the-milan-fashion-week","status":"publish","type":"post","link":"https:\/\/www.thesignspeaking.com\/it\/artistar-jewels-2018-protagonist-of-the-milan-fashion-week\/","title":{"rendered":"Artistar Jewels 2018 Protagonist Of The Milan Fashion Week"},"content":{"rendered":"<span class=\"cb-itemprop\" itemprop=\"reviewBody\"><p>In concomitanza con la Milan Fashion Week, si \u00e8 svolta a Palazzo dei Giureconsulti la quinta edizione di\u00a0<a href=\"http:\/\/www.artistar.it\/index.php?&#038;lang=it#&#038;panel1-1\" target=\"\"><b><span style=\"color: #c0504d;\">Artistar Jewels<\/span><\/b><\/a>, appuntamento internazionale dedicato alla diffusione della cultura del gioiello contemporaneo che ha ospitato 450 creazioni di 170 designer e artisti provenienti da tutto il mondo. L\u2019obiettivo di Artistar Jewels \u00e8 supportare gli operatori del settore mediante differenti strategie per inserirli in un mercato internazionale in continua evoluzione accompagnando gli artisti nel loro percorso di crescita professionale. L\u2019obiettivo \u00e8 creare opportunit\u00e0 di promozione e visibilit\u00e0 utili a condurre i designer selezionati al successo.<\/p>\n<p>Tre i vincitori del contest Artistar Jewels 2018: il designer e gemmologo ucraino Stanislav Drokin, il maestro d\u2019arte e art director italiano Tiziano Andorno e l\u2019orafa e insegnante di oreficeria italiana Rosamaria Venetucci.<\/p>\n<p>Una menzione speciale \u00e8 stata consegnata da\u00a0Enzo Carbone,\u00a0fondatore di Artistar Jewels, alla giovane orafa inglese Katy Tromans.<\/p>\n<p>La grafica e designer italiana Angela Simone ha vinto la partecipazione gratuita alla SIERAAD ART FAIR in programma il prossimo novembre ad Amsterdam e il giapponese HIYU HAMASAKI sar\u00e0 ospite della fiera dedicata al gioiello contemporaneo Autor a Bucarest.<\/p>\n<p>La designer Federica Portaccio \u00e8 stata scelta da Guido Solari, fondatore della Scuola Orafa Ambrosiana, per prendere parte a un corso di Oreficeria professionale.<\/p>\n<p>Elisabetta Barracchia direttore\u00a0di Cond\u00e9 Nast Mag Accessory, nuovo magazine del gruppo Cond\u00e9 Nast, dedicher\u00e0 una intervista sul numero di settembre 2018 all\u2019artista spagnola\u00a0May Ga\u00f1an.<\/p>\n<p>Oltre trenta sono le creazioni che saranno protagoniste di una mostra itinerante in gallerie europee quali la galleria ICKX Contemporary Jewelry di Bruxelles ed Eleni Marneri Galerie ad Atene.<\/p>\n<p>La giuria che ha avuto il compito di scegliere e premiare i pi\u00f9 meritevoli per capacit\u00e0 tecniche, sperimentazione, originalit\u00e0 e ricerca era composta dal direttore di Cond\u00e9 Nast Mag Accessory Elisabetta Barracchia, dalla giornalista di moda e costume Maristella Campi, Gianni De Liguoro, socio fondatore e stilista del brand di alta bigiotteria De Liguoro e Guido Solari, fondatore e titolare della Scuola Orafa Ambrosiana. A loro, gi\u00e0 membri di giuria lo scorso anno, si sono aggiunti tre nuovi giudici stranieri: Astrid Berens direttrice di SIERAAD ART FAIR di Amsterdam, Dan Piersinaru direttore e fondatore della rivista dedicata al gioiello contemporaneo AUTOR e Irina Slesareva direttrice di Jewellery Review Magazine e Direttore Creativo del Russian Line Jewellery Contest.<\/p>\n<p>L\u2019esposizione \u00e8 stata inoltre arricchita da prestigiosi contenuti speciali e dalla presenza di opere di artisti di fama mondiale quali Yoko Ono, Pol Bury e Faust Cardinali.<img decoding=\"async\" class=\"size-large wp-image-4239 aligncenter\" src=\"http:\/\/www.thesignspeaking.com\/wp-content\/uploads\/2018\/05\/monica-iacovenco.jpg\" alt=\"\" width=\"700\" height=\"511\" srcset=\"https:\/\/www.thesignspeaking.com\/wp-content\/uploads\/2018\/05\/monica-iacovenco.jpg 700w, https:\/\/www.thesignspeaking.com\/wp-content\/uploads\/2018\/05\/monica-iacovenco-300x219.jpg 300w\" sizes=\"(max-width: 700px) 100vw, 700px\" \/><img decoding=\"async\" class=\"size-full wp-image-4238 aligncenter\" src=\"http:\/\/www.thesignspeaking.com\/wp-content\/uploads\/2018\/05\/6-stanislav-drokin-two-rivers.jpg\" alt=\"\" width=\"800\" height=\"800\" srcset=\"https:\/\/www.thesignspeaking.com\/wp-content\/uploads\/2018\/05\/6-stanislav-drokin-two-rivers.jpg 800w, https:\/\/www.thesignspeaking.com\/wp-content\/uploads\/2018\/05\/6-stanislav-drokin-two-rivers-150x150.jpg 150w, https:\/\/www.thesignspeaking.com\/wp-content\/uploads\/2018\/05\/6-stanislav-drokin-two-rivers-300x300.jpg 300w, https:\/\/www.thesignspeaking.com\/wp-content\/uploads\/2018\/05\/6-stanislav-drokin-two-rivers-768x768.jpg 768w, https:\/\/www.thesignspeaking.com\/wp-content\/uploads\/2018\/05\/6-stanislav-drokin-two-rivers-125x125.jpg 125w\" sizes=\"(max-width: 800px) 100vw, 800px\" \/> <img decoding=\"async\" class=\"size-large wp-image-4240 aligncenter\" src=\"http:\/\/www.thesignspeaking.com\/wp-content\/uploads\/2018\/05\/emma-e-westmacott_retroneoprenebrooch.png\" alt=\"\" width=\"700\" height=\"464\" srcset=\"https:\/\/www.thesignspeaking.com\/wp-content\/uploads\/2018\/05\/emma-e-westmacott_retroneoprenebrooch.png 700w, https:\/\/www.thesignspeaking.com\/wp-content\/uploads\/2018\/05\/emma-e-westmacott_retroneoprenebrooch-300x199.png 300w, https:\/\/www.thesignspeaking.com\/wp-content\/uploads\/2018\/05\/emma-e-westmacott_retroneoprenebrooch-100x65.png 100w, https:\/\/www.thesignspeaking.com\/wp-content\/uploads\/2018\/05\/emma-e-westmacott_retroneoprenebrooch-360x240.png 360w\" sizes=\"(max-width: 700px) 100vw, 700px\" \/> <img decoding=\"async\" class=\"size-large wp-image-4241 aligncenter\" src=\"http:\/\/www.thesignspeaking.com\/wp-content\/uploads\/2018\/05\/anita-sondore-1024x683.jpg\" alt=\"\" width=\"1024\" height=\"683\" srcset=\"https:\/\/www.thesignspeaking.com\/wp-content\/uploads\/2018\/05\/anita-sondore-1024x683.jpg 1024w, https:\/\/www.thesignspeaking.com\/wp-content\/uploads\/2018\/05\/anita-sondore-300x200.jpg 300w, https:\/\/www.thesignspeaking.com\/wp-content\/uploads\/2018\/05\/anita-sondore-768x512.jpg 768w, https:\/\/www.thesignspeaking.com\/wp-content\/uploads\/2018\/05\/anita-sondore-360x240.jpg 360w\" sizes=\"(max-width: 1024px) 100vw, 1024px\" \/> <img decoding=\"async\" class=\"size-large wp-image-4242 aligncenter\" src=\"http:\/\/www.thesignspeaking.com\/wp-content\/uploads\/2018\/05\/angela-simone_collana-incontro-scontro-1-.jpg\" alt=\"\" width=\"783\" height=\"588\" srcset=\"https:\/\/www.thesignspeaking.com\/wp-content\/uploads\/2018\/05\/angela-simone_collana-incontro-scontro-1-.jpg 783w, https:\/\/www.thesignspeaking.com\/wp-content\/uploads\/2018\/05\/angela-simone_collana-incontro-scontro-1--300x225.jpg 300w, https:\/\/www.thesignspeaking.com\/wp-content\/uploads\/2018\/05\/angela-simone_collana-incontro-scontro-1--768x577.jpg 768w\" sizes=\"(max-width: 783px) 100vw, 783px\" \/> <img decoding=\"async\" class=\"size-large wp-image-4243 aligncenter\" src=\"http:\/\/www.thesignspeaking.com\/wp-content\/uploads\/2018\/05\/federico-primiceri_6.jpg\" alt=\"\" width=\"700\" height=\"466\" srcset=\"https:\/\/www.thesignspeaking.com\/wp-content\/uploads\/2018\/05\/federico-primiceri_6.jpg 700w, https:\/\/www.thesignspeaking.com\/wp-content\/uploads\/2018\/05\/federico-primiceri_6-300x200.jpg 300w, https:\/\/www.thesignspeaking.com\/wp-content\/uploads\/2018\/05\/federico-primiceri_6-360x240.jpg 360w\" sizes=\"(max-width: 700px) 100vw, 700px\" \/> <img decoding=\"async\" class=\"size-large wp-image-4244 aligncenter\" src=\"http:\/\/www.thesignspeaking.com\/wp-content\/uploads\/2018\/05\/roberta-parlapiano_collana-bold-doppia-frangia-3-.jpg\" alt=\"\" width=\"700\" height=\"525\" srcset=\"https:\/\/www.thesignspeaking.com\/wp-content\/uploads\/2018\/05\/roberta-parlapiano_collana-bold-doppia-frangia-3-.jpg 700w, https:\/\/www.thesignspeaking.com\/wp-content\/uploads\/2018\/05\/roberta-parlapiano_collana-bold-doppia-frangia-3--300x225.jpg 300w\" sizes=\"(max-width: 700px) 100vw, 700px\" \/><\/p>\n<\/span>","protected":false},"excerpt":{"rendered":"<p>In concomitanza con la Milan Fashion Week, si \u00e8 svolta a Palazzo dei Giureconsulti la quinta edizione di\u00a0Artistar Jewels, appuntamento internazionale dedicato alla diffusione della cultura del gioiello contemporaneo che ha ospitato 450 creazioni di 170 designer e artisti provenienti da tutto il mondo. L\u2019obiettivo di Artistar Jewels \u00e8 supportare gli operatori del settore mediante [&hellip;]<\/p>\n","protected":false},"author":3,"featured_media":4245,"comment_status":"open","ping_status":"open","sticky":false,"template":"","format":"standard","meta":[],"categories":[4],"tags":[],"_links":{"self":[{"href":"https:\/\/www.thesignspeaking.com\/it\/wp-json\/wp\/v2\/posts\/4237"}],"collection":[{"href":"https:\/\/www.thesignspeaking.com\/it\/wp-json\/wp\/v2\/posts"}],"about":[{"href":"https:\/\/www.thesignspeaking.com\/it\/wp-json\/wp\/v2\/types\/post"}],"author":[{"embeddable":true,"href":"https:\/\/www.thesignspeaking.com\/it\/wp-json\/wp\/v2\/users\/3"}],"replies":[{"embeddable":true,"href":"https:\/\/www.thesignspeaking.com\/it\/wp-json\/wp\/v2\/comments?post=4237"}],"version-history":[{"count":0,"href":"https:\/\/www.thesignspeaking.com\/it\/wp-json\/wp\/v2\/posts\/4237\/revisions"}],"wp:featuredmedia":[{"embeddable":true,"href":"https:\/\/www.thesignspeaking.com\/it\/wp-json\/wp\/v2\/media\/4245"}],"wp:attachment":[{"href":"https:\/\/www.thesignspeaking.com\/it\/wp-json\/wp\/v2\/media?parent=4237"}],"wp:term":[{"taxonomy":"category","embeddable":true,"href":"https:\/\/www.thesignspeaking.com\/it\/wp-json\/wp\/v2\/categories?post=4237"},{"taxonomy":"post_tag","embeddable":true,"href":"https:\/\/www.thesignspeaking.com\/it\/wp-json\/wp\/v2\/tags?post=4237"}],"curies":[{"name":"wp","href":"https:\/\/api.w.org\/{rel}","templated":true}]}}