{"id":4271,"date":"2018-03-16T12:44:27","date_gmt":"2018-03-16T11:44:27","guid":{"rendered":"http:\/\/www.thesignspeaking.com\/?p=4271"},"modified":"2018-05-24T11:33:33","modified_gmt":"2018-05-24T09:33:33","slug":"frankfurt-in-lights","status":"publish","type":"post","link":"https:\/\/www.thesignspeaking.com\/it\/frankfurt-in-lights\/","title":{"rendered":"Frankfurt In Lights!"},"content":{"rendered":"<span class=\"cb-itemprop\" itemprop=\"reviewBody\"><p>In concomitanza con la fiera internazionale\u00a0<a href=\"http:\/\/www.light-building.com\/\" target=\"\"><b><span style=\"color: #e36c09;\">Light + Building<\/span><\/b><\/a>, si tiene\u00a0a Francoforte e Offenbach\u00a0la nona edizione di\u00a0<a href=\"http:\/\/luminale-frankfurt.de\/en\/startpage\/\" target=\"\"><b><span style=\"color: #e36c09;\">Luminale<\/span><\/b><\/a>, un noto evento pubblico che, con il coinvolgimento di esperti e\u00a0artisti provenienti dalla Germania e dall&#8217;estero, offre un&#8217;opportunit\u00e0 per un discorso interdisciplinare sulla citt\u00e0 e il suo futuro negli aspetti sociali, ecologici, tecnologici e artistici.<\/p>\n<p>Con un format completamente nuovo, dal 18 al 23 marzo la &#8220;Biennale per l&#8217;illuminazione artistica e il design urbano&#8221;, presenta molte opere sul tema dell\u2019urban design.<\/p>\n<p>Sono in programma centoquarantanove progetti, nelle cinque categorie ART, COMMUNITY, STUDY, SOLUTIONS e BETTER CITY. La sola categoria ART riunisce 30 progetti eccezionali di lighting art e lavori artistici sulla illuminazione e la citt\u00e0. Inoltre, Luminale fornir\u00e0 importanti incentivi per un design urbano moderno e sostenibile. Tutto si svolger\u00e0 sotto l&#8217;egida del Sindaco delegato di Francoforte Peter Feldmann, che non ha dubbi: &#8220;<i>Il nuovo concetto ottimizzato ha dato al festival una nuova qualit\u00e0. Luminale 2018 collegher\u00e0 in modo permanente display artistici, sviluppo tecnologico e obiettivi sociali significativi, elevando il profilo della nostra citt\u00e0 come pioniere del moderno sviluppo urbano<\/i>.&#8221;<\/p>\n<p>Cinque delle pi\u00f9 grandi attrazioni architettoniche di Francoforte &#8211; il R\u00f6mer, l&#8217;Alte Oper, la Banca Centrale Europea, la Chiesa di Santa Caterina e l&#8217;Eiserner Steg &#8211; saranno le sedi di una mostra nella citt\u00e0 che prender\u00e0 la forma di diverse installazioni artistiche di luce. Philipp Geist trasformer\u00e0 il R\u00f6mer in un&#8217;installazione di luce nella quale si potr\u00e0 camminare, e il collettivo di artisti italiani Karmachina, per la prima volta a Luminale, mostrer\u00e0 la storia della Alte Oper con uno spettacolo di videomapping. Urbanscreen, le menti creative di Brema, con l&#8217;illustratore Andreas Preis, trasformeranno la facciata della Banca Centrale Europea in una animata galleria d&#8217;arte a cielo aperto. Nella chiesa di Santa Caterina, l&#8217;artista viennese Victoria Coeln creer\u00e0 uno spazio di illuminazione policromatico con mezzi analogici. Fabian Thiele prender\u00e0 spunto dall\u2019inizio della costruzione dell&#8217;Eiserner Steg centocinquant&#8217;anni fa per un&#8217;installazione tipografica con una poesia del poeta dialettale di Francoforte Friedrich Stoltze.<\/p>\n<p>Tra le novit\u00e0 di quest&#8217;anno, la Light Walk, che riunisce trentacinque opere artistiche per formare una galleria nel centro della citt\u00e0 e collegare punti di riferimento e monumenti con luoghi poco conosciuti e fuori mano.<\/p>\n<p>L&#8217;URBAN CLIMATE CANOPY \u00e8 stato invece sviluppato in collaborazione con gli studenti della laurea magistrale della Munich Technical University e, nell\u2019ambito tra insegnamento e ricerca, entusiasmer\u00e0 il pubblico con una installazione, tettoia o arredo urbano, creando lo spazio e modulando il clima.<\/p>\n<p>Nel suo progetto &#8220;Light on&#8221; Jens Schader utilizzer\u00e0 la pi\u00f9 ampia variet\u00e0 di elementi luminescenti per proiettare la luce su nove \u201cluoghi oscuri&#8221;, visti come non sicuri, nel mezzo dello sviluppo del Ben-Gurion-Ring, noto prima come distretto problematico.<img decoding=\"async\" class=\"size-full wp-image-4272 aligncenter\" src=\"http:\/\/www.thesignspeaking.com\/wp-content\/uploads\/2018\/05\/eswerdelicht_liebfrauenkirche_ingobrackecedda-dietrich.jpg\" alt=\"\" width=\"595\" height=\"465\" srcset=\"https:\/\/www.thesignspeaking.com\/wp-content\/uploads\/2018\/05\/eswerdelicht_liebfrauenkirche_ingobrackecedda-dietrich.jpg 595w, https:\/\/www.thesignspeaking.com\/wp-content\/uploads\/2018\/05\/eswerdelicht_liebfrauenkirche_ingobrackecedda-dietrich-300x234.jpg 300w\" sizes=\"(max-width: 595px) 100vw, 595px\" \/> <img decoding=\"async\" class=\"size-large wp-image-4273 aligncenter\" src=\"http:\/\/www.thesignspeaking.com\/wp-content\/uploads\/2018\/05\/alte-oper-frankfurtckarmachina_ernstludwig-kirchner_szeneimcafe-_sta-delmuseum_frankfurtammain-1024x576.jpg\" alt=\"\" width=\"1024\" height=\"576\" srcset=\"https:\/\/www.thesignspeaking.com\/wp-content\/uploads\/2018\/05\/alte-oper-frankfurtckarmachina_ernstludwig-kirchner_szeneimcafe-_sta-delmuseum_frankfurtammain-1024x576.jpg 1024w, https:\/\/www.thesignspeaking.com\/wp-content\/uploads\/2018\/05\/alte-oper-frankfurtckarmachina_ernstludwig-kirchner_szeneimcafe-_sta-delmuseum_frankfurtammain-300x169.jpg 300w, https:\/\/www.thesignspeaking.com\/wp-content\/uploads\/2018\/05\/alte-oper-frankfurtckarmachina_ernstludwig-kirchner_szeneimcafe-_sta-delmuseum_frankfurtammain-768x432.jpg 768w\" sizes=\"(max-width: 1024px) 100vw, 1024px\" \/> <img decoding=\"async\" class=\"size-large wp-image-4274 aligncenter\" src=\"http:\/\/www.thesignspeaking.com\/wp-content\/uploads\/2018\/05\/frankfurtfades_ro-mercphilippgeist_vgbildkunst1.jpg\" alt=\"\" width=\"851\" height=\"612\" srcset=\"https:\/\/www.thesignspeaking.com\/wp-content\/uploads\/2018\/05\/frankfurtfades_ro-mercphilippgeist_vgbildkunst1.jpg 851w, https:\/\/www.thesignspeaking.com\/wp-content\/uploads\/2018\/05\/frankfurtfades_ro-mercphilippgeist_vgbildkunst1-300x216.jpg 300w, https:\/\/www.thesignspeaking.com\/wp-content\/uploads\/2018\/05\/frankfurtfades_ro-mercphilippgeist_vgbildkunst1-768x552.jpg 768w\" sizes=\"(max-width: 851px) 100vw, 851px\" \/><\/p>\n<div id=\"attachment_4275\" style=\"width: 379px\"  class=\"wp-caption aligncenter\"><img decoding=\"async\" class=\"size-large wp-image-4275\" src=\"http:\/\/www.thesignspeaking.com\/wp-content\/uploads\/2018\/05\/friedbergerwartecchristianuitz.jpg\" alt=\"\" width=\"369\" height=\"227\" srcset=\"https:\/\/www.thesignspeaking.com\/wp-content\/uploads\/2018\/05\/friedbergerwartecchristianuitz.jpg 369w, https:\/\/www.thesignspeaking.com\/wp-content\/uploads\/2018\/05\/friedbergerwartecchristianuitz-300x185.jpg 300w\" sizes=\"(max-width: 369px) 100vw, 369px\" \/><p class=\"wp-caption-text\">OLYMPUS DIGITAL CAMERA<\/p><\/div>\n<p><img decoding=\"async\" class=\"size-large wp-image-4276 aligncenter\" src=\"http:\/\/www.thesignspeaking.com\/wp-content\/uploads\/2018\/05\/katharinenpassion_katharinenkirchecateliercoeln-1024x512.jpg\" alt=\"\" width=\"1024\" height=\"512\" srcset=\"https:\/\/www.thesignspeaking.com\/wp-content\/uploads\/2018\/05\/katharinenpassion_katharinenkirchecateliercoeln-1024x512.jpg 1024w, https:\/\/www.thesignspeaking.com\/wp-content\/uploads\/2018\/05\/katharinenpassion_katharinenkirchecateliercoeln-300x150.jpg 300w, https:\/\/www.thesignspeaking.com\/wp-content\/uploads\/2018\/05\/katharinenpassion_katharinenkirchecateliercoeln-768x384.jpg 768w\" sizes=\"(max-width: 1024px) 100vw, 1024px\" \/> <img decoding=\"async\" class=\"size-large wp-image-4277 aligncenter\" src=\"http:\/\/www.thesignspeaking.com\/wp-content\/uploads\/2018\/05\/nofuturewithouthistory_institutfuerstadtgeschichtecmonika-slomski-1024x793.jpg\" alt=\"\" width=\"1024\" height=\"793\" srcset=\"https:\/\/www.thesignspeaking.com\/wp-content\/uploads\/2018\/05\/nofuturewithouthistory_institutfuerstadtgeschichtecmonika-slomski-1024x793.jpg 1024w, https:\/\/www.thesignspeaking.com\/wp-content\/uploads\/2018\/05\/nofuturewithouthistory_institutfuerstadtgeschichtecmonika-slomski-300x232.jpg 300w, https:\/\/www.thesignspeaking.com\/wp-content\/uploads\/2018\/05\/nofuturewithouthistory_institutfuerstadtgeschichtecmonika-slomski-768x595.jpg 768w, https:\/\/www.thesignspeaking.com\/wp-content\/uploads\/2018\/05\/nofuturewithouthistory_institutfuerstadtgeschichtecmonika-slomski.jpg 1392w\" sizes=\"(max-width: 1024px) 100vw, 1024px\" \/> <img decoding=\"async\" class=\"size-large wp-image-4278 aligncenter\" src=\"http:\/\/www.thesignspeaking.com\/wp-content\/uploads\/2018\/05\/5m3_nizzaparkcfranz-neudeck-.jpg\" alt=\"\" width=\"400\" height=\"259\" srcset=\"https:\/\/www.thesignspeaking.com\/wp-content\/uploads\/2018\/05\/5m3_nizzaparkcfranz-neudeck-.jpg 400w, https:\/\/www.thesignspeaking.com\/wp-content\/uploads\/2018\/05\/5m3_nizzaparkcfranz-neudeck--300x194.jpg 300w, https:\/\/www.thesignspeaking.com\/wp-content\/uploads\/2018\/05\/5m3_nizzaparkcfranz-neudeck--100x65.jpg 100w\" sizes=\"(max-width: 400px) 100vw, 400px\" \/> <img decoding=\"async\" class=\"size-large wp-image-4279 aligncenter\" src=\"http:\/\/www.thesignspeaking.com\/wp-content\/uploads\/2018\/05\/snowwhite_taunusanlage-mbox-studio-berlin1-1024x640.jpg\" alt=\"\" width=\"1024\" height=\"640\" srcset=\"https:\/\/www.thesignspeaking.com\/wp-content\/uploads\/2018\/05\/snowwhite_taunusanlage-mbox-studio-berlin1-1024x640.jpg 1024w, https:\/\/www.thesignspeaking.com\/wp-content\/uploads\/2018\/05\/snowwhite_taunusanlage-mbox-studio-berlin1-300x188.jpg 300w, https:\/\/www.thesignspeaking.com\/wp-content\/uploads\/2018\/05\/snowwhite_taunusanlage-mbox-studio-berlin1-768x480.jpg 768w, https:\/\/www.thesignspeaking.com\/wp-content\/uploads\/2018\/05\/snowwhite_taunusanlage-mbox-studio-berlin1.jpg 1920w\" sizes=\"(max-width: 1024px) 100vw, 1024px\" \/> <img decoding=\"async\" class=\"size-large wp-image-4280 aligncenter\" src=\"http:\/\/www.thesignspeaking.com\/wp-content\/uploads\/2018\/05\/strangerscmaderwiermann-1024x589.jpg\" alt=\"\" width=\"1024\" height=\"589\" srcset=\"https:\/\/www.thesignspeaking.com\/wp-content\/uploads\/2018\/05\/strangerscmaderwiermann-1024x589.jpg 1024w, https:\/\/www.thesignspeaking.com\/wp-content\/uploads\/2018\/05\/strangerscmaderwiermann-300x173.jpg 300w, https:\/\/www.thesignspeaking.com\/wp-content\/uploads\/2018\/05\/strangerscmaderwiermann-768x442.jpg 768w\" sizes=\"(max-width: 1024px) 100vw, 1024px\" \/> <img decoding=\"async\" class=\"size-large wp-image-4281 aligncenter\" src=\"http:\/\/www.thesignspeaking.com\/wp-content\/uploads\/2018\/05\/urbanclimatecanopy_hauptwache_tumuenchenctum-1024x512.jpg\" alt=\"\" width=\"1024\" height=\"512\" srcset=\"https:\/\/www.thesignspeaking.com\/wp-content\/uploads\/2018\/05\/urbanclimatecanopy_hauptwache_tumuenchenctum-1024x512.jpg 1024w, https:\/\/www.thesignspeaking.com\/wp-content\/uploads\/2018\/05\/urbanclimatecanopy_hauptwache_tumuenchenctum-300x150.jpg 300w, https:\/\/www.thesignspeaking.com\/wp-content\/uploads\/2018\/05\/urbanclimatecanopy_hauptwache_tumuenchenctum-768x384.jpg 768w, https:\/\/www.thesignspeaking.com\/wp-content\/uploads\/2018\/05\/urbanclimatecanopy_hauptwache_tumuenchenctum.jpg 1200w\" sizes=\"(max-width: 1024px) 100vw, 1024px\" \/><\/p>\n<\/span>","protected":false},"excerpt":{"rendered":"<p>In concomitanza con la fiera internazionale\u00a0Light + Building, si tiene\u00a0a Francoforte e Offenbach\u00a0la nona edizione di\u00a0Luminale, un noto evento pubblico che, con il coinvolgimento di esperti e\u00a0artisti provenienti dalla Germania e dall&#8217;estero, offre un&#8217;opportunit\u00e0 per un discorso interdisciplinare sulla citt\u00e0 e il suo futuro negli aspetti sociali, ecologici, tecnologici e artistici. Con un format completamente [&hellip;]<\/p>\n","protected":false},"author":3,"featured_media":4272,"comment_status":"open","ping_status":"open","sticky":false,"template":"","format":"standard","meta":[],"categories":[11],"tags":[],"_links":{"self":[{"href":"https:\/\/www.thesignspeaking.com\/it\/wp-json\/wp\/v2\/posts\/4271"}],"collection":[{"href":"https:\/\/www.thesignspeaking.com\/it\/wp-json\/wp\/v2\/posts"}],"about":[{"href":"https:\/\/www.thesignspeaking.com\/it\/wp-json\/wp\/v2\/types\/post"}],"author":[{"embeddable":true,"href":"https:\/\/www.thesignspeaking.com\/it\/wp-json\/wp\/v2\/users\/3"}],"replies":[{"embeddable":true,"href":"https:\/\/www.thesignspeaking.com\/it\/wp-json\/wp\/v2\/comments?post=4271"}],"version-history":[{"count":0,"href":"https:\/\/www.thesignspeaking.com\/it\/wp-json\/wp\/v2\/posts\/4271\/revisions"}],"wp:featuredmedia":[{"embeddable":true,"href":"https:\/\/www.thesignspeaking.com\/it\/wp-json\/wp\/v2\/media\/4272"}],"wp:attachment":[{"href":"https:\/\/www.thesignspeaking.com\/it\/wp-json\/wp\/v2\/media?parent=4271"}],"wp:term":[{"taxonomy":"category","embeddable":true,"href":"https:\/\/www.thesignspeaking.com\/it\/wp-json\/wp\/v2\/categories?post=4271"},{"taxonomy":"post_tag","embeddable":true,"href":"https:\/\/www.thesignspeaking.com\/it\/wp-json\/wp\/v2\/tags?post=4271"}],"curies":[{"name":"wp","href":"https:\/\/api.w.org\/{rel}","templated":true}]}}