{"id":4429,"date":"2018-04-06T14:29:16","date_gmt":"2018-04-06T12:29:16","guid":{"rendered":"http:\/\/www.thesignspeaking.com\/?p=4429"},"modified":"2018-05-24T11:53:17","modified_gmt":"2018-05-24T09:53:17","slug":"millennial-design-carati-by-mario-alessiani-2","status":"publish","type":"post","link":"https:\/\/www.thesignspeaking.com\/it\/millennial-design-carati-by-mario-alessiani-2\/","title":{"rendered":"Millennial Design: Carati By Mario Alessiani"},"content":{"rendered":"<span class=\"cb-itemprop\" itemprop=\"reviewBody\"><p>Un tavolino in marmo e ferro ispirato al sistema di montaggio dei diamanti. Un pezzo d&#8217;arredamento concepito come una pietra preziosa in cui estetica e funzionalit\u00e0 si uniscono, senza prendere il controllo l&#8217;una sull&#8217;altra. Carati \u00e8 il tavolo ideato da\u00a0<a href=\"http:\/\/www.marioalessiani.com\/\" target=\"\"><b>Mario Alessiani<\/b><\/a>, che \u00e8 stato scelto dalla\u00a0<a href=\"https:\/\/neimdesign.com\/\" target=\"\"><b><span style=\"color: #8064a2;\">Neim Gallery<\/span><\/b><\/a>\u00a0di Edimburgo, che aprir\u00e0 nei prossimi giorni.<\/p>\n<p>Interamente realizzato a mano in Italia, Carati \u00e8 stato creato partendo dall&#8217;idea di avere un rapporto atipico tra le gambe e il piano del tavolo.<\/p>\n<p>Un pezzo che \u00e8 il risultato della poetica di Alessiani &#8220;estraendo la bellezza dalla funzionalit\u00e0&#8221;. La bellezza funzionale \u00e8 l&#8217;idea alla base dell&#8217;ispirazione di Alessiani e del messaggio che accompagna le sue creazioni. Alessiani, che ha 29 anni e ha gi\u00e0 una lunga esperienza nel design, \u00e8 l&#8217;esempio perfetto per capire come un creativo millenario lavora e racconta al mondo il design, appartenente a quella generazione di persone nate negli anni Ottanta che stanno lentamente rivoluzionando le possibilit\u00e0 di produzione per la casa, la moda e il tempo libero.<img decoding=\"async\" class=\"alignnone size-large wp-image-4430\" src=\"http:\/\/www.thesignspeaking.com\/wp-content\/uploads\/2018\/05\/carati-table-mario-alessiani-5786-low-def-1024x683.jpg\" alt=\"\" width=\"1024\" height=\"683\" srcset=\"https:\/\/www.thesignspeaking.com\/wp-content\/uploads\/2018\/05\/carati-table-mario-alessiani-5786-low-def-1024x683.jpg 1024w, https:\/\/www.thesignspeaking.com\/wp-content\/uploads\/2018\/05\/carati-table-mario-alessiani-5786-low-def-300x200.jpg 300w, https:\/\/www.thesignspeaking.com\/wp-content\/uploads\/2018\/05\/carati-table-mario-alessiani-5786-low-def-768x512.jpg 768w, https:\/\/www.thesignspeaking.com\/wp-content\/uploads\/2018\/05\/carati-table-mario-alessiani-5786-low-def-360x240.jpg 360w\" sizes=\"(max-width: 1024px) 100vw, 1024px\" \/> <img decoding=\"async\" class=\"alignnone size-large wp-image-4431\" src=\"http:\/\/www.thesignspeaking.com\/wp-content\/uploads\/2018\/05\/carati-table-mario-alessiani-5562-low-def-1024x683.jpg\" alt=\"\" width=\"1024\" height=\"683\" srcset=\"https:\/\/www.thesignspeaking.com\/wp-content\/uploads\/2018\/05\/carati-table-mario-alessiani-5562-low-def-1024x683.jpg 1024w, https:\/\/www.thesignspeaking.com\/wp-content\/uploads\/2018\/05\/carati-table-mario-alessiani-5562-low-def-300x200.jpg 300w, https:\/\/www.thesignspeaking.com\/wp-content\/uploads\/2018\/05\/carati-table-mario-alessiani-5562-low-def-768x512.jpg 768w, https:\/\/www.thesignspeaking.com\/wp-content\/uploads\/2018\/05\/carati-table-mario-alessiani-5562-low-def-360x240.jpg 360w\" sizes=\"(max-width: 1024px) 100vw, 1024px\" \/> <img decoding=\"async\" class=\"alignnone size-large wp-image-4432\" src=\"http:\/\/www.thesignspeaking.com\/wp-content\/uploads\/2018\/05\/carati-table-mario-alessiani-5613-low-def-1024x683.jpg\" alt=\"\" width=\"1024\" height=\"683\" srcset=\"https:\/\/www.thesignspeaking.com\/wp-content\/uploads\/2018\/05\/carati-table-mario-alessiani-5613-low-def-1024x683.jpg 1024w, https:\/\/www.thesignspeaking.com\/wp-content\/uploads\/2018\/05\/carati-table-mario-alessiani-5613-low-def-300x200.jpg 300w, https:\/\/www.thesignspeaking.com\/wp-content\/uploads\/2018\/05\/carati-table-mario-alessiani-5613-low-def-768x512.jpg 768w, https:\/\/www.thesignspeaking.com\/wp-content\/uploads\/2018\/05\/carati-table-mario-alessiani-5613-low-def-360x240.jpg 360w\" sizes=\"(max-width: 1024px) 100vw, 1024px\" \/> <img decoding=\"async\" class=\"alignnone size-large wp-image-4433\" src=\"http:\/\/www.thesignspeaking.com\/wp-content\/uploads\/2018\/05\/carati-table-mario-alessiani-5632-low-def-1024x683.jpg\" alt=\"\" width=\"1024\" height=\"683\" srcset=\"https:\/\/www.thesignspeaking.com\/wp-content\/uploads\/2018\/05\/carati-table-mario-alessiani-5632-low-def-1024x683.jpg 1024w, https:\/\/www.thesignspeaking.com\/wp-content\/uploads\/2018\/05\/carati-table-mario-alessiani-5632-low-def-300x200.jpg 300w, https:\/\/www.thesignspeaking.com\/wp-content\/uploads\/2018\/05\/carati-table-mario-alessiani-5632-low-def-768x512.jpg 768w, https:\/\/www.thesignspeaking.com\/wp-content\/uploads\/2018\/05\/carati-table-mario-alessiani-5632-low-def-360x240.jpg 360w\" sizes=\"(max-width: 1024px) 100vw, 1024px\" \/> <img decoding=\"async\" class=\"alignnone size-large wp-image-4434\" src=\"http:\/\/www.thesignspeaking.com\/wp-content\/uploads\/2018\/05\/carati-table-mario-alessiani-5634-low-def-1024x684.jpg\" alt=\"\" width=\"1024\" height=\"684\" srcset=\"https:\/\/www.thesignspeaking.com\/wp-content\/uploads\/2018\/05\/carati-table-mario-alessiani-5634-low-def-1024x684.jpg 1024w, https:\/\/www.thesignspeaking.com\/wp-content\/uploads\/2018\/05\/carati-table-mario-alessiani-5634-low-def-300x200.jpg 300w, https:\/\/www.thesignspeaking.com\/wp-content\/uploads\/2018\/05\/carati-table-mario-alessiani-5634-low-def-768x513.jpg 768w, https:\/\/www.thesignspeaking.com\/wp-content\/uploads\/2018\/05\/carati-table-mario-alessiani-5634-low-def-360x240.jpg 360w\" sizes=\"(max-width: 1024px) 100vw, 1024px\" \/><\/p>\n<\/span>","protected":false},"excerpt":{"rendered":"<p>Un tavolino in marmo e ferro ispirato al sistema di montaggio dei diamanti. Un pezzo d&#8217;arredamento concepito come una pietra preziosa in cui estetica e funzionalit\u00e0 si uniscono, senza prendere il controllo l&#8217;una sull&#8217;altra. Carati \u00e8 il tavolo ideato da\u00a0Mario Alessiani, che \u00e8 stato scelto dalla\u00a0Neim Gallery\u00a0di Edimburgo, che aprir\u00e0 nei prossimi giorni. Interamente realizzato [&hellip;]<\/p>\n","protected":false},"author":3,"featured_media":4430,"comment_status":"open","ping_status":"open","sticky":false,"template":"","format":"standard","meta":[],"categories":[21],"tags":[],"_links":{"self":[{"href":"https:\/\/www.thesignspeaking.com\/it\/wp-json\/wp\/v2\/posts\/4429"}],"collection":[{"href":"https:\/\/www.thesignspeaking.com\/it\/wp-json\/wp\/v2\/posts"}],"about":[{"href":"https:\/\/www.thesignspeaking.com\/it\/wp-json\/wp\/v2\/types\/post"}],"author":[{"embeddable":true,"href":"https:\/\/www.thesignspeaking.com\/it\/wp-json\/wp\/v2\/users\/3"}],"replies":[{"embeddable":true,"href":"https:\/\/www.thesignspeaking.com\/it\/wp-json\/wp\/v2\/comments?post=4429"}],"version-history":[{"count":0,"href":"https:\/\/www.thesignspeaking.com\/it\/wp-json\/wp\/v2\/posts\/4429\/revisions"}],"wp:featuredmedia":[{"embeddable":true,"href":"https:\/\/www.thesignspeaking.com\/it\/wp-json\/wp\/v2\/media\/4430"}],"wp:attachment":[{"href":"https:\/\/www.thesignspeaking.com\/it\/wp-json\/wp\/v2\/media?parent=4429"}],"wp:term":[{"taxonomy":"category","embeddable":true,"href":"https:\/\/www.thesignspeaking.com\/it\/wp-json\/wp\/v2\/categories?post=4429"},{"taxonomy":"post_tag","embeddable":true,"href":"https:\/\/www.thesignspeaking.com\/it\/wp-json\/wp\/v2\/tags?post=4429"}],"curies":[{"name":"wp","href":"https:\/\/api.w.org\/{rel}","templated":true}]}}