{"id":4489,"date":"2018-04-20T14:52:19","date_gmt":"2018-04-20T12:52:19","guid":{"rendered":"http:\/\/www.thesignspeaking.com\/?p=4489"},"modified":"2018-05-24T18:53:11","modified_gmt":"2018-05-24T16:53:11","slug":"concentrico-04-international-architecture-and-design-festival","status":"publish","type":"post","link":"https:\/\/www.thesignspeaking.com\/it\/concentrico-04-international-architecture-and-design-festival\/","title":{"rendered":"CONC\u00c9NTRICO 04 &#8211; INTERNATIONAL ARCHITECTURE AND DESIGN FESTIVAL"},"content":{"rendered":"<span class=\"cb-itemprop\" itemprop=\"reviewBody\"><p><a href=\"http:\/\/concentrico.es\/en\/\" target=\"\"><b><span style=\"color: #4f6128;\">Conc\u00e9ntrico 04<\/span><\/b><\/a>, che si svolge dal 27 aprile al 1 maggio 2018, \u00e8 il Festival Internazionale di Architettura e Design di Logro\u00f1o (La Rioja, Spagna) una riflessione sull&#8217;ambiente urbano e sulla citt\u00e0. Il Festival vi invita ad esplorare la citt\u00e0 attraverso installazioni, mostre, discussioni, attivit\u00e0 e spettacoli, creando un collegamento tra luoghi, piazze, strade, terrazze e spazi nascosti che di solito passano inosservati. Molteplici i percorsi suggeriti per uno sguardo non convenzionale sulla citt\u00e0 per risvegliare il desiderio di reclamare la gioia degli spazi e della citt\u00e0.<\/p>\n<p>Quest\u2019anno sono quattordici i team di architetti e designer provenienti dalla Spagna e dall&#8217;estero (Germania, Regno Unito, Repubblica Ceca, Francia, Italia e Argentina) che hanno lavorato per progettare i loro interventi in risposta a ciascuna delle localit\u00e0 proposte: Plastique Fantastique (Berlino), AA Architectural Association Interprofessional Studio (Londra), Jorge Penad\u00e9s (M\u00e1laga), David Bestu\u00e9 (Barcellona), Davide Marchetti (Roma), Collectif Parenth\u00e8se (Parigi), Mj\u00f6lk (Praga), Blurarquitectura (Logro\u00f1o), Jairo Rodr\u00edguez (Burgos), Sebasti\u00e1n Andr\u00e9s Podest\u00e1 e Lucas Ser\u00e9 Pletzer (Buenos Aires), Fernando Cruzado, Julia D\u00edaz, F. Javier Fern\u00e1ndez e Ane Villaverde (Andalusia e Paesi Baschi) e Miriam Alonso, Patricia Ramos e Paula Mena (Madrid).<\/p>\n<p>Le installazioni create dai quattordici team nazionali e internazionali sperimentano nuovi campi di progettazione ambientale. Questo stabilisce un dialogo tra la citt\u00e0, il suo patrimonio e l&#8217;architettura contemporanea, consentendo ai cittadini di riflettere su tutte queste aree. Novit\u00e0 di quest&#8217;anno, la partecipazione della scuola di architettura di San Sebastian.<\/p>\n<p>La mostra e le attivit\u00e0 estendono l&#8217;attenzione a nuovi contesti internazionali, come ad esempio il lavoro dell&#8217;architetto ceco Martin Rajni\u0161, specializzato nelle costruzioni in legno, e Migrant Garden, una riflessione sui processi di migrazione attraverso piccole architetture.<\/p>\n<p>Ad integrazione, le discussioni sulla cura, la ricerca e l&#8217;insegnamento, che incoraggeranno l&#8217;apprendimento e la conversazione interdisciplinare su alcuni degli eventi pi\u00f9 prestigiosi in architettura, design e citt\u00e0, attualmente in corso in paesi come Portogallo, Francia, Polonia e Cile.<\/p>\n<p>La partecipazione della Scuola di Design La Rioja, la scuola associata del festival, comprende la mostra I&#8217;m design, il progetto Places in the Garden nella propria sede, la conferenza con Ang\u00e9lica Barco e il workshop con Caniche, gli editori che saranno presenti anche nella libreria Santos Ochoa insieme a Ediciones Rua, che parteciper\u00e0 al festival da una prospettiva letteraria come parte di Editors in the City.<\/p>\n<p>L&#8217;obiettivo di Conc\u00e9ntrico \u00e8 quello di aprire i luoghi simbolici della citt\u00e0 e reinterpretarli attraverso i diversi team di architettura e design e i loro interventi, con un progetto specifico per ogni punto per rivelare la relazione intima che esiste tra l&#8217;architettura contemporanea e la sua capacit\u00e0 di trasformare la vita delle persone.<\/p>\n<p><b>Installazioni urbane a cura di:<\/b><\/p>\n<p><b>Plastique Fantastique, <\/b>Berl\u00ednEdi cio Instituto Estudios Riojanos IER<\/p>\n<p><b>Architectural Association Interprofessional Studio, <\/b>Londres Calado de San Gregorio, performance up to Plaza del Mercado<\/p>\n<p><b>Davide Marchetti, <\/b>RomaPlaza de la Muralla del Revell\u00edn<\/p>\n<p><b>Jorge Penad\u00e9s, <\/b>M\u00e1laga Courtyard Biblioteca de La Rioja<\/p>\n<p><b>Mj\u00f6lk, <\/b>PragaPlaza de Santa Ana<\/p>\n<p><b>David Bestu\u00e9, <\/b>BarcelonaCourtyard of the Cloister of Santa Maria de Palacio<\/p>\n<p><b>Collectif Parenth\u00e8se, <\/b>Par\u00edsCourtyard of the Cloister of Santa Maria de Palacio<\/p>\n<p><b>Blurarquitectura, <\/b>Logro\u00f1o Around the Church of Santiago<\/p>\n<p><b>Miriam Alonso, Patricia Ramos y Paula Mena, <\/b>Madrid Plaza Escuelas Trevijano<\/p>\n<p><b>Sebasti\u00e1n Andr\u00e9s Podest\u00e1 y Lucas Ser\u00e9 Pletzer<\/b>, Buenos Aires Plaza de San Bartolom\u00e9<\/p>\n<p><b>Fernando Cruzado, Julia D\u00edaz, F. Javier Fern\u00e1ndez y Ane Villaverde, <\/b><\/p>\n<p>Andaluc\u00eda y Pa\u00eds VascoVi\u00f1a Lanciano de Bodegas LAN<\/p>\n<p><b>Jairo Rodr\u00edguez<\/b>, BurgosCourtyard of the Municipal Pilgrims Hostel<\/p>\n<p><b>Escuela Superior de Dise\u00f1o de La Rioja<\/b>, associate school Jardines de la Escuela Superior de Dise\u00f1o de La Rioja<\/p>\n<p><b>Escuela de Arquitectura de San Sebasti\u00e1n<\/b>, invited school Patio de Casa Farias &#8211; C\u00e1ritas\u00a0<img decoding=\"async\" class=\"aligncenter wp-image-4490 size-large\" src=\"http:\/\/www.thesignspeaking.com\/wp-content\/uploads\/2018\/05\/05-mjolk-latern-3--1024x679.jpg\" alt=\"\" width=\"1024\" height=\"679\" srcset=\"https:\/\/www.thesignspeaking.com\/wp-content\/uploads\/2018\/05\/05-mjolk-latern-3--1024x679.jpg 1024w, https:\/\/www.thesignspeaking.com\/wp-content\/uploads\/2018\/05\/05-mjolk-latern-3--300x199.jpg 300w, https:\/\/www.thesignspeaking.com\/wp-content\/uploads\/2018\/05\/05-mjolk-latern-3--768x509.jpg 768w, https:\/\/www.thesignspeaking.com\/wp-content\/uploads\/2018\/05\/05-mjolk-latern-3--100x65.jpg 100w, https:\/\/www.thesignspeaking.com\/wp-content\/uploads\/2018\/05\/05-mjolk-latern-3--360x240.jpg 360w\" sizes=\"(max-width: 1024px) 100vw, 1024px\" \/> <img decoding=\"async\" class=\"aligncenter wp-image-4491 size-large\" src=\"http:\/\/www.thesignspeaking.com\/wp-content\/uploads\/2018\/05\/05-mjolk-latern-2--576x1024.jpg\" alt=\"\" width=\"576\" height=\"1024\" srcset=\"https:\/\/www.thesignspeaking.com\/wp-content\/uploads\/2018\/05\/05-mjolk-latern-2--576x1024.jpg 576w, https:\/\/www.thesignspeaking.com\/wp-content\/uploads\/2018\/05\/05-mjolk-latern-2--169x300.jpg 169w, https:\/\/www.thesignspeaking.com\/wp-content\/uploads\/2018\/05\/05-mjolk-latern-2--768x1365.jpg 768w\" sizes=\"(max-width: 576px) 100vw, 576px\" \/> <img decoding=\"async\" class=\"aligncenter wp-image-4492 size-large\" src=\"http:\/\/www.thesignspeaking.com\/wp-content\/uploads\/2018\/05\/09-amanita-muscaria-pabellon-2--1024x850.jpg\" alt=\"\" width=\"1024\" height=\"850\" srcset=\"https:\/\/www.thesignspeaking.com\/wp-content\/uploads\/2018\/05\/09-amanita-muscaria-pabellon-2--1024x850.jpg 1024w, https:\/\/www.thesignspeaking.com\/wp-content\/uploads\/2018\/05\/09-amanita-muscaria-pabellon-2--300x249.jpg 300w, https:\/\/www.thesignspeaking.com\/wp-content\/uploads\/2018\/05\/09-amanita-muscaria-pabellon-2--768x637.jpg 768w\" sizes=\"(max-width: 1024px) 100vw, 1024px\" \/> <img decoding=\"async\" class=\"aligncenter wp-image-4493 size-large\" src=\"http:\/\/www.thesignspeaking.com\/wp-content\/uploads\/2018\/05\/10-la-plaza-san-bartolome-788x1024.jpg\" alt=\"\" width=\"788\" height=\"1024\" srcset=\"https:\/\/www.thesignspeaking.com\/wp-content\/uploads\/2018\/05\/10-la-plaza-san-bartolome-788x1024.jpg 788w, https:\/\/www.thesignspeaking.com\/wp-content\/uploads\/2018\/05\/10-la-plaza-san-bartolome-231x300.jpg 231w, https:\/\/www.thesignspeaking.com\/wp-content\/uploads\/2018\/05\/10-la-plaza-san-bartolome-768x998.jpg 768w, https:\/\/www.thesignspeaking.com\/wp-content\/uploads\/2018\/05\/10-la-plaza-san-bartolome.jpg 2000w\" sizes=\"(max-width: 788px) 100vw, 788px\" \/> <img decoding=\"async\" class=\"aligncenter wp-image-4494 size-large\" src=\"http:\/\/www.thesignspeaking.com\/wp-content\/uploads\/2018\/05\/11-entrever-vin-a-lanciano-bodegas-lan-2--743x1024.jpg\" alt=\"\" width=\"743\" height=\"1024\" srcset=\"https:\/\/www.thesignspeaking.com\/wp-content\/uploads\/2018\/05\/11-entrever-vin-a-lanciano-bodegas-lan-2--743x1024.jpg 743w, https:\/\/www.thesignspeaking.com\/wp-content\/uploads\/2018\/05\/11-entrever-vin-a-lanciano-bodegas-lan-2--218x300.jpg 218w, https:\/\/www.thesignspeaking.com\/wp-content\/uploads\/2018\/05\/11-entrever-vin-a-lanciano-bodegas-lan-2--768x1058.jpg 768w, https:\/\/www.thesignspeaking.com\/wp-content\/uploads\/2018\/05\/11-entrever-vin-a-lanciano-bodegas-lan-2-.jpg 2000w\" sizes=\"(max-width: 743px) 100vw, 743px\" \/> <img decoding=\"async\" class=\"aligncenter wp-image-4495 size-large\" src=\"http:\/\/www.thesignspeaking.com\/wp-content\/uploads\/2018\/05\/08-blurarquitectura-un-lugar-un-banco-un-arbol-2--1024x613.jpg\" alt=\"\" width=\"1024\" height=\"613\" srcset=\"https:\/\/www.thesignspeaking.com\/wp-content\/uploads\/2018\/05\/08-blurarquitectura-un-lugar-un-banco-un-arbol-2--1024x613.jpg 1024w, https:\/\/www.thesignspeaking.com\/wp-content\/uploads\/2018\/05\/08-blurarquitectura-un-lugar-un-banco-un-arbol-2--300x180.jpg 300w, https:\/\/www.thesignspeaking.com\/wp-content\/uploads\/2018\/05\/08-blurarquitectura-un-lugar-un-banco-un-arbol-2--768x460.jpg 768w\" sizes=\"(max-width: 1024px) 100vw, 1024px\" \/> <img decoding=\"async\" class=\"aligncenter wp-image-4496 size-large\" src=\"http:\/\/www.thesignspeaking.com\/wp-content\/uploads\/2018\/05\/04-jorge-penades-la-chabola-3--1024x724.jpg\" alt=\"\" width=\"1024\" height=\"724\" srcset=\"https:\/\/www.thesignspeaking.com\/wp-content\/uploads\/2018\/05\/04-jorge-penades-la-chabola-3--1024x724.jpg 1024w, https:\/\/www.thesignspeaking.com\/wp-content\/uploads\/2018\/05\/04-jorge-penades-la-chabola-3--300x212.jpg 300w, https:\/\/www.thesignspeaking.com\/wp-content\/uploads\/2018\/05\/04-jorge-penades-la-chabola-3--768x543.jpg 768w\" sizes=\"(max-width: 1024px) 100vw, 1024px\" \/> <img decoding=\"async\" class=\"aligncenter wp-image-4497 size-large\" src=\"http:\/\/www.thesignspeaking.com\/wp-content\/uploads\/2018\/05\/03-davide-marchetti-otravision-2--724x1024.jpg\" alt=\"\" width=\"724\" height=\"1024\" srcset=\"https:\/\/www.thesignspeaking.com\/wp-content\/uploads\/2018\/05\/03-davide-marchetti-otravision-2--724x1024.jpg 724w, https:\/\/www.thesignspeaking.com\/wp-content\/uploads\/2018\/05\/03-davide-marchetti-otravision-2--212x300.jpg 212w, https:\/\/www.thesignspeaking.com\/wp-content\/uploads\/2018\/05\/03-davide-marchetti-otravision-2--768x1086.jpg 768w\" sizes=\"(max-width: 724px) 100vw, 724px\" \/> <img decoding=\"async\" class=\"aligncenter wp-image-4498 size-large\" src=\"http:\/\/www.thesignspeaking.com\/wp-content\/uploads\/2018\/05\/01-plastique-fantastique-ringdeluxe_web-683x1024.jpg\" alt=\"\" width=\"683\" height=\"1024\" srcset=\"https:\/\/www.thesignspeaking.com\/wp-content\/uploads\/2018\/05\/01-plastique-fantastique-ringdeluxe_web-683x1024.jpg 683w, https:\/\/www.thesignspeaking.com\/wp-content\/uploads\/2018\/05\/01-plastique-fantastique-ringdeluxe_web-200x300.jpg 200w, https:\/\/www.thesignspeaking.com\/wp-content\/uploads\/2018\/05\/01-plastique-fantastique-ringdeluxe_web-768x1152.jpg 768w, https:\/\/www.thesignspeaking.com\/wp-content\/uploads\/2018\/05\/01-plastique-fantastique-ringdeluxe_web.jpg 960w\" sizes=\"(max-width: 683px) 100vw, 683px\" \/><\/p>\n<\/span>","protected":false},"excerpt":{"rendered":"<p>Conc\u00e9ntrico 04, che si svolge dal 27 aprile al 1 maggio 2018, \u00e8 il Festival Internazionale di Architettura e Design di Logro\u00f1o (La Rioja, Spagna) una riflessione sull&#8217;ambiente urbano e sulla citt\u00e0. Il Festival vi invita ad esplorare la citt\u00e0 attraverso installazioni, mostre, discussioni, attivit\u00e0 e spettacoli, creando un collegamento tra luoghi, piazze, strade, terrazze [&hellip;]<\/p>\n","protected":false},"author":3,"featured_media":4490,"comment_status":"open","ping_status":"open","sticky":false,"template":"","format":"standard","meta":[],"categories":[11,24],"tags":[],"_links":{"self":[{"href":"https:\/\/www.thesignspeaking.com\/it\/wp-json\/wp\/v2\/posts\/4489"}],"collection":[{"href":"https:\/\/www.thesignspeaking.com\/it\/wp-json\/wp\/v2\/posts"}],"about":[{"href":"https:\/\/www.thesignspeaking.com\/it\/wp-json\/wp\/v2\/types\/post"}],"author":[{"embeddable":true,"href":"https:\/\/www.thesignspeaking.com\/it\/wp-json\/wp\/v2\/users\/3"}],"replies":[{"embeddable":true,"href":"https:\/\/www.thesignspeaking.com\/it\/wp-json\/wp\/v2\/comments?post=4489"}],"version-history":[{"count":0,"href":"https:\/\/www.thesignspeaking.com\/it\/wp-json\/wp\/v2\/posts\/4489\/revisions"}],"wp:featuredmedia":[{"embeddable":true,"href":"https:\/\/www.thesignspeaking.com\/it\/wp-json\/wp\/v2\/media\/4490"}],"wp:attachment":[{"href":"https:\/\/www.thesignspeaking.com\/it\/wp-json\/wp\/v2\/media?parent=4489"}],"wp:term":[{"taxonomy":"category","embeddable":true,"href":"https:\/\/www.thesignspeaking.com\/it\/wp-json\/wp\/v2\/categories?post=4489"},{"taxonomy":"post_tag","embeddable":true,"href":"https:\/\/www.thesignspeaking.com\/it\/wp-json\/wp\/v2\/tags?post=4489"}],"curies":[{"name":"wp","href":"https:\/\/api.w.org\/{rel}","templated":true}]}}