{"id":5318,"date":"2018-02-05T16:04:00","date_gmt":"2018-02-05T15:04:00","guid":{"rendered":"http:\/\/www.thesignspeaking.com\/?p=5318"},"modified":"2018-06-07T13:18:04","modified_gmt":"2018-06-07T11:18:04","slug":"enmadrid-design-festival-redesign-the-world","status":"publish","type":"post","link":"https:\/\/www.thesignspeaking.com\/it\/enmadrid-design-festival-redesign-the-world\/","title":{"rendered":"Madrid Design Festival: Redesign The World"},"content":{"rendered":"<span class=\"cb-itemprop\" itemprop=\"reviewBody\"><p>Il\u00a0<a href=\"http:\/\/madriddesignfestival.com\/en\/\" target=\"\"><b>Madrid Design Festival<\/b><\/a>\u00a0\u00e8 un evento internazionale che nel mese di febbraio trasforma Madrid nella capitale del design portando alla ribalta la citt\u00e0 sulla scena internazionale.<\/p>\n<p>Un progetto diffuso dove tutte le discipline del design, dall&#8217;architettura alla progettazione grafica, dalla comunicazione all&#8217;interior design si mescolano in un formato contemporaneo e innovativo infiltrandosi in ogni angolo della citt\u00e0.<\/p>\n<p><b>Madrid Design Festival<\/b> diventa lo strumento migliore per democratizzare il design e trasmettere l&#8217;importanza di questa disciplina che trasforma le nostre vite ogni giorno. Un linguaggio che pu\u00f2 generare metodologie, cambiare mentalit\u00e0, alterare positivamente il nostro ambiente e, soprattutto, ridisegnare il mondo.<\/p>\n<p>Il festival \u00e8 ricco di proposte ambiziose che collocano il design nel calendario culturale della citt\u00e0, attirando visitatori nazionali e internazionali alle mostre e ai workshop che si terranno in diversi luoghi della capitale. E per farlo, il <b>Madrid Design Festival<\/b> propone un programma interdisciplinare per mostrare le creazioni sia di grandi designer che di giovani professionisti.<\/p>\n<p>Ogni febbraio il festival sar\u00e0 una festa per la citt\u00e0, aprendo una nuova stagione in cui Madrid diventa uno luogo all&#8217;avanguardia nei campi del design e della creativit\u00e0, con eventi riconosciuti a livello mondiale come la\u00a0<a href=\"http:\/\/mbfwmadrid.ifema.es\/\" target=\"\"><b>Mercedes-Benz Fashion Week\u00a0Madrid<\/b><\/a>\u00a0e\u00a0<a href=\"http:\/\/www.ifema.es\/arcomadrid_06\/\" target=\"\"><b>ARCO<\/b><\/a>, la fiera internazionale d&#8217;arte contemporanea.<\/p>\n<p>Ideato e creato da\u00a0<a href=\"http:\/\/www.lafabrica.com\/en\/\" target=\"\"><b>La F\u00e1brica<\/b><\/a>\u00a0sotto la direzione di<b> \u00c1lvaro Mat\u00edas<\/b>, il <b>Madrid Design Festiva<\/b>l ha un comitato consultivo composto da esperti indipendenti specializzati in diversi settori: Fernando Guti\u00e9rrez, Toni Segarra, Ana Dom\u00ednguez-Siemens, Paloma Ca\u00f1izares, Juan Herreros, Alberto Barreiro, Izaskun Chinchilla e Jorge Penad\u00e9s.<\/p>\n<p>Tra gli eventi il <b>Rado Star Prize 2018<\/b> per giovani talenti nel design e la mostra, per la prima volta in Spagna, \u201c<b>Backstage, Jaime Hayon, from the Imaginary to Real<\/b>\u201d, una retrospettiva curata da <b>Ana Dom\u00ednguez Siemens<\/b> delle opere di\u00a0<a href=\"http:\/\/www.hayonstudio.com\/\" target=\"\"><b>Jaime Hayon<\/b><\/a>, uno dei designer pi\u00f9 acclamati della sua generazione. Esposte alcune delle opere che ha creato sia per le installazioni d&#8217;arte che per le aziende per le quali ha lavorato, anche se lo scopo non \u00e8 quello di essere un semplice catalogo di mobili e oggetti. Al contrario, si \u00e8 cercato di esprimere il lato meno conosciuto del processo di produzione, con l&#8217;ambizione di rivelare e spiegare come i prodotti passino dalla finzione alla realt\u00e0, non come per magia, ma attraverso il duro lavoro e la dedizione di uomini d&#8217;affari e artisti che, a stretto contatto con il designer &#8211; nel rispetto della sua filosofia e con la determinazione di tradurlo con la tecnologia o a mano, modificando, correggendo, aggiungendo, rischiando, rimuovendo, migliorando &#8211; consente ai pezzi di venire alla luce. <b>Jaime Hayon<\/b> ha una particolare predilezione per i materiali puri come legno, vetro e ceramica, e una vasta conoscenza della produzione artigianale, in cui pone particolare enfasi sul suo personale impegno per rilanciare e rivitalizzare &#8211; e non lasciar morire o scivolare in disuso &#8211; le tecniche tradizionali di lavorazione artigianale che sono in pericolo di estinzione e per i quali sente un profondo rispetto.<\/p>\n<p><img decoding=\"async\" class=\"alignnone size-full wp-image-9770\" src=\"http:\/\/www.thesignspeaking.com\/wp-content\/uploads\/2018\/02\/madame_curie1_joslyn_omaha_mg_1094.jpg\" alt=\"\" width=\"720\" height=\"480\" srcset=\"https:\/\/www.thesignspeaking.com\/wp-content\/uploads\/2018\/02\/madame_curie1_joslyn_omaha_mg_1094.jpg 720w, https:\/\/www.thesignspeaking.com\/wp-content\/uploads\/2018\/02\/madame_curie1_joslyn_omaha_mg_1094-300x200.jpg 300w, https:\/\/www.thesignspeaking.com\/wp-content\/uploads\/2018\/02\/madame_curie1_joslyn_omaha_mg_1094-360x240.jpg 360w\" sizes=\"(max-width: 720px) 100vw, 720px\" \/> <img decoding=\"async\" class=\"alignnone size-large wp-image-9771\" src=\"http:\/\/www.thesignspeaking.com\/wp-content\/uploads\/2018\/02\/una-monta-a-en-la-luna-2-1024x681.jpg\" alt=\"\" width=\"1024\" height=\"681\" srcset=\"https:\/\/www.thesignspeaking.com\/wp-content\/uploads\/2018\/02\/una-monta-a-en-la-luna-2-1024x681.jpg 1024w, https:\/\/www.thesignspeaking.com\/wp-content\/uploads\/2018\/02\/una-monta-a-en-la-luna-2-300x199.jpg 300w, https:\/\/www.thesignspeaking.com\/wp-content\/uploads\/2018\/02\/una-monta-a-en-la-luna-2-768x511.jpg 768w, https:\/\/www.thesignspeaking.com\/wp-content\/uploads\/2018\/02\/una-monta-a-en-la-luna-2-360x240.jpg 360w, https:\/\/www.thesignspeaking.com\/wp-content\/uploads\/2018\/02\/una-monta-a-en-la-luna-2.jpg 1029w\" sizes=\"(max-width: 1024px) 100vw, 1024px\" \/> <img decoding=\"async\" class=\"alignnone size-large wp-image-9772\" src=\"http:\/\/www.thesignspeaking.com\/wp-content\/uploads\/2018\/02\/una-monta-a-en-la-luna3-1024x609.jpg\" alt=\"\" width=\"1024\" height=\"609\" srcset=\"https:\/\/www.thesignspeaking.com\/wp-content\/uploads\/2018\/02\/una-monta-a-en-la-luna3-1024x609.jpg 1024w, https:\/\/www.thesignspeaking.com\/wp-content\/uploads\/2018\/02\/una-monta-a-en-la-luna3-300x178.jpg 300w, https:\/\/www.thesignspeaking.com\/wp-content\/uploads\/2018\/02\/una-monta-a-en-la-luna3-768x457.jpg 768w, https:\/\/www.thesignspeaking.com\/wp-content\/uploads\/2018\/02\/una-monta-a-en-la-luna3.jpg 1029w\" sizes=\"(max-width: 1024px) 100vw, 1024px\" \/> <img decoding=\"async\" class=\"alignnone size-large wp-image-9773\" src=\"http:\/\/www.thesignspeaking.com\/wp-content\/uploads\/2018\/02\/maskhayon_02a-1024x683.jpg\" alt=\"\" width=\"1024\" height=\"683\" srcset=\"https:\/\/www.thesignspeaking.com\/wp-content\/uploads\/2018\/02\/maskhayon_02a-1024x683.jpg 1024w, https:\/\/www.thesignspeaking.com\/wp-content\/uploads\/2018\/02\/maskhayon_02a-300x200.jpg 300w, https:\/\/www.thesignspeaking.com\/wp-content\/uploads\/2018\/02\/maskhayon_02a-768x512.jpg 768w, https:\/\/www.thesignspeaking.com\/wp-content\/uploads\/2018\/02\/maskhayon_02a-360x240.jpg 360w, https:\/\/www.thesignspeaking.com\/wp-content\/uploads\/2018\/02\/maskhayon_02a.jpg 1348w\" sizes=\"(max-width: 1024px) 100vw, 1024px\" \/> <img decoding=\"async\" class=\"alignnone size-large wp-image-9774\" src=\"http:\/\/www.thesignspeaking.com\/wp-content\/uploads\/2018\/02\/gardenias_vase.jpg\" alt=\"\" width=\"641\" height=\"859\" srcset=\"https:\/\/www.thesignspeaking.com\/wp-content\/uploads\/2018\/02\/gardenias_vase.jpg 641w, https:\/\/www.thesignspeaking.com\/wp-content\/uploads\/2018\/02\/gardenias_vase-224x300.jpg 224w\" sizes=\"(max-width: 641px) 100vw, 641px\" \/> <img decoding=\"async\" class=\"alignnone size-large wp-image-9775\" src=\"http:\/\/www.thesignspeaking.com\/wp-content\/uploads\/2018\/02\/mon-cirque-black-1024x768.jpg\" alt=\"\" width=\"1024\" height=\"768\" srcset=\"https:\/\/www.thesignspeaking.com\/wp-content\/uploads\/2018\/02\/mon-cirque-black-1024x768.jpg 1024w, https:\/\/www.thesignspeaking.com\/wp-content\/uploads\/2018\/02\/mon-cirque-black-300x225.jpg 300w, https:\/\/www.thesignspeaking.com\/wp-content\/uploads\/2018\/02\/mon-cirque-black-768x576.jpg 768w, https:\/\/www.thesignspeaking.com\/wp-content\/uploads\/2018\/02\/mon-cirque-black.jpg 1134w\" sizes=\"(max-width: 1024px) 100vw, 1024px\" \/><\/p>\n<\/span>","protected":false},"excerpt":{"rendered":"<p>Il\u00a0Madrid Design Festival\u00a0\u00e8 un evento internazionale che nel mese di febbraio trasforma Madrid nella capitale del design portando alla ribalta la citt\u00e0 sulla scena internazionale. Un progetto diffuso dove tutte le discipline del design, dall&#8217;architettura alla progettazione grafica, dalla comunicazione all&#8217;interior design si mescolano in un formato contemporaneo e innovativo infiltrandosi in ogni angolo della [&hellip;]<\/p>\n","protected":false},"author":3,"featured_media":9770,"comment_status":"closed","ping_status":"open","sticky":false,"template":"","format":"standard","meta":[],"categories":[11],"tags":[],"_links":{"self":[{"href":"https:\/\/www.thesignspeaking.com\/it\/wp-json\/wp\/v2\/posts\/5318"}],"collection":[{"href":"https:\/\/www.thesignspeaking.com\/it\/wp-json\/wp\/v2\/posts"}],"about":[{"href":"https:\/\/www.thesignspeaking.com\/it\/wp-json\/wp\/v2\/types\/post"}],"author":[{"embeddable":true,"href":"https:\/\/www.thesignspeaking.com\/it\/wp-json\/wp\/v2\/users\/3"}],"replies":[{"embeddable":true,"href":"https:\/\/www.thesignspeaking.com\/it\/wp-json\/wp\/v2\/comments?post=5318"}],"version-history":[{"count":0,"href":"https:\/\/www.thesignspeaking.com\/it\/wp-json\/wp\/v2\/posts\/5318\/revisions"}],"wp:featuredmedia":[{"embeddable":true,"href":"https:\/\/www.thesignspeaking.com\/it\/wp-json\/wp\/v2\/media\/9770"}],"wp:attachment":[{"href":"https:\/\/www.thesignspeaking.com\/it\/wp-json\/wp\/v2\/media?parent=5318"}],"wp:term":[{"taxonomy":"category","embeddable":true,"href":"https:\/\/www.thesignspeaking.com\/it\/wp-json\/wp\/v2\/categories?post=5318"},{"taxonomy":"post_tag","embeddable":true,"href":"https:\/\/www.thesignspeaking.com\/it\/wp-json\/wp\/v2\/tags?post=5318"}],"curies":[{"name":"wp","href":"https:\/\/api.w.org\/{rel}","templated":true}]}}