{"id":5338,"date":"2017-07-26T08:40:00","date_gmt":"2017-07-26T06:40:00","guid":{"rendered":"http:\/\/www.thesignspeaking.com\/?p=5338"},"modified":"2018-06-07T16:11:00","modified_gmt":"2018-06-07T14:11:00","slug":"ensalonesatellite-is-preparing-for-an-international-autumn-season","status":"publish","type":"post","link":"https:\/\/www.thesignspeaking.com\/it\/ensalonesatellite-is-preparing-for-an-international-autumn-season\/","title":{"rendered":"SaloneSatellite is preparing for an international autumn season"},"content":{"rendered":"<span class=\"cb-itemprop\" itemprop=\"reviewBody\"><p>Il\u00a0<a href=\"http:\/\/www.salonemilano.it\/manifestazioni\/salone-satellite.html\" target=\"_blank\" rel=\"noopener\">SaloneSatellite<\/a>,\u00a0che ha celebrato in aprile vent\u2019anni, si prepara ad una stagione autunnale internazionale: in ordine di tempo, la 13a edizione del\u00a0<a href=\"http:\/\/www.salonemilano.it\/manifestazioni\/prossime-manifestazioni\/i-saloni-worldWide-moscow.html\" target=\"_blank\" rel=\"noopener\">SaloneSatellite WorldWide Moscow<\/a>\u00a0si svolger\u00e0 dall\u201911 al 14 ottobre 2017 presso il\u00a0<a href=\"http:\/\/eng.crocus-expo.ru\/\" target=\"_blank\" rel=\"noopener\">Crocus Expo di Mosca<\/a>,\u00a0nell\u2019ambito di quella che si riconferma come la pi\u00f9 importante manifestazione &#8211; organizzata da\u00a0<a href=\"http:\/\/www.federlegnoarredo.it\/it\/federazione\/societa-controllate\/federlegno-arredo-eventi-spa\" target=\"_blank\" rel=\"noopener\">Federlegno Arredo Eventi<\/a>\u00a0con la collaborazione di\u00a0<a href=\"http:\/\/www.ice.gov.it\/\" target=\"_blank\" rel=\"noopener\">ICE<\/a>,\u00a0Agenzia per la promozione all\u2019estero e l\u2019internazionalizzazione delle imprese italiane &#8211; sul territorio russo dedicata all\u2019arredamento e ai complementi. Lo scorso anno ha coinvolto 44 giovani designer russi e delle ex Repubbliche sovietiche alcuni dei quali sono stati poi invitati al SaloneSatellite di Milano.<\/p>\n<p>La seconda edizione del SaloneSatellite legato al\u00a0<a href=\"http:\/\/www.salonemilano.it\/manifestazioni\/prossime-manifestazioni\/salone-del-mobile.shanghai.html\" target=\"_blank\" rel=\"noopener\">Salone del Mobile.Milano Shanghai<\/a>\u00a0si terr\u00e0 invece dal 23 al 25 novembre prossimo sempre al\u00a0<a href=\"http:\/\/www.shzlzx.com.cn\/\" target=\"_blank\" rel=\"noopener\">SEC (Shanghai Exhibition Center)<\/a>\u00a0e si preannuncia un evento importante grazie alla presenza di oltre cento marchi italiani, in numero pi\u00f9 che raddoppiato rispetto alla prima edizione, e un\u2019area espositiva notevolmente pi\u00f9 grande, in risposta al grande entusiasmo e interesse dimostrato dal mercato cinese per il design Made in Italy. Dedicato ai giovani designer under 35 selezionati da una giuria di professionisti, il SaloneSatellite ha lo scopo di incoraggiare la creativit\u00e0 delle nuove generazioni, dimostrata da giovani designer cinesi anche a Milano dove hanno vinto primo e secondo premio e una menzione speciale.<\/p>\n<p>Abbiamo rivolto qualche domanda a Marva Griffin Wilshire che dal 1998 si occupa di supportare i pi\u00f9 promettenti under 35 nella loro carriera mettendoli in contatto diretto con gli espositori del Salone in quello che \u00e8 diventato un luogo d\u2019incontro e di scambio tra imprenditori e nuovi talenti. E trampolino di lancio per molti designer che oggi sono star internazionali.<\/p>\n<p>Marva lei crede molto ai giovani e alle loro capacit\u00e0. Tuttavia il Design comincia a mostrare la necessit\u00e0 di un trasferimento delle esperienze pi\u00f9 colto e completo. Si imita molto il lavoro dei grandi maestri per suggestione estetica pi\u00f9 che per cultura del progetto. Si pu\u00f2 riconquistare un maggior controllo del prodotto e ridare contenuto alla parola Design?<\/p>\n<p><i>Credo che il Design serio si sia sempre occupato di cultura del progetto, ovvero di ricerca progettuale partendo da un\u2019idea e cercando di svilupparla attraverso il confronto con gli imprenditori e le maestranze.\u00a0<\/i><i>La parola design \u00e8 sicuramente molto inflazionata ed \u00e8 per questo che tema dell\u2019allestimento di questa 20a edizione \u00e8 stato proprio il design. \u201cDesign is&#8230;?\u201d, questo il titolo esatto \u00e8 una domanda aperta, attuale e cruciale. Non chiede risposte ma apre a nuove riflessioni sul valore dei processi e dei progetti: un invito, dunque, a misurarsi sulla capacit\u00e0 di ascolto e dialogo con un pubblico sempre pi\u00f9 maturo, attento a nuove esigenze, sollecitato dai traguardi della ricerca di nuove soluzioni, tangibili e intangibili, individuali e collettive, in grado di restituirci un futuro migliore. Anche nell\u2019abitare. Il progresso tecnologico e l\u2019evoluzione del web, negli ultimi anni, stanno ridefinendo i paradigmi della progettazione, aprendo al design nuovi campi di azione: dalla ricerca avanzata sui materiali al design delle interfacce, dal design di servizi alla prototipazione rapida. In questo scenario complesso e multiforme, l\u2019industrial design guarda al futuro, cercando di rispondere a nuovi bisogni e desideri, in un dialogo costante con un mondo in trasformazione.\u00a0<\/i><\/p>\n<p>Quali sono i vantaggi di Milano nei confronti delle altre grandi citt\u00e0 del Design?<\/p>\n<p><i>Milano ha dietro di s\u00e9 un distretto del mobile attivo da secoli, quello della Brianza. Nessun\u2019altra citt\u00e0 al mondo ha questo valore aggiunto che \u00e8 decisamente la sua forza.<\/i><\/p>\n<p>Cosa hanno fatto del suo SaloneSatellite e pi\u00f9 in generale delle attivit\u00e0 fuori salone esperienze uniche al mondo?<\/p>\n<p><i>Il SaloneSatellite \u00e8 stato il primo evento in assoluto a occuparsi dei giovani, a valorizzarli e aiutarli. Portare i giovani all\u2019interno di una manifestazione cos\u00ec importante come il Salone del Mobile e dargli la possibilit\u00e0 di incontrare gli imprenditori del settore, unitamente alla visibilit\u00e0 della stampa, \u00e8 stata veramente una grande intuizione che solo oggi possiamo valutare in prospettiva. Tutto il resto \u2013 intendo i vari saloni o manifestazioni dedicati a giovani nati presso altre fiere o come eventi indipendenti nelle principali citt\u00e0 europee e non solo &#8211; \u00e8 una copia, o comunque, ha preso spunto dal SaloneSatellite.<\/i><\/p>\n<p>Lei individua delle caratteristiche particolari nel design italiano? Quali sono?<\/p>\n<p><i>L\u2019identit\u00e0 dell\u2019eccellenza italiana si basa innanzitutto sulla tradizione artigiana e poi sulla tecnologia, innovazione, creativit\u00e0, stile, senso del bello e legame con il territorio, un saper fare che ci rende unici in un\u2019Europa sempre meno manifatturiera. La forza del sistema produttivo Italiano risiede nella integrit\u00e0 della filiera composta da tanti piccoli imprenditori capaci di lavorare con passione e dedizione su nicchie di prodotto ad altissimo livello garantendo la possibilit\u00e0 di portare sul mercato eccellenze uniche che sono il risultato della combinazione di tecnologica, innovazione e, appunto, artigianalit\u00e0.<\/i><\/p>\n<p><i>Per la 16a edizione del SaloneSatellite avevo creato come tema \u201cDesign e artigianato: insieme per l\u2019industria\u201d, riflesso di una sensibilit\u00e0 collettiva a certe tematiche, che rispondeva al bisogno che i giovani designer sentivano (e sentono ancora oggi): integrare la tradizione dell\u2019artigianato con le moderne possibilit\u00e0 che offrono la progettazione e la produzione industriale. Due \u201cstorici\u201d artigiani di Cant\u00f9, un maestro vetraio ex partecipante del SaloneSatellite e un tecnico di un laboratorio digitale si erano alternati in quattro botteghe \u2013 Legno, Metallo, Vetro e Digitale \u2013 con dimostrazioni varie, interagendo con il pubblico, invitandolo a fornire idee da realizzare sul posto.\u00a0<\/i><\/p>\n<p><i>L\u2019anno successivo il tema \u00e8 stato riproposto in \u201cdesign, innovazione + artigianalit\u00e0\u201d e altre quattro botteghe artigiane e altri quattro abili maestri \u2013 del Tessile, della Ceramica, della Pelle e del Digitale \u2013 hanno mostrato ai visitatori come nascono, crescono e si evolvono i prodotti, per poi arrivare nelle nostre case.<\/i><\/p>\n<p>Le sembra, tornando al tema del trasferimento di esperienza che il livello della formazione delle scuole e universit\u00e0 italiane sia adeguato a mantenere un primato?<\/p>\n<p><i><span style=\"color: #c0504d;\">Mio malgrado, essendo anche io cittadina italiana, mi spiace dover dire che le scuole italiane e universit\u00e0 non sono assolutamente competitive a livello internazionale, forse perch\u00e9 ancora ancorate alla filosofia crociana e non legate invece alla pratica, alla sperimentazione, alla concretezza.<\/span><\/i><img decoding=\"async\" class=\"alignnone size-large wp-image-9892\" src=\"http:\/\/www.thesignspeaking.com\/wp-content\/uploads\/2017\/07\/marva-griffin-1024x683.jpg\" alt=\"\" width=\"1024\" height=\"683\" srcset=\"https:\/\/www.thesignspeaking.com\/wp-content\/uploads\/2017\/07\/marva-griffin-1024x683.jpg 1024w, https:\/\/www.thesignspeaking.com\/wp-content\/uploads\/2017\/07\/marva-griffin-300x200.jpg 300w, https:\/\/www.thesignspeaking.com\/wp-content\/uploads\/2017\/07\/marva-griffin-768x512.jpg 768w, https:\/\/www.thesignspeaking.com\/wp-content\/uploads\/2017\/07\/marva-griffin-360x240.jpg 360w, https:\/\/www.thesignspeaking.com\/wp-content\/uploads\/2017\/07\/marva-griffin.jpg 2048w\" sizes=\"(max-width: 1024px) 100vw, 1024px\" \/> <img decoding=\"async\" class=\"alignnone size-large wp-image-9893\" src=\"http:\/\/www.thesignspeaking.com\/wp-content\/uploads\/2017\/07\/alvaro-diaz-hernandez-salone-satellite-2017-1-1024x1024.jpg\" alt=\"\" width=\"1024\" height=\"1024\" srcset=\"https:\/\/www.thesignspeaking.com\/wp-content\/uploads\/2017\/07\/alvaro-diaz-hernandez-salone-satellite-2017-1-1024x1024.jpg 1024w, https:\/\/www.thesignspeaking.com\/wp-content\/uploads\/2017\/07\/alvaro-diaz-hernandez-salone-satellite-2017-1-150x150.jpg 150w, https:\/\/www.thesignspeaking.com\/wp-content\/uploads\/2017\/07\/alvaro-diaz-hernandez-salone-satellite-2017-1-300x300.jpg 300w, https:\/\/www.thesignspeaking.com\/wp-content\/uploads\/2017\/07\/alvaro-diaz-hernandez-salone-satellite-2017-1-768x768.jpg 768w, https:\/\/www.thesignspeaking.com\/wp-content\/uploads\/2017\/07\/alvaro-diaz-hernandez-salone-satellite-2017-1-125x125.jpg 125w, https:\/\/www.thesignspeaking.com\/wp-content\/uploads\/2017\/07\/alvaro-diaz-hernandez-salone-satellite-2017-1.jpg 1200w\" sizes=\"(max-width: 1024px) 100vw, 1024px\" \/> <img decoding=\"async\" class=\"alignnone size-large wp-image-9894\" src=\"http:\/\/www.thesignspeaking.com\/wp-content\/uploads\/2017\/07\/noon_designbytank_tnk-1024x634.jpg\" alt=\"\" width=\"1024\" height=\"634\" srcset=\"https:\/\/www.thesignspeaking.com\/wp-content\/uploads\/2017\/07\/noon_designbytank_tnk-1024x634.jpg 1024w, https:\/\/www.thesignspeaking.com\/wp-content\/uploads\/2017\/07\/noon_designbytank_tnk-300x186.jpg 300w, https:\/\/www.thesignspeaking.com\/wp-content\/uploads\/2017\/07\/noon_designbytank_tnk-768x476.jpg 768w, https:\/\/www.thesignspeaking.com\/wp-content\/uploads\/2017\/07\/noon_designbytank_tnk.jpg 1200w\" sizes=\"(max-width: 1024px) 100vw, 1024px\" \/> <img decoding=\"async\" class=\"alignnone size-large wp-image-9895\" src=\"http:\/\/www.thesignspeaking.com\/wp-content\/uploads\/2017\/07\/sun_wall_light_cooper_photo-by-tom-mcinnes-1024x683.jpg\" alt=\"\" width=\"1024\" height=\"683\" srcset=\"https:\/\/www.thesignspeaking.com\/wp-content\/uploads\/2017\/07\/sun_wall_light_cooper_photo-by-tom-mcinnes-1024x683.jpg 1024w, https:\/\/www.thesignspeaking.com\/wp-content\/uploads\/2017\/07\/sun_wall_light_cooper_photo-by-tom-mcinnes-300x200.jpg 300w, https:\/\/www.thesignspeaking.com\/wp-content\/uploads\/2017\/07\/sun_wall_light_cooper_photo-by-tom-mcinnes-768x512.jpg 768w, https:\/\/www.thesignspeaking.com\/wp-content\/uploads\/2017\/07\/sun_wall_light_cooper_photo-by-tom-mcinnes-360x240.jpg 360w, https:\/\/www.thesignspeaking.com\/wp-content\/uploads\/2017\/07\/sun_wall_light_cooper_photo-by-tom-mcinnes.jpg 1200w\" sizes=\"(max-width: 1024px) 100vw, 1024px\" \/> <img decoding=\"async\" class=\"alignnone size-large wp-image-9896\" src=\"http:\/\/www.thesignspeaking.com\/wp-content\/uploads\/2017\/07\/salone-satellite-andre-teoman-5--1024x702.jpg\" alt=\"\" width=\"1024\" height=\"702\" srcset=\"https:\/\/www.thesignspeaking.com\/wp-content\/uploads\/2017\/07\/salone-satellite-andre-teoman-5--1024x702.jpg 1024w, https:\/\/www.thesignspeaking.com\/wp-content\/uploads\/2017\/07\/salone-satellite-andre-teoman-5--300x206.jpg 300w, https:\/\/www.thesignspeaking.com\/wp-content\/uploads\/2017\/07\/salone-satellite-andre-teoman-5--768x527.jpg 768w, https:\/\/www.thesignspeaking.com\/wp-content\/uploads\/2017\/07\/salone-satellite-andre-teoman-5-.jpg 1200w\" sizes=\"(max-width: 1024px) 100vw, 1024px\" \/> <img decoding=\"async\" class=\"alignnone size-large wp-image-9897\" src=\"http:\/\/www.thesignspeaking.com\/wp-content\/uploads\/2017\/07\/copia-di-simsalabim_03-1024x681.jpg\" alt=\"\" width=\"1024\" height=\"681\" srcset=\"https:\/\/www.thesignspeaking.com\/wp-content\/uploads\/2017\/07\/copia-di-simsalabim_03-1024x681.jpg 1024w, https:\/\/www.thesignspeaking.com\/wp-content\/uploads\/2017\/07\/copia-di-simsalabim_03-300x200.jpg 300w, https:\/\/www.thesignspeaking.com\/wp-content\/uploads\/2017\/07\/copia-di-simsalabim_03-768x511.jpg 768w, https:\/\/www.thesignspeaking.com\/wp-content\/uploads\/2017\/07\/copia-di-simsalabim_03-360x240.jpg 360w, https:\/\/www.thesignspeaking.com\/wp-content\/uploads\/2017\/07\/copia-di-simsalabim_03.jpg 1200w\" sizes=\"(max-width: 1024px) 100vw, 1024px\" \/> <img decoding=\"async\" class=\"alignnone size-large wp-image-9898\" src=\"http:\/\/www.thesignspeaking.com\/wp-content\/uploads\/2017\/07\/luomo_overviwe_photo_by_annikki_valomieli-1024x768.jpg\" alt=\"\" width=\"1024\" height=\"768\" srcset=\"https:\/\/www.thesignspeaking.com\/wp-content\/uploads\/2017\/07\/luomo_overviwe_photo_by_annikki_valomieli-1024x768.jpg 1024w, https:\/\/www.thesignspeaking.com\/wp-content\/uploads\/2017\/07\/luomo_overviwe_photo_by_annikki_valomieli-300x225.jpg 300w, https:\/\/www.thesignspeaking.com\/wp-content\/uploads\/2017\/07\/luomo_overviwe_photo_by_annikki_valomieli-768x576.jpg 768w, https:\/\/www.thesignspeaking.com\/wp-content\/uploads\/2017\/07\/luomo_overviwe_photo_by_annikki_valomieli.jpg 1200w\" sizes=\"(max-width: 1024px) 100vw, 1024px\" \/> <img decoding=\"async\" class=\"alignnone size-large wp-image-9899\" src=\"http:\/\/www.thesignspeaking.com\/wp-content\/uploads\/2017\/07\/float-design-by-chi-hong--1024x683.jpg\" alt=\"\" width=\"1024\" height=\"683\" srcset=\"https:\/\/www.thesignspeaking.com\/wp-content\/uploads\/2017\/07\/float-design-by-chi-hong--1024x683.jpg 1024w, https:\/\/www.thesignspeaking.com\/wp-content\/uploads\/2017\/07\/float-design-by-chi-hong--300x200.jpg 300w, https:\/\/www.thesignspeaking.com\/wp-content\/uploads\/2017\/07\/float-design-by-chi-hong--768x512.jpg 768w, https:\/\/www.thesignspeaking.com\/wp-content\/uploads\/2017\/07\/float-design-by-chi-hong--360x240.jpg 360w, https:\/\/www.thesignspeaking.com\/wp-content\/uploads\/2017\/07\/float-design-by-chi-hong-.jpg 1200w\" sizes=\"(max-width: 1024px) 100vw, 1024px\" \/> <img decoding=\"async\" class=\"alignnone size-large wp-image-9900\" src=\"http:\/\/www.thesignspeaking.com\/wp-content\/uploads\/2017\/07\/dsc_2482-1024x741.jpg\" alt=\"\" width=\"1024\" height=\"741\" srcset=\"https:\/\/www.thesignspeaking.com\/wp-content\/uploads\/2017\/07\/dsc_2482-1024x741.jpg 1024w, https:\/\/www.thesignspeaking.com\/wp-content\/uploads\/2017\/07\/dsc_2482-300x217.jpg 300w, https:\/\/www.thesignspeaking.com\/wp-content\/uploads\/2017\/07\/dsc_2482-768x556.jpg 768w, https:\/\/www.thesignspeaking.com\/wp-content\/uploads\/2017\/07\/dsc_2482.jpg 1200w\" sizes=\"(max-width: 1024px) 100vw, 1024px\" \/> <img decoding=\"async\" class=\"alignnone size-large wp-image-9901\" src=\"http:\/\/www.thesignspeaking.com\/wp-content\/uploads\/2017\/07\/domino_fabrizio-averna-1024x1024.jpg\" alt=\"\" width=\"1024\" height=\"1024\" srcset=\"https:\/\/www.thesignspeaking.com\/wp-content\/uploads\/2017\/07\/domino_fabrizio-averna-1024x1024.jpg 1024w, https:\/\/www.thesignspeaking.com\/wp-content\/uploads\/2017\/07\/domino_fabrizio-averna-150x150.jpg 150w, https:\/\/www.thesignspeaking.com\/wp-content\/uploads\/2017\/07\/domino_fabrizio-averna-300x300.jpg 300w, https:\/\/www.thesignspeaking.com\/wp-content\/uploads\/2017\/07\/domino_fabrizio-averna-768x768.jpg 768w, https:\/\/www.thesignspeaking.com\/wp-content\/uploads\/2017\/07\/domino_fabrizio-averna-125x125.jpg 125w, https:\/\/www.thesignspeaking.com\/wp-content\/uploads\/2017\/07\/domino_fabrizio-averna.jpg 1200w\" sizes=\"(max-width: 1024px) 100vw, 1024px\" \/> <img decoding=\"async\" class=\"alignnone size-full wp-image-9902\" src=\"http:\/\/www.thesignspeaking.com\/wp-content\/uploads\/2017\/07\/cinco-chair_e_surface_by-francisco-guerra.jpg\" alt=\"\" width=\"1000\" height=\"872\" srcset=\"https:\/\/www.thesignspeaking.com\/wp-content\/uploads\/2017\/07\/cinco-chair_e_surface_by-francisco-guerra.jpg 1000w, https:\/\/www.thesignspeaking.com\/wp-content\/uploads\/2017\/07\/cinco-chair_e_surface_by-francisco-guerra-300x262.jpg 300w, https:\/\/www.thesignspeaking.com\/wp-content\/uploads\/2017\/07\/cinco-chair_e_surface_by-francisco-guerra-768x670.jpg 768w\" sizes=\"(max-width: 1000px) 100vw, 1000px\" \/> <img decoding=\"async\" class=\"alignnone size-large wp-image-9903\" src=\"http:\/\/www.thesignspeaking.com\/wp-content\/uploads\/2017\/07\/1_satellite_bonpart_highres-724x1024.jpeg\" alt=\"\" width=\"724\" height=\"1024\" srcset=\"https:\/\/www.thesignspeaking.com\/wp-content\/uploads\/2017\/07\/1_satellite_bonpart_highres-724x1024.jpeg 724w, https:\/\/www.thesignspeaking.com\/wp-content\/uploads\/2017\/07\/1_satellite_bonpart_highres-212x300.jpeg 212w, https:\/\/www.thesignspeaking.com\/wp-content\/uploads\/2017\/07\/1_satellite_bonpart_highres-768x1086.jpeg 768w, https:\/\/www.thesignspeaking.com\/wp-content\/uploads\/2017\/07\/1_satellite_bonpart_highres.jpeg 905w\" sizes=\"(max-width: 724px) 100vw, 724px\" \/><\/p>\n<\/span>","protected":false},"excerpt":{"rendered":"<p>Il\u00a0SaloneSatellite,\u00a0che ha celebrato in aprile vent\u2019anni, si prepara ad una stagione autunnale internazionale: in ordine di tempo, la 13a edizione del\u00a0SaloneSatellite WorldWide Moscow\u00a0si svolger\u00e0 dall\u201911 al 14 ottobre 2017 presso il\u00a0Crocus Expo di Mosca,\u00a0nell\u2019ambito di quella che si riconferma come la pi\u00f9 importante manifestazione &#8211; organizzata da\u00a0Federlegno Arredo Eventi\u00a0con la collaborazione di\u00a0ICE,\u00a0Agenzia per la promozione [&hellip;]<\/p>\n","protected":false},"author":3,"featured_media":9892,"comment_status":"closed","ping_status":"open","sticky":false,"template":"","format":"standard","meta":[],"categories":[7,24],"tags":[],"_links":{"self":[{"href":"https:\/\/www.thesignspeaking.com\/it\/wp-json\/wp\/v2\/posts\/5338"}],"collection":[{"href":"https:\/\/www.thesignspeaking.com\/it\/wp-json\/wp\/v2\/posts"}],"about":[{"href":"https:\/\/www.thesignspeaking.com\/it\/wp-json\/wp\/v2\/types\/post"}],"author":[{"embeddable":true,"href":"https:\/\/www.thesignspeaking.com\/it\/wp-json\/wp\/v2\/users\/3"}],"replies":[{"embeddable":true,"href":"https:\/\/www.thesignspeaking.com\/it\/wp-json\/wp\/v2\/comments?post=5338"}],"version-history":[{"count":0,"href":"https:\/\/www.thesignspeaking.com\/it\/wp-json\/wp\/v2\/posts\/5338\/revisions"}],"wp:featuredmedia":[{"embeddable":true,"href":"https:\/\/www.thesignspeaking.com\/it\/wp-json\/wp\/v2\/media\/9892"}],"wp:attachment":[{"href":"https:\/\/www.thesignspeaking.com\/it\/wp-json\/wp\/v2\/media?parent=5338"}],"wp:term":[{"taxonomy":"category","embeddable":true,"href":"https:\/\/www.thesignspeaking.com\/it\/wp-json\/wp\/v2\/categories?post=5338"},{"taxonomy":"post_tag","embeddable":true,"href":"https:\/\/www.thesignspeaking.com\/it\/wp-json\/wp\/v2\/tags?post=5338"}],"curies":[{"name":"wp","href":"https:\/\/api.w.org\/{rel}","templated":true}]}}